{"id":3293,"date":"2020-09-26T19:23:12","date_gmt":"2020-09-26T19:23:12","guid":{"rendered":"http:\/\/intranet.asbl.ca\/blog\/?p=3293"},"modified":"2020-09-21T17:43:50","modified_gmt":"2020-09-21T17:43:50","slug":"virginie-efira-mabrouk-rencontre","status":"publish","type":"post","link":"http:\/\/intranet.asbl.ca\/blog\/2020\/09\/26\/virginie-efira-mabrouk-rencontre\/","title":{"rendered":"Virginie Efira Mabrouk Rencontre"},"content":{"rendered":"<p> Exclusif-Rencontre avec Virginie Efira sur la terrasse Publicis lors du 4e Champs Elys\u00e9es FIlm Festival \u00e0 Paris le 15 juin 2015.-Purepeople <img decoding=\"async\" src=\"http:\/\/sf1.viepratique.fr\/wp-content\/uploads\/sites\/4\/2018\/05\/6-corentin-talisso-365x200.png\" alt=\"virginie efira mabrouk rencontre\" align=\"right\"> Tous les lundis, mon T\u00e9l\u00e9 Star chez moi. Je mabonne! Enfant, jai grandi avec lenvie de faire du cin\u00e9ma. Apr\u00e8s, il y a eu le r\u00e9el. Parfois, quand on a un tr\u00e8s grand d\u00e9sir, on le sacralise, on pense ne pas \u00eatre \u00e0 la hauteur. C\u0327a handicape. C\u00e9tait comme un paradis perdu. Cest autre chose qui est arriv\u00e9, il a fallu y trouver du bon. Il y a toujours eu en moi une forme de r\u00e9sistance : je savais que je navais pas pris le bon chemin, jattendais le moment o\u00f9 je naurais plus peur de me planter, a d\u00e9taill\u00e9 lactrice, qui encha\u00eene d\u00e9sormais les r\u00f4les \u00e0 succ\u00e8s. Portrait de Virginie Efira, \u00e0 laffiche de Sibyl-Marie Claire Ah non, je nai pas un temp\u00e9rament pour cela! Autant je fr\u00e9quente de grands d\u00e9pressifs, et cest quelque chose que je peux comprendre, autant je nai pas cette m\u00e9lancolie en moi. Et puis jai ce c\u00f4t\u00e9 belge \u00e0 tout relativiser. Peut-\u00eatre trop, parfois! Elle rit. Lactrice de 40 ans, s\u00e9par\u00e9e de Mabrouk El Mechri, le r\u00e9alisateur avec qui elle a eu une fille en mai 2013, aurait rencontr\u00e9 lacteur franco-canadien de 30 ans sur le tournage de ladaptation du r\u00e9cit autobiographique de Christine Angot par la r\u00e9alisatrice Catherine Corsini. Ce ne sont pas vingt comme dans le film 20 ans d\u00e9cart o\u00f9 Virginie Efira jouait une quadrag\u00e9naire pr\u00eate \u00e0 tout pour s\u00e9duire un jeune \u00e9tudiant interpr\u00e9t\u00e9 par, mais dix ans, donc, qui s\u00e9parent les deux acteurs. 10 choses que vous ne savez peut-\u00eatre pas sur Virginie Efira Lann\u00e9e derni\u00e8re, Niels Schneider a remport\u00e9 le C\u00e9sar du meilleur espoir masculin pour son interpr\u00e9tation de Pier Ulmann dans le film dArthur Harari, Diamant noir. Ajoutez cet article \u00e0 vos favoris en cliquant sur ce bouton! Jai compris! Virginie Efira : Forc\u00e9e \u00e0 chanter la Marseillaise!-France Dimanche Trois anciens invit\u00e9s, Marianne James, et, \u00e9voquent leurs meilleurs moments dans l\u00e9mission face \u00e0 Fr\u00e9d\u00e9ric Lopez. <img decoding=\"async\" src=\"http:\/\/puortaldovt.cf\/cache\/avatars\/107995_1526804455_fr.png\" alt=\"virginie efira mabrouk rencontre\" align=\"right\">  Il a \u00e9galement jou\u00e9 le r\u00f4le du petit-ami infid\u00e8le de Coeur de pirate dans le clip Adieu.  5. Dorigine Belge, elle a \u00e9t\u00e9 naturalis\u00e9e Fran\u00e7aise <img decoding=\"async\" src=\"http:\/\/www.nocnif.cf\/11542-thickbox_default\/set-de-2-corbeilles-deco-ananas.jpg\" alt=\"virginie efira mabrouk rencontre\" align=\"center\"> Et par la suite, il lui a fait d\u00e9couvrir tous les documentaires consacr\u00e9s au plus c\u00e9l\u00e8bre des boxeurs, Mohamed Ali. On ne pouvait pas lappeler autrement, a-t-elle expliqu\u00e9 dans Paris Match. Le contexte politique a h\u00e9las bien chang\u00e9 depuis. Mabrouk El Mechri est un r\u00e9alisateur fran\u00e7ais dorigine franco-tunisienne. Il est n\u00e9 le 18 septembre 1976 \u00e0 Versailles. Passionn\u00e9 par les livres et surtout la BD, il souhaite devenir \u00e9crivain. Nachevant aucun des livres quil commence \u00e0 \u00e9crire, il se tourne finalement vers le m\u00e9tier de metteur en sc\u00e8ne. Cest l\u00e0 que d\u00e9marre sa carri\u00e8re dans le cin\u00e9ma, qui le passionne. Virginie Efira amoureuse : sa tendre d\u00e9claration \u00e0 Niels Schneider : Femme Actuelle Le MAG.<\/p>\n","protected":false},"excerpt":{"rendered":"<p>virginie efira mabrouk rencontre<\/p>\n","protected":false},"author":1,"featured_media":0,"comment_status":"closed","ping_status":"closed","sticky":false,"template":"","format":"standard","meta":{"footnotes":""},"categories":[1],"tags":[],"_links":{"self":[{"href":"http:\/\/intranet.asbl.ca\/blog\/wp-json\/wp\/v2\/posts\/3293"}],"collection":[{"href":"http:\/\/intranet.asbl.ca\/blog\/wp-json\/wp\/v2\/posts"}],"about":[{"href":"http:\/\/intranet.asbl.ca\/blog\/wp-json\/wp\/v2\/types\/post"}],"author":[{"embeddable":true,"href":"http:\/\/intranet.asbl.ca\/blog\/wp-json\/wp\/v2\/users\/1"}],"replies":[{"embeddable":true,"href":"http:\/\/intranet.asbl.ca\/blog\/wp-json\/wp\/v2\/comments?post=3293"}],"version-history":[{"count":1,"href":"http:\/\/intranet.asbl.ca\/blog\/wp-json\/wp\/v2\/posts\/3293\/revisions"}],"predecessor-version":[{"id":3294,"href":"http:\/\/intranet.asbl.ca\/blog\/wp-json\/wp\/v2\/posts\/3293\/revisions\/3294"}],"wp:attachment":[{"href":"http:\/\/intranet.asbl.ca\/blog\/wp-json\/wp\/v2\/media?parent=3293"}],"wp:term":[{"taxonomy":"category","embeddable":true,"href":"http:\/\/intranet.asbl.ca\/blog\/wp-json\/wp\/v2\/categories?post=3293"},{"taxonomy":"post_tag","embeddable":true,"href":"http:\/\/intranet.asbl.ca\/blog\/wp-json\/wp\/v2\/tags?post=3293"}],"curies":[{"name":"wp","href":"https:\/\/api.w.org\/{rel}","templated":true}]}}