{"id":3317,"date":"2020-09-26T14:43:00","date_gmt":"2020-09-26T14:43:00","guid":{"rendered":"http:\/\/intranet.asbl.ca\/blog\/?p=3317"},"modified":"2020-09-21T18:31:46","modified_gmt":"2020-09-21T18:31:46","slug":"rencontre-malmo","status":"publish","type":"post","link":"http:\/\/intranet.asbl.ca\/blog\/2020\/09\/26\/rencontre-malmo\/","title":{"rendered":"Rencontre Malmo"},"content":{"rendered":"<p>LA 27E R\u00c9GION HABITE \u00c0 LA HALLE BELLEVILLE 27, rue Piat, 75020 Paris Du lundi au vendredi, de 9h \u00e0 18h  of 10 for its cargo traffics and 11 for its passenger traffics. \u00c0 compter de la collection North Sails printemps-\u00e9t\u00e9 2018, nous allons Premier but Le Besiktas entamait la rencontre le mors aux dents. \u00c7agdas Atan, apr\u00e8s une premi\u00e8re tentative, permettait \u00e0 Youla douvrir le score \u00e0 la 28e minute. Ce dernier reprenait un centre vicieux de laile gauche et le propulsait dans les filets adverses. Des affiches annoncent le concours de lEurovision, dans les rues de Malm\u00f6 Su\u00e8de, le 16 mai. JOHN MACDOUGALL AFP Les ascenseurs, les escaliers m\u00e9caniques et les trottoirs roulants de Schindler, d\u00e9velopp\u00e9s en Suisse, maintiennent le monde urbain en mouvement, en toute s\u00e9curit\u00e9, confortablement et efficacement, 24h24 et 7j7 dans le monde entier. La boulange est sur les nerfs, il na pas d\u00e9jeun\u00e9 et est tr\u00e8s aigri. On sarr\u00eate finalement dans un esp\u00e8ce de starbucks local. <img decoding=\"async\" src=\"http:\/\/www.xmarkjenkinsx.com\/images\/nochild.jpg\" alt=\"rencontre malmo\" align=\"center\"> Que de questions pratiques mais ce sont des points qui font peur et qui nous emp\u00eachent de vivre pleinement. Nous sommes de retour pour un second num\u00e9ro de notre podcast. Apr\u00e8s l\u00e9pisode 1 sur le Royaume-Uni, nous nous attaquons \u00e0 lAllemagne.  <img decoding=\"async\" src=\"http:\/\/www.greatplacetowork.qa\/storage\/images\/slides\/Best%20Workplaces%20in%20Asia%202017.jpeg\" alt=\"rencontre malmo\" align=\"center\"> H\u0160K Zrinjski Mostar Malm\u00f6 FF r\u00e9sultats en direct-SofaScore H\u0160K Zrinjski Mostar-Malm\u00f6 FF R\u00e9sultats en direct, vid\u00e9o diffusion et Face-\u00e0-face r\u00e9sultats  Le p\u00f4le AXELERA accompagne ses adh\u00e9rents, dans leur innovation ainsi que leur d\u00e9veloppement \u00e9conomique et international. Outsiders de la rencontre, les Su\u00e9dois sont cot\u00e9s \u00e0 2.75 pour la victoire. <img decoding=\"async\" src=\"http:\/\/www.exquicity.be\/media\/8114\/folderMalmo.jpg\" alt=\"rencontre malmo\" align=\"left\"> 2020 18072019 C3 Ballymena United 0-4 Malm\u00f6 FF D\u00e9sol\u00e9e, nous ne pouvons par trouver term. Veuillez r\u00e9essayer. Malgr\u00e9 une faute de main et une grosse b\u00e9vue qui ont co\u00fbt\u00e9 deux points \u00e0 son \u00e9quipe, le gardien de but allemand du PSG Kevin Trapp est titulaire ce mardi soir au Parc des Princes pour la rencontre contre Malm\u00f6, en Ligue des Champions. PSG-Malm\u00f6: Blanc a-t-il raison de faire confiance \u00e0 Trapp?<\/p>\n","protected":false},"excerpt":{"rendered":"<p>rencontre malmo<\/p>\n","protected":false},"author":1,"featured_media":0,"comment_status":"closed","ping_status":"closed","sticky":false,"template":"","format":"standard","meta":{"footnotes":""},"categories":[1],"tags":[],"_links":{"self":[{"href":"http:\/\/intranet.asbl.ca\/blog\/wp-json\/wp\/v2\/posts\/3317"}],"collection":[{"href":"http:\/\/intranet.asbl.ca\/blog\/wp-json\/wp\/v2\/posts"}],"about":[{"href":"http:\/\/intranet.asbl.ca\/blog\/wp-json\/wp\/v2\/types\/post"}],"author":[{"embeddable":true,"href":"http:\/\/intranet.asbl.ca\/blog\/wp-json\/wp\/v2\/users\/1"}],"replies":[{"embeddable":true,"href":"http:\/\/intranet.asbl.ca\/blog\/wp-json\/wp\/v2\/comments?post=3317"}],"version-history":[{"count":1,"href":"http:\/\/intranet.asbl.ca\/blog\/wp-json\/wp\/v2\/posts\/3317\/revisions"}],"predecessor-version":[{"id":3318,"href":"http:\/\/intranet.asbl.ca\/blog\/wp-json\/wp\/v2\/posts\/3317\/revisions\/3318"}],"wp:attachment":[{"href":"http:\/\/intranet.asbl.ca\/blog\/wp-json\/wp\/v2\/media?parent=3317"}],"wp:term":[{"taxonomy":"category","embeddable":true,"href":"http:\/\/intranet.asbl.ca\/blog\/wp-json\/wp\/v2\/categories?post=3317"},{"taxonomy":"post_tag","embeddable":true,"href":"http:\/\/intranet.asbl.ca\/blog\/wp-json\/wp\/v2\/tags?post=3317"}],"curies":[{"name":"wp","href":"https:\/\/api.w.org\/{rel}","templated":true}]}}