{"id":3409,"date":"2020-09-26T15:00:55","date_gmt":"2020-09-26T15:00:55","guid":{"rendered":"http:\/\/intranet.asbl.ca\/blog\/?p=3409"},"modified":"2020-09-21T20:44:55","modified_gmt":"2020-09-21T20:44:55","slug":"rencontre-anar","status":"publish","type":"post","link":"http:\/\/intranet.asbl.ca\/blog\/2020\/09\/26\/rencontre-anar\/","title":{"rendered":"Rencontre Anar"},"content":{"rendered":"<p>Les Editions La M\u00e9moire et la Mer avec Universal publient L\u00e9o Ferr\u00e9 Mai 1968, un coffret de trois CD comprenant notamment lenregistrement dun concert in\u00e9dit donn\u00e9 par lartiste anarchiste le 10 mai 1968 \u00e0 la Mutualit\u00e9. L\u00e9o Ferr\u00e9 fut le seul artiste de sa g\u00e9n\u00e9ration \u00e0 \u00eatre reconnu comme lun des siens par le mouvement contestataire. La rencontre \u00e9tait in\u00e9vitable. L\u00e9o Ferr\u00e9 en 1978 ROBERT PICARD Ina La r\u00e9volution de 1917 a eu un grand impact non seulement sur le mouvement socialiste marxiste rupture des davec les, mais \u00e9galement sur le. En effet les deux principaux courants rivaux de lanarchisme dans les ann\u00e9es qui suivent sont dirig\u00e9s principalement par deux russes, et, et leurs d\u00e9bats sont marqu\u00e9s par lexp\u00e9rience de lann\u00e9e 1917 BREUIL. Il est compos\u00e9 en fait de deux grottes distinctes  Cest dans cet esprit de solidarit\u00e9 et dentraide que nous appelons tous les anarchistes, libertaires et anti-autoritaires \u00e0 nous rejoindre pour la cr\u00e9ation dun r\u00e9seau d\u00e9change, de partage des informations, de projets et de solidarit\u00e9 entre les anarchistes de la M\u00e9diterran\u00e9e. Effectivement, le genre litt\u00e9raire est le m\u00eame, mais sappuie sur un m\u00e9canisme contraire. Mais les autres livres d\u00e9gageaient des atmosph\u00e8res de retrait du monde. Ici, au contraire, l\u00e9criture est plut\u00f4t \u00e0 l\u00e9coute de la rue, du pr\u00e9sent. Il sagit plus danalyses psychologiques que de moments bruts. Dans La Premi\u00e8re gorg\u00e9e de bi\u00e8re, le pronom on permettait de partager. Dans La sieste assassin\u00e9e, c\u00e9tait d\u00e9j\u00e0 plus partag\u00e9 : je discutais avec mes \u00e9l\u00e8ves, et le livre suscitait chez eux des r\u00e9actions de partage, mais aussi dautres radicalement inverses. <img decoding=\"async\" src=\"http:\/\/www.cause.55thstwines.co\/1316-home_default\/shots-de-collagene-marin-et-acide-hyaluronique.jpg\" alt=\"rencontre anar\" align=\"right\">  Le petit magazine qui ne se laisse pas caresser dans le sens du poil N. : Cest l\u00e0, partout ; cest vraiment en toile de fond. Sur chaque mur, il y a ces tags. C\u00e9tait important dincarner aussi le quartier et de faire une r\u00e9f\u00e9rence directe aux artistes qui sont derri\u00e8re. Cest un peu la dynamique du livre : aller voir au-del\u00e0 de la premi\u00e8re impression quon peut avoir. Le fait de cibler les gens qui sont effectivement actifs l\u00e0-bas, c\u00e9tait une mani\u00e8re de faire \u00e7a. Ils seront contents d\u00eatre dans la BD! Rire LA REPRODUCTION ET LA DIFFUSION DE CETTE FEUILLE SONT VIVEMENT SOUHAIT\u00c9ES Je nai pas tout compris mais jai pris vraiment beaucoup de plaisir \u00e0 travailler avec toi \u200d Pour lhistorien 1881-1943, sp\u00e9cialis\u00e9 dans les recherches sur les pers\u00e9cutions et sur les pogromes en Russie :.. Sous r\u00e9serve des t\u00e9moignages exacts qui pourront marriver dans lavenir : une arm\u00e9e est toujours une arm\u00e9e, quelle quelle soit. Toute arm\u00e9e commet, fatalement, des actes bl\u00e2mables et r\u00e9pr\u00e9hensibles.. Larm\u00e9e makhnoviste ne fait pas exception \u00e0 cette r\u00e8gle. Elle a commis, elle aussi, des actes r\u00e9pr\u00e9hensibles.. Mais.. Dans lensemble, lattitude de larm\u00e9e de Makhno nest pas \u00e0 comparer avec celle des autres arm\u00e9es qui ont op\u00e9r\u00e9 en Russie pendant les \u00e9v\u00e9nements de 1917-1921. Je puis vous certifier deux faits, dune fa\u00e7on absolument formelle. 1-Il est incontestable que parmi toutes ces arm\u00e9es, y compris lArm\u00e9e rouge, cest larm\u00e9e de Makhno qui sest comport\u00e9e le mieux \u00e0 l\u00e9gard de la population civile en g\u00e9n\u00e9ral et de la population juive en particulier. Jai l\u00e0-dessus de nombreux t\u00e9moignages irr\u00e9futables. La proportion des plaintes justifi\u00e9es contre larm\u00e9e makhnoviste, en comparaison avec dautres, est de peu dimportance. 2-Ne parlons pas des pogromes soi-disant organis\u00e9s ou favoris\u00e9s par Makhno lui-m\u00eame. Cest une calomnie ou une erreur. Rien de cela nexiste. Quant \u00e0 larm\u00e9e makhnoviste comme telle, jai eu des indications et des d\u00e9nonciations pr\u00e9cises \u00e0 ce sujet. Mais, jusqu\u00e0 ce jour au moins, chaque fois que jai voulu contr\u00f4ler les faits, jai \u00e9t\u00e9 oblig\u00e9 de constater qu\u00e0 la date indiqu\u00e9e aucun d\u00e9tachement makhnoviste ne pouvait se trouver au lieu indiqu\u00e9, toute larm\u00e9e se trouvant loin de l\u00e0. Cherchant des pr\u00e9cisions, j\u00e9tablissais ce fait, chaque fois, avec une certitude absolue : au lieu et \u00e0 la date du pogrome, aucun d\u00e9tachement makhnoviste nop\u00e9rait ni ne se trouvait dans les parages. Pas une fois je ne pus constater la pr\u00e9sence dune unit\u00e9 makhnoviste \u00e0 lendroit o\u00f9 un pogrome juif eut lieu. Par cons\u00e9quent le pogrome ne fut pas l\u0153uvre des makhnovistes. The memory of what was done in Lubya, like the memory of all the other abominable acts that preceded it, will forever disgrace its destructive perpetrators. Les \u00e9quipes dirigeantes: d\u00e9j\u00e0 la formule me pla\u00eet pas-28 janvier: participation \u00e0 lAG du CIRA-Limousin \u00e0 Limoges. <img decoding=\"async\" src=\"http:\/\/static.independent.co.uk\/s3fs-public\/thumbnails\/image\/2014\/11\/16\/23\/20-Alice-Liddell-Getty.jpg\" alt=\"rencontre anar\" align=\"center\"> Il sera temps une fois ce funeste moment pass\u00e9 de nous d\u00e9barrasser de ceux qui depuis des ann\u00e9es tuent la solidarit\u00e9, vendent tout au priv\u00e9 et mettent \u00e0 mal la protection sociale et sanitaire. Nous les sortirons aussi s\u00fbrement que nous laurons fait avec le coronavirus. Et nous serons particuli\u00e8rement vigilantes et vigilants, apr\u00e8s la crise, face aux mesures liberticides et r\u00e9pressives qui, nen doutons pas, nous serons pr\u00e9sent\u00e9es une fois de plus comme n\u00e9cessaires. En compl\u00e9ment de lensemble Il faut relire consacr\u00e9 \u00e0 l\u00e9crivain <img decoding=\"async\" src=\"http:\/\/www.ephemanar.net\/images\/carra_galli.jpg\" alt=\"rencontre anar\" align=\"right\"> Un personnage cite aussi le chanteur contestataire Nikolas Asimosnbsp;: nbsp;Sans drapeau, sans id\u00e9es et sans solutions, journ\u00e9es d\u00e9guis\u00e9es en saveur de nuit.. Mon \u00e2me d\u00e9sormais vole vers linfinie oisivet\u00e9nbsp;.span Asimos est mort il y a presque 30 ansnbsp;; les grandes figures du pass\u00e9 sont encore fort pr\u00e9sentes \u00e0 Exarche\u00efanbsp;?spanp  AMIS DE LAIT EN SUISSE. Su\u00e8de : la SAC et le r\u00e9formisme libertaire. CNT-AIT Les camarades du groupe de Chamb\u00e9ry de la FA avaient organis\u00e9 la rentr\u00e9e anarchiste dans un bar de la ville, r\u00e9unissant une soixantaine de personnes. Vers 23h, 15 fachos se sont plant\u00e9s en face du bar. Les participants \u00e0 la soir\u00e9e ont r\u00e9ussi, avec les moyens du bord, \u00e0 les faire reculer, mais avec comme r\u00e9sultat deux bless\u00e9s \u00e0 lh\u00f4pital dont un militant de la CNT et dautres bless\u00e9s l\u00e9gers. La BAC a d\u00e9barqu\u00e9 quelques minutes apr\u00e8s, mais uniquement pour proc\u00e9der \u00e0 un contr\u00f4le didentit\u00e9. Cette agression fasciste est une premi\u00e8re \u00e0 Chamb\u00e9ry. Mais le pouvoir des Silmarils est puissant. Et le jugement de F\u00ebanor est alt\u00e9r\u00e9. Il tombe petit \u00e0 petit dans la parano\u00efa, pensant que tout le monde veut voler ses cr\u00e9ations. Anarchiste : D\u00e9finition simple et facile du dictionnaire.<\/p>\n","protected":false},"excerpt":{"rendered":"<p>rencontre anar<\/p>\n","protected":false},"author":1,"featured_media":0,"comment_status":"closed","ping_status":"closed","sticky":false,"template":"","format":"standard","meta":{"footnotes":""},"categories":[1],"tags":[],"_links":{"self":[{"href":"http:\/\/intranet.asbl.ca\/blog\/wp-json\/wp\/v2\/posts\/3409"}],"collection":[{"href":"http:\/\/intranet.asbl.ca\/blog\/wp-json\/wp\/v2\/posts"}],"about":[{"href":"http:\/\/intranet.asbl.ca\/blog\/wp-json\/wp\/v2\/types\/post"}],"author":[{"embeddable":true,"href":"http:\/\/intranet.asbl.ca\/blog\/wp-json\/wp\/v2\/users\/1"}],"replies":[{"embeddable":true,"href":"http:\/\/intranet.asbl.ca\/blog\/wp-json\/wp\/v2\/comments?post=3409"}],"version-history":[{"count":1,"href":"http:\/\/intranet.asbl.ca\/blog\/wp-json\/wp\/v2\/posts\/3409\/revisions"}],"predecessor-version":[{"id":3410,"href":"http:\/\/intranet.asbl.ca\/blog\/wp-json\/wp\/v2\/posts\/3409\/revisions\/3410"}],"wp:attachment":[{"href":"http:\/\/intranet.asbl.ca\/blog\/wp-json\/wp\/v2\/media?parent=3409"}],"wp:term":[{"taxonomy":"category","embeddable":true,"href":"http:\/\/intranet.asbl.ca\/blog\/wp-json\/wp\/v2\/categories?post=3409"},{"taxonomy":"post_tag","embeddable":true,"href":"http:\/\/intranet.asbl.ca\/blog\/wp-json\/wp\/v2\/tags?post=3409"}],"curies":[{"name":"wp","href":"https:\/\/api.w.org\/{rel}","templated":true}]}}