{"id":3537,"date":"2020-09-26T08:09:53","date_gmt":"2020-09-26T08:09:53","guid":{"rendered":"http:\/\/intranet.asbl.ca\/blog\/?p=3537"},"modified":"2020-09-22T00:07:56","modified_gmt":"2020-09-22T00:07:56","slug":"lire-une-etrange-rencontre","status":"publish","type":"post","link":"http:\/\/intranet.asbl.ca\/blog\/2020\/09\/26\/lire-une-etrange-rencontre\/","title":{"rendered":"Lire Une \u00c9trange Rencontre"},"content":{"rendered":"<p> A sadapter bien s\u00fbr aux int\u00e9r\u00eats de loligarchie et du capital. <img decoding=\"async\" src=\"http:\/\/3.bp.blogspot.com\/-fLNZieN-IM0\/T7a2IHMcshI\/AAAAAAAAALs\/6qLQJG8dKm4\/s1600\/2012-05-17+09.56.26.jpg\" alt=\"lire une \u00e9trange rencontre\" align=\"center\"> Conseils et M\u00e9thodologie Bac : \u00e0 lire \u00e9galement Bac : actualit\u00e9s En riant, il me d\u00e9barrasse de ma veste, sac et g\u00e2teau en me demandant si jai bien pens\u00e9 \u00e0 lui en lachetant. Afin de d\u00e9terminer quelles parties du site sont les plus int\u00e9ressantes pour nos visiteurs, nous essayons de mesurer continuellement, en utilisant entre autres le logiciel dun tiers, le nombre de visiteurs sur notre site et quels articles sont les plus consult\u00e9s. Pour ce faire, nous utilisons des cookies. Recommander des articles int\u00e9ressants en fonction des articles d\u00e9j\u00e0 lus <img decoding=\"async\" src=\"http:\/\/www.igs-ecoles.com\/wp-content\/uploads\/2018\/03\/SLIDE_SITE_HUBRH2.jpg\" alt=\"lire une \u00e9trange rencontre\" align=\"right\"> La direction de Brussels Airlines va pousser davantage de personnel de bord \u00e0 accepter un r\u00e9gime saisonnier avec du travail \u00e0 100 en \u00e9t\u00e9 et \u00e0 60 en hiver. BELGA 23 Maurice Gaudefroy-Demombynes, Mahomet, Paris, Albin Michel, 1969 1 re \u00e9dition 1957, p 209. Lauteure fait le r\u00e9cit de la rencontre entre Juifs, Grecs et Romains et en commente les changements profonds et durables. D\u00e8s lintroduction de son livre Une \u00e9 Lauteure fait le r\u00e9cit de la rencontre entre Juifs, Grecs et Romains et en commente les changements profonds et durables. D\u00e8s lintroduction de son livre Une \u00e9 Si les autorit\u00e9s officielles nont rien confirm\u00e9, les deux clubs ont pris la peine de publier une d\u00e9claration en soulignant que rien dillicite navait \u00e9t\u00e9 commis. Jaime les livres et jai eu la chance den faire mon m\u00e9tier, mais la vie nous r\u00e9serve dautres voyages tous aussi agr\u00e9ables \u00e0 partager.. En cas de sympt\u00f4mes \u00e9vocateurs ou de fi\u00e8vre 37.8C ou plus, lenfant ne devra pas se rendre \u00e0 l\u00e9cole et les parents devront prendre avis aupr\u00e8s du m\u00e9decin traitant pour d\u00e9cider des mesures \u00e0 prendre ;  Chou\u00eate lAfrique nest pas attaqu\u00e9 par le virus du covid 19 quelle chance..Les Africains de tous pays vont donc fuir la France&#8230; Avez-vous entendu, ma ch\u00e8re? Un voyant.. Dit lhomme en retenant le rire : Continue, continue, mon gar\u00e7on, cela mamuse. Les d\u00e9placements sont autoris\u00e9s autour du domicile. Au-del\u00e0, une attestation- est exig\u00e9e pour justifier un motif imp\u00e9rieux, familial ou professionnel. Les fronti\u00e8res sont closes jusquau 15 juin. <img decoding=\"async\" src=\"http:\/\/ekladata.com\/cexiG_gAqntub8dA1svN_1_MfM0.jpg\" alt=\"lire une \u00e9trange rencontre\" align=\"center\"> La Gr\u00e8ce a de son c\u00f4t\u00e9 rouvert ses plages priv\u00e9es mais \u00e0 condition l\u00e0 aussi de respecter des r\u00e8gles strictes, dont linterdiction de poser son parasol \u00e0 moins de quatre m\u00e8tres de son voisin. Les plages publiques avaient rouvert le 4 mai. La maladie se manifeste par plusieurs sympt\u00f4mes. Dans 9 cas sur 10, cela se traduit par une fi\u00e8vre inf\u00e9rieure \u00e0 39C. Dapr\u00e8s lOrganisation mondiale de la sant\u00e9, cette fi\u00e8vre est le plus souvent accompagn\u00e9e dun \u00e9tat de fatigue, de signes d essoufflement et dune toux s\u00e8che 7. Que faire en cas de sympt\u00f4mes?  Les enfants qui font des dessins pour les \u00e9boueurs, soignants Compte rendu du livre Une \u00e9trange rencontre: Juifs, Grecs et Romains de Nathalie Cohen La Montagne des dieuxLa Montagne des dieux Le jeudi de cette semaine mon p\u00e8re rentre me prend dans ses bras en entamant quelques pas de danse il me fait tournoyer Vous \u00eates abonn\u00e9 au magazine dans sa version papier? Mais la situation sappr\u00eate \u00e0 changer. En 1897, apr\u00e8s plus de 10 ans de travail, l\u00e9crivain britannique Bram Stoker l\u00e8ve le voile sur Dracula, un roman \u00e9pistolaire parmi les plus vendus au monde. Gr\u00e2ce au cin\u00e9ma, Dracula et par le fait m\u00eame, le vampire sera \u00e9lev\u00e9 au rang de figure culte. Nous continuons \u00e0 discuter, sur un sujet ou \u00e9videmment nous ne sommes encore pas sur la m\u00eame longueur donde.<\/p>\n","protected":false},"excerpt":{"rendered":"<p>lire une \u00e9trange rencontre<\/p>\n","protected":false},"author":1,"featured_media":0,"comment_status":"closed","ping_status":"closed","sticky":false,"template":"","format":"standard","meta":{"footnotes":""},"categories":[1],"tags":[],"_links":{"self":[{"href":"http:\/\/intranet.asbl.ca\/blog\/wp-json\/wp\/v2\/posts\/3537"}],"collection":[{"href":"http:\/\/intranet.asbl.ca\/blog\/wp-json\/wp\/v2\/posts"}],"about":[{"href":"http:\/\/intranet.asbl.ca\/blog\/wp-json\/wp\/v2\/types\/post"}],"author":[{"embeddable":true,"href":"http:\/\/intranet.asbl.ca\/blog\/wp-json\/wp\/v2\/users\/1"}],"replies":[{"embeddable":true,"href":"http:\/\/intranet.asbl.ca\/blog\/wp-json\/wp\/v2\/comments?post=3537"}],"version-history":[{"count":1,"href":"http:\/\/intranet.asbl.ca\/blog\/wp-json\/wp\/v2\/posts\/3537\/revisions"}],"predecessor-version":[{"id":3538,"href":"http:\/\/intranet.asbl.ca\/blog\/wp-json\/wp\/v2\/posts\/3537\/revisions\/3538"}],"wp:attachment":[{"href":"http:\/\/intranet.asbl.ca\/blog\/wp-json\/wp\/v2\/media?parent=3537"}],"wp:term":[{"taxonomy":"category","embeddable":true,"href":"http:\/\/intranet.asbl.ca\/blog\/wp-json\/wp\/v2\/categories?post=3537"},{"taxonomy":"post_tag","embeddable":true,"href":"http:\/\/intranet.asbl.ca\/blog\/wp-json\/wp\/v2\/tags?post=3537"}],"curies":[{"name":"wp","href":"https:\/\/api.w.org\/{rel}","templated":true}]}}