{"id":3587,"date":"2020-09-26T08:29:29","date_gmt":"2020-09-26T08:29:29","guid":{"rendered":"http:\/\/intranet.asbl.ca\/blog\/?p=3587"},"modified":"2020-09-22T01:25:45","modified_gmt":"2020-09-22T01:25:45","slug":"rencontre-bresil-argentine","status":"publish","type":"post","link":"http:\/\/intranet.asbl.ca\/blog\/2020\/09\/26\/rencontre-bresil-argentine\/","title":{"rendered":"Rencontre Br\u00e9sil Argentine"},"content":{"rendered":"<p>Alors, pour conclure : vous le rappeliez, on conna\u00eet ce foss\u00e9 qui existe entre les Br\u00e9silienNEs, cellesceux des quartiers ais\u00e9s et cellesceux des quartiers tr\u00e8s pauvres. Vous en parliez, les favelas En quoi finalement cette crise du Covid-19 va encore davantage creuser ce foss\u00e9? Le jour suivant, d\u00e9part pour Sao Paulo afin de nous envoler pour Caracas, au V\u00e9n\u00e9zuela! <img decoding=\"async\" src=\"http:\/\/www.chroniquestactiques.fr\/wp-content\/uploads\/Passes-tente%CC%81es-dans-le-dernier-tiers-et-de-passes-re%CC%81ussies-dans-le-dernier-tiers-Coupe-du-Monde-2018-phase-de-poules.png\" alt=\"rencontre br\u00e9sil argentine\" align=\"center\"> R\u00e9sultat et r\u00e9sum\u00e9 Br\u00e9sil-Argentine, Matches amicaux A, 13112019 2019-2020, Vendredi 15 Novembre 2019-L\u00c9quipe Par la cr\u00e9ation de ce compte, vous reconnaissez avoir pris connaissance Pr\u00e9sentation en 5 statistiques de la 31\u00e8me journ\u00e9e de Bundesliga, qui d\u00e9bute vendredi soir avec le d\u00e9placement du RB Leipzig \u00e0 Hoffenheim 5 Le frein au d\u00e9veloppement est ici non pas le fait que les droits de propri\u00e9t\u00e9 ne sont pas s\u00e9curis\u00e9s Infos sur le parc aux oiseaux Parque dos aves : Sans ses Ronaldo, Ronaldinho, Cafu, Roberto Carlos, le Br\u00e9sil a mis un terme \u00e0 sa s\u00e9rie noire, qui lavait vu perdre dans ses huit finales de Copa America contre son grand rival. <img decoding=\"async\" src=\"http:\/\/contenti1.espn.com.br\/image\/wide\/622_4fd0c53c-a613-3862-b40d-e445f7d8eee7.jpg\" alt=\"rencontre br\u00e9sil argentine\" align=\"left\"> Paqueta 3,5 : pour sa dixi\u00e8me s\u00e9lection avec le Br\u00e9sil, le joueur de lAC Milan a eu un peu de mal dans cette position de num\u00e9ro 8. Bien musel\u00e9 par les Argentins, voire m\u00eame pris pour cible, le milieu \u00e2g\u00e9 de 22 ans na pas vraiment pu participer au jeu br\u00e9silien. Sur le plan offensif, il a manqu\u00e9 le cadre dans la surface 29e. \u00c0 la pause, Tite la remplac\u00e9 par Coutinho note : 5,5. Le joueur du Bayern Munich a fait parler sa vitesse et sa technique mais il na jamais \u00e9t\u00e9 d\u00e9cisif dans les derniers m\u00e8tres. Auteur de 11 buts la saison derni\u00e8re avec QRM en National 1, Ga\u00ebtan Laura va d\u00e9couvrir le monde professionnel. A 24 ans, lancien attaquant de Lorient et dEvreux va rejoindre le Paris FC. Le club francilien a officialis\u00e9 ce transfert ce ve   LArgentine reproche principalement au corps arbitral de ne pas avoir utilis\u00e9 le VAR \u00e0 deux reprises durant le match. Deux situations qui auraient m\u00e9rit\u00e9 penalty aux yeux des Argentins. Et Tancredi Palmeri, journaliste \u00e0 la Gazzetta dello Sport, dexpliquer par ailleurs sur Twitter que selon des journalistes argentins, Leondan Gonzalez, pr\u00e9pos\u00e9 au VAR, aurait pourtant \u00e0 chaque fois demand\u00e9 \u00e0 Robby Zambrano de regarder les images \u00e0 la vid\u00e9o. En pure perte, comme il laurait expliqu\u00e9 \u00e0 la commission des arbitres \u00e0 lissue de la rencontre. Dida Br\u00e9sil contre Lux Argentine : les gardiens. LArgentin semblait se diriger vers le banc, apr\u00e8s un premier match contre la Tunisie o\u00f9 il a \u00e9t\u00e9 f\u00e9brile. Mais, il a \u00e9t\u00e9 d\u00e9cisif en arr\u00eatant le dernier tir au but mexicain en demi-finale. Il retrouve, en finale, lun des meilleurs sp\u00e9cialistes du poste. Toujours aussi s\u00fbr dans les airs, Dida a \u00e9galement multipli\u00e9 les arr\u00eats r\u00e9flexe. Si la rencontre doit se jouer aux tirs au but, il sera sans doute remont\u00e9 apr\u00e8s avoir perdu la finale de la Ligue des Champions contre Liverpool dans cet exercice.  Priv\u00e9 de son num\u00e9ro 10 Neymar, Tite a le choix entre Richarlison, le jeune Rodrygo et lexp\u00e9riment\u00e9 Willian pour remplacer le Parisien, qui \u00e9volue r\u00e9guli\u00e8rement sur laile gauche m\u00eame si il d\u00e9zone beaucoup en Sele\u00e7\u00e3o. Selon la derni\u00e8re mise en place tactique du s\u00e9lectionneur br\u00e9silien, cest Willian qui devrait d\u00e9marrer \u00e0 gauche de lattaque br\u00e9silienne. Mi-temps \u00e0 Ryad! LArgentine m\u00e8ne un but \u00e0 z\u00e9ro face au Br\u00e9sil au terme dune mi-temps insipide. La premi\u00e8re p\u00e9riode a \u00e9t\u00e9 marqu\u00e9e par un d\u00e9chet technique effarant pour une telle affiche et de nombreuses fautes 15 pour lAlbiceleste. Gabriel Jesus a rat\u00e9 un penalty en le tirant avec une nonchalance honteuse. Messi a eu plus de r\u00e9ussite en marquant le sien en deux temps. <img decoding=\"async\" src=\"http:\/\/www.lemeilleurdufootball.net\/wp-content\/uploads\/2015\/11\/Willian.jpg\" alt=\"rencontre br\u00e9sil argentine\" align=\"right\"> Offre 100 num\u00e9rique: 1 le 1er mois sans engagement.<\/p>\n","protected":false},"excerpt":{"rendered":"<p>rencontre br\u00e9sil argentine<\/p>\n","protected":false},"author":1,"featured_media":0,"comment_status":"closed","ping_status":"closed","sticky":false,"template":"","format":"standard","meta":{"footnotes":""},"categories":[1],"tags":[],"_links":{"self":[{"href":"http:\/\/intranet.asbl.ca\/blog\/wp-json\/wp\/v2\/posts\/3587"}],"collection":[{"href":"http:\/\/intranet.asbl.ca\/blog\/wp-json\/wp\/v2\/posts"}],"about":[{"href":"http:\/\/intranet.asbl.ca\/blog\/wp-json\/wp\/v2\/types\/post"}],"author":[{"embeddable":true,"href":"http:\/\/intranet.asbl.ca\/blog\/wp-json\/wp\/v2\/users\/1"}],"replies":[{"embeddable":true,"href":"http:\/\/intranet.asbl.ca\/blog\/wp-json\/wp\/v2\/comments?post=3587"}],"version-history":[{"count":1,"href":"http:\/\/intranet.asbl.ca\/blog\/wp-json\/wp\/v2\/posts\/3587\/revisions"}],"predecessor-version":[{"id":3588,"href":"http:\/\/intranet.asbl.ca\/blog\/wp-json\/wp\/v2\/posts\/3587\/revisions\/3588"}],"wp:attachment":[{"href":"http:\/\/intranet.asbl.ca\/blog\/wp-json\/wp\/v2\/media?parent=3587"}],"wp:term":[{"taxonomy":"category","embeddable":true,"href":"http:\/\/intranet.asbl.ca\/blog\/wp-json\/wp\/v2\/categories?post=3587"},{"taxonomy":"post_tag","embeddable":true,"href":"http:\/\/intranet.asbl.ca\/blog\/wp-json\/wp\/v2\/tags?post=3587"}],"curies":[{"name":"wp","href":"https:\/\/api.w.org\/{rel}","templated":true}]}}