{"id":3591,"date":"2020-09-26T07:35:12","date_gmt":"2020-09-26T07:35:12","guid":{"rendered":"http:\/\/intranet.asbl.ca\/blog\/?p=3591"},"modified":"2020-09-22T01:29:20","modified_gmt":"2020-09-22T01:29:20","slug":"rencontre-finlande","status":"publish","type":"post","link":"http:\/\/intranet.asbl.ca\/blog\/2020\/09\/26\/rencontre-finlande\/","title":{"rendered":"Rencontre Finlande"},"content":{"rendered":"<p>La beaut\u00e9 est subjective ; les crit\u00e8res de beaut\u00e9 changent dune culture \u00e0 une autre, dun pays \u00e0 un autre. Lappr\u00e9ciation de la beaut\u00e9 est un ensemble.. Nous avions propos\u00e9 des co-interventions avec les enseignants finlandais, et lorsquun coll\u00e8gue nous a propos\u00e9 de conduire un atelier philo avec ses \u00e9l\u00e8ves, nous avons bien s\u00fbr accept\u00e9. Le troisi\u00e8me niveau est celui des besoins sociaux daffectivit\u00e9 et dappartenance. Cest pour lenfant \u00eatre accept\u00e9 tel quil est, \u00eatre reconnu, accept\u00e9, compris, avoir des amis et un r\u00e9seau de communication satisfaisant, \u00eatre reli\u00e9 \u00e0 un groupe. Les enfants et les adolescents en Finlande participent \u00e0 lentretien de l\u00e9cole, pr\u00eatent main forte en cuisine, etc. Offre sp\u00e9ciale : Surclassassent OFFERT en cat\u00e9gorie C! Vous aimerez  <img decoding=\"async\" src=\"http:\/\/static.printemps.com\/img_upload\/PVOYAGES\/DESTINATION\/EUROPE\/FINLANDE\/FINLANDE_1.jpg\" alt=\"rencontre finlande\" align=\"left\"> Au bout dune heure de marche, je me sens bien et pas \u00e9puis\u00e9e. Le lendemain, je nai aucune courbature, s\u00fbrement gr\u00e2ce aux 15 minutes d\u00e9tirement en fin de s\u00e9ance. Plus dynamique que la simple balade, la marche nordique s\u00e9duit ceux qui veulent se maintenir en forme sans se faire mal. Elle permet lactivation de 90 des cha\u00eenes musculaires. Les plus sportifs seront peut-\u00eatre d\u00e9\u00e7us par le manque de rythme des premi\u00e8res s\u00e9ances mais cest n\u00e9cessaire pour acqu\u00e9rir une technique correcte. Et pour ceux qui ont peur de ne pas avoir le niveau, AuvergnAttitude propose des s\u00e9ances douces.  LEspace D\u00e9tente avec 2 saunas un \u00e9lectrique et un traditionnel, au feu de bois, une mini-piscine eau \u00e0 30 et un bain bouillonnant Malgr\u00e9 la ratification finlandaise du trait\u00e9 de paix intervenue le 18 avril 1947, les Sovi\u00e9tiques d\u00e9cid\u00e8rent dajourner la ratification du trait\u00e9 de paix avec la Finlande afin de pousser le gouvernement finlandais \u00e0 d\u00e9cliner linvitation am\u00e9ricaine MAJANDER Mikko, The Limits of Sovereignty. Finland and the Question of the Marshall Plan in 1947, Scandinavian Journal of History, Stockholm, Scandinavian University Press, 1994, vol 19. Export Finlande su\u00e8de Danemark Estonie d\u00e9veloppement Barcelone Nantes Francfort Bordeaux Marseille Lyon autres Toulouse Bruxelles Geneve Montpellier Strasbourg Mulhouse Bilbao Luxembourg Nice Tr\u00e8s populaires en Finlande et construits en billes de bois, les chalets sont depuis longtemps un \u00e9l\u00e9ment essentiel des paysages bor\u00e9als Dans la plupart des cas, la demande de titre de s\u00e9jour doit \u00eatre remplie dans votre pays dorigine, mais dans certaines situations, telles que le fait davoir des liens familiaux en Finlande, la demande peut \u00eatre \u00e9galement remplie \u00e0 la police finlandaise. La demande peut \u00eatre d\u00e9pos\u00e9e sur https:e-asiointi.migri.fi mais il faudra quand m\u00eame se rendre \u00e0 lambassade ou au consulat finlandaise locale pour la v\u00e9rifier. La v\u00e9rification e-mail a \u00e9chou\u00e9, veuillez r\u00e9essayer <img decoding=\"async\" src=\"http:\/\/www.lignesnomades.be\/uploads\/gallery\/main\/400202_QuatreTiers_md.ori.jpg\" alt=\"rencontre finlande\" align=\"right\"> 850 HT tarif sous r\u00e9serve dun minimum de 10 participants. <img decoding=\"async\" src=\"http:\/\/cdn.deutsche-eiche.de\/files\/de-v6\/img\/illustration\/sauna\/20140624_DSC1385.jpg\" alt=\"rencontre finlande\" align=\"center\"> En raison de l\u00e9pid\u00e9mie de Covid-19, la production et la distribution de nos magazines sont perturb\u00e9es. Nous mettons tout en \u0153uvre pour diffuser \u00e0 nos abonn\u00e9s, en kiosque et sur notre site internet, nos derni\u00e8res parutions. En toute confiance! En mabonnant, je recevrai les newsletters et informations en provenance de Toute La Culture. Mes coordonn\u00e9es personnelles ne seront jamais transmises \u00e0 des tiers. Je pourrai me d\u00e9sabonner \u00e0 tout moment. Ses ruelles \u00e9troites pav\u00e9es, bord\u00e9es de petits \u00e9difices en bois color\u00e9s, nous plonge mieux au c\u0153ur de la vie finlandaise que les places audacieuses et la g\u00e9om\u00e9trie n\u00e9o-classique de la capitale. Le centre historique est construit autour de la colline de lautre c\u00f4t\u00e9 de la rue Mannerheim et est couronn\u00e9 par la Tuomiokirkko du XV\u00e8me si\u00e8cle, o\u00f9 Alexandre Ier proclama la Finlande un grand-duch\u00e9 russe et convoqua la premi\u00e8re Di\u00e8te de Finlande. Les carnets dadresses des habitants \u00e0 travers le monde Publi\u00e9 le : 22112019-12:17 Modifi\u00e9 le : 22112019-12:17 La princesse h\u00e9riti\u00e8re Victoria de Su\u00e8de et le prince consort Daniel \u00e0 Pello, le 10 mars 2020 Dana Press Bestimage .<\/p>\n","protected":false},"excerpt":{"rendered":"<p>rencontre finlande<\/p>\n","protected":false},"author":1,"featured_media":0,"comment_status":"closed","ping_status":"closed","sticky":false,"template":"","format":"standard","meta":{"footnotes":""},"categories":[1],"tags":[],"_links":{"self":[{"href":"http:\/\/intranet.asbl.ca\/blog\/wp-json\/wp\/v2\/posts\/3591"}],"collection":[{"href":"http:\/\/intranet.asbl.ca\/blog\/wp-json\/wp\/v2\/posts"}],"about":[{"href":"http:\/\/intranet.asbl.ca\/blog\/wp-json\/wp\/v2\/types\/post"}],"author":[{"embeddable":true,"href":"http:\/\/intranet.asbl.ca\/blog\/wp-json\/wp\/v2\/users\/1"}],"replies":[{"embeddable":true,"href":"http:\/\/intranet.asbl.ca\/blog\/wp-json\/wp\/v2\/comments?post=3591"}],"version-history":[{"count":1,"href":"http:\/\/intranet.asbl.ca\/blog\/wp-json\/wp\/v2\/posts\/3591\/revisions"}],"predecessor-version":[{"id":3592,"href":"http:\/\/intranet.asbl.ca\/blog\/wp-json\/wp\/v2\/posts\/3591\/revisions\/3592"}],"wp:attachment":[{"href":"http:\/\/intranet.asbl.ca\/blog\/wp-json\/wp\/v2\/media?parent=3591"}],"wp:term":[{"taxonomy":"category","embeddable":true,"href":"http:\/\/intranet.asbl.ca\/blog\/wp-json\/wp\/v2\/categories?post=3591"},{"taxonomy":"post_tag","embeddable":true,"href":"http:\/\/intranet.asbl.ca\/blog\/wp-json\/wp\/v2\/tags?post=3591"}],"curies":[{"name":"wp","href":"https:\/\/api.w.org\/{rel}","templated":true}]}}