{"id":3597,"date":"2020-09-26T22:22:43","date_gmt":"2020-09-26T22:22:43","guid":{"rendered":"http:\/\/intranet.asbl.ca\/blog\/?p=3597"},"modified":"2020-09-22T01:36:09","modified_gmt":"2020-09-22T01:36:09","slug":"eve-rencontre-charleroi","status":"publish","type":"post","link":"http:\/\/intranet.asbl.ca\/blog\/2020\/09\/26\/eve-rencontre-charleroi\/","title":{"rendered":"Eve Rencontre Charleroi"},"content":{"rendered":"<p>O\u00f9? Chez Duche, Avenue de Waterloo, 5 6000 Charleroi. Rencontre avec Pierre-Olivier Rollin, directeur du BPS22. Conf\u00e9rence consacr\u00e9e aux exp\u00e9riences artistiques ouvri\u00e8res qui ont \u00e9clos dans un contexte de fermeture dune fabrique ou dune usine. Le pr\u00e9sident de la Polyn\u00e9sie fran\u00e7aise, Edouard Fritch et le pr\u00e9sident du Mus\u00e9e du Quai Branly Jacques Chirac, St\u00e9phane Martin ont sign\u00e9 une convention, mercredi apr\u00e8s-midi \u00e0 Paris. Gr\u00e2ce \u00e0 cet accord initi\u00e9 par la D\u00e9l\u00e9gation de la Polyn\u00e9sie fran\u00e7aise, les Polyn\u00e9siens en \u00e9vacuation sanitaire en m\u00e9tropole, pourront.. <img decoding=\"async\" src=\"http:\/\/3.bp.blogspot.com\/-VwodvoKVZ2k\/UxGR7lOwb-I\/AAAAAAAAGVY\/ussv9h4cyjQ\/s1600\/4.jpg\" alt=\"eve rencontre charleroi\" align=\"right\"> battrai pour r\u00e9ussir femme c\u00e9libataire de 56 ans cherche rencontre amicale Conform\u00e9ment aux instructions gouvernementales en rapport avec le coronavirus, la journ\u00e9e de rencontre organis\u00e9e par le magazine Beauty Forum pr\u00e9vue \u00e0 Charleroi est contraint d\u00eatre report\u00e9e mi-septembre. Le Tomahawk, une d\u00e9coupe particuli\u00e8re de la c\u00f4te de boeuf, faux-filet avec os long! <img decoding=\"async\" src=\"http:\/\/1.bp.blogspot.com\/-qioaUwcsl08\/T-Zkbi5iwyI\/AAAAAAAAHOA\/9Y0eLk7bB0M\/s1600\/Strauss.reagan.2012.jpg\" alt=\"eve rencontre charleroi\" align=\"right\">  L\u00e9cole de danse 2MAD nous fait le plaisir de proposer des shows de danse pour animer la Place Verte. Appuyez sur entr\u00e9e pour effectuer votre recherche ou ESC pour quitter Ces rencontres des entreprises agricoles sont tr\u00e8s enrichissantes : elles d\u00e9taillent leurs besoins ou opportunit\u00e9s et confirment le potentiel de d\u00e9veloppement des circuits courts autour de Charleroi. Nous avons besoin de vous! La Ceinture Alimentaire gagne \u00e0 inviter un maximum dacteurs autour de la table : merci de relayer cette information autour de vous! Envie den savoir plus? Deux rencontres \u00e0 la rentr\u00e9e Des lieux culturels hors du commun-Charleroi M\u00e9tropole Retrouvez les aussi. Des cin\u00e9mas, des espaces jeux vid\u00e9o, des expos  La multiplication des sites de rencontre en ligne a conduit \u00e0 une augmentation des rencontres occasionnelles, sans lendemain et \u00e0 la longue ennuyeuses. 18h15-02h00 F\u00eate douverture de la saison 2017 DJ set by Globul VS Cedric The Babel Orchestra, Vijay Sofia <img decoding=\"async\" src=\"http:\/\/www.crlg.be\/wp-content\/uploads\/2015\/10\/B%C3%A2tardFestival.jpg\" alt=\"eve rencontre charleroi\" align=\"center\"> Rencontre organis\u00e9e par CG\u00e9 et la Maison des Jeunes Chicago-DBroej mercredi 13 avril, \u00e0 19h-21h, \u00e0 la Maison des Cultures de Molenbeek Renforcer lappropriation citoyenne des enjeux li\u00e9s \u00e0 lalimentation durable. .<\/p>\n","protected":false},"excerpt":{"rendered":"<p>eve rencontre charleroi<\/p>\n","protected":false},"author":1,"featured_media":0,"comment_status":"closed","ping_status":"closed","sticky":false,"template":"","format":"standard","meta":{"footnotes":""},"categories":[1],"tags":[],"_links":{"self":[{"href":"http:\/\/intranet.asbl.ca\/blog\/wp-json\/wp\/v2\/posts\/3597"}],"collection":[{"href":"http:\/\/intranet.asbl.ca\/blog\/wp-json\/wp\/v2\/posts"}],"about":[{"href":"http:\/\/intranet.asbl.ca\/blog\/wp-json\/wp\/v2\/types\/post"}],"author":[{"embeddable":true,"href":"http:\/\/intranet.asbl.ca\/blog\/wp-json\/wp\/v2\/users\/1"}],"replies":[{"embeddable":true,"href":"http:\/\/intranet.asbl.ca\/blog\/wp-json\/wp\/v2\/comments?post=3597"}],"version-history":[{"count":1,"href":"http:\/\/intranet.asbl.ca\/blog\/wp-json\/wp\/v2\/posts\/3597\/revisions"}],"predecessor-version":[{"id":3598,"href":"http:\/\/intranet.asbl.ca\/blog\/wp-json\/wp\/v2\/posts\/3597\/revisions\/3598"}],"wp:attachment":[{"href":"http:\/\/intranet.asbl.ca\/blog\/wp-json\/wp\/v2\/media?parent=3597"}],"wp:term":[{"taxonomy":"category","embeddable":true,"href":"http:\/\/intranet.asbl.ca\/blog\/wp-json\/wp\/v2\/categories?post=3597"},{"taxonomy":"post_tag","embeddable":true,"href":"http:\/\/intranet.asbl.ca\/blog\/wp-json\/wp\/v2\/tags?post=3597"}],"curies":[{"name":"wp","href":"https:\/\/api.w.org\/{rel}","templated":true}]}}