{"id":3603,"date":"2020-09-26T23:09:13","date_gmt":"2020-09-26T23:09:13","guid":{"rendered":"http:\/\/intranet.asbl.ca\/blog\/?p=3603"},"modified":"2020-09-22T01:46:46","modified_gmt":"2020-09-22T01:46:46","slug":"rencontres-concorde","status":"publish","type":"post","link":"http:\/\/intranet.asbl.ca\/blog\/2020\/09\/26\/rencontres-concorde\/","title":{"rendered":"Rencontres Concorde"},"content":{"rendered":"<p> Catherine Hermary-Vieille est la papesse du roman historique. Apr\u00e8s un roman sur la mal\u00e9diction des Valois, elle publie Moi, chevalier dEon, espionne du roi chez Albin Michel. Cest un document dune soixantaine de pages, attach\u00e9 \u00e0 donner du sens au bilan de lann\u00e9e, linscrivant dans le prolongement Prems de No\u00ebl : la toute premi\u00e8re guirlande lumineuse Ethiquable f\u00eate ses quinze ans de commerce \u00e9quitable  Nous rel\u00e8verons pour la 48\u00e8me fois le d\u00e9fi dorganiser notre traditionnelle B\u00e9nichon et Course des charrettes \u00e0 Charmey. Pour faire des rencontres dans votre quartier consultez notre liste des bons LAide \u00e0 l\u00c9glise en D\u00e9tresse publie son rapport pour lann\u00e9e 2018. Radio Notre-Dame en fait la synth\u00e8se. La programmation musicale \u00e0 ne pas manquer en cette rentr\u00e9e 2018 avec Edith Walter. Last name First name Password Confirm password <img decoding=\"async\" src=\"http:\/\/lekotidien.fr\/wp-content\/uploads\/2016\/03\/20160311-concorde-4.jpg\" alt=\"rencontres concorde\" align=\"center\"> Le Jeu de Paume est actuellement ferm\u00e9 pour travaux jusquau printemps 2021. Toutes ses activit\u00e9s sont donc momentan\u00e9ment suspendues. Vendredi 12 juin 2020, 10 e semaine du temps ordinaire, ann\u00e9e paire de la f\u00e9rie Des arch\u00e9ologues pr\u00e9tendent avoir trouv\u00e9 le lieu de naissance de saint Pierre Concerts \u00e0 la Philharmonie de Paris : luxe et prestige <img decoding=\"async\" src=\"http:\/\/www.rogercomps.gq\/media\/catalog\/product\/cache\/5\/small_image\/400x\/9df78eab33525d08d6e5fb8d27136e95\/o\/l\/ol_09-1_aj_ashtray_small_jpg.jpg_2.jpg\" alt=\"rencontres concorde\" align=\"center\"> <img decoding=\"async\" src=\"http:\/\/www.jeudepaume.org\/imagesZoom\/ActivitesEducatives_2018-2019-Zoom.jpg\" alt=\"rencontres concorde\" align=\"right\"> Un p\u00e8lerinage spirituel pendant 9 jours aux c\u00f4t\u00e9s de Saint Michel  Ancien journaliste \u00e0 La Croix puis au Monde o\u00f9 il tenait la rubrique Religions durant plus de 20 ans, Henri Tincq est mort ce dimanche soir 29 mars des suites du Coronavirus. Il avait \u00e9t\u00e9 \u00e0 plusieurs reprises linvit\u00e9 de Radio Notre Dame. Comme dans la vie, le pass\u00e9 accompagne les personnages de ces films sous la forme dune maison natale, dun geste h\u00e9rit\u00e9 de son p\u00e8re ou dune amiti\u00e9 qui survit \u00e0 la mort mais il peut aussi survenir soudain comme cette vieille connaissance revenue sans raison apparente ou cette photo jaunie qui raconte une jeunesse perdue. Souvenirs diffus ou sensations fortes, chacun accueillera cette programmation avec son pass\u00e9 personnel et son humeur pr\u00e9sente. D\u00e9cryptage : Union europ\u00e9enne, Silicon Valley et Gilets jaunes A loccasion du premier anniversaire de lincendie de Notre-Dame de Paris, Marie-No\u00eblle Tranchant, journaliste et critique de cin\u00e9ma, publie un long po\u00e8me en hommage. Chaque jour, nous vous proposons plusieurs vers. Visite dEmmanuel Macron au Vatican : quel bilan? Le bar et ses \u00e9tag\u00e8res remplies de bouteilles dalcool Julia Pouligny Devenu commercial-13 mixtes A : Victoire \u00e0 Tourlaville contre CL Tourlaville 2, 5 \u00e0 9. Notre-Dame, un an apr\u00e8s : la radio bouscule ses programmes.<\/p>\n","protected":false},"excerpt":{"rendered":"<p>rencontres concorde<\/p>\n","protected":false},"author":1,"featured_media":0,"comment_status":"closed","ping_status":"closed","sticky":false,"template":"","format":"standard","meta":{"footnotes":""},"categories":[1],"tags":[],"_links":{"self":[{"href":"http:\/\/intranet.asbl.ca\/blog\/wp-json\/wp\/v2\/posts\/3603"}],"collection":[{"href":"http:\/\/intranet.asbl.ca\/blog\/wp-json\/wp\/v2\/posts"}],"about":[{"href":"http:\/\/intranet.asbl.ca\/blog\/wp-json\/wp\/v2\/types\/post"}],"author":[{"embeddable":true,"href":"http:\/\/intranet.asbl.ca\/blog\/wp-json\/wp\/v2\/users\/1"}],"replies":[{"embeddable":true,"href":"http:\/\/intranet.asbl.ca\/blog\/wp-json\/wp\/v2\/comments?post=3603"}],"version-history":[{"count":1,"href":"http:\/\/intranet.asbl.ca\/blog\/wp-json\/wp\/v2\/posts\/3603\/revisions"}],"predecessor-version":[{"id":3604,"href":"http:\/\/intranet.asbl.ca\/blog\/wp-json\/wp\/v2\/posts\/3603\/revisions\/3604"}],"wp:attachment":[{"href":"http:\/\/intranet.asbl.ca\/blog\/wp-json\/wp\/v2\/media?parent=3603"}],"wp:term":[{"taxonomy":"category","embeddable":true,"href":"http:\/\/intranet.asbl.ca\/blog\/wp-json\/wp\/v2\/categories?post=3603"},{"taxonomy":"post_tag","embeddable":true,"href":"http:\/\/intranet.asbl.ca\/blog\/wp-json\/wp\/v2\/tags?post=3603"}],"curies":[{"name":"wp","href":"https:\/\/api.w.org\/{rel}","templated":true}]}}