{"id":3625,"date":"2020-09-27T04:39:02","date_gmt":"2020-09-27T04:39:02","guid":{"rendered":"http:\/\/intranet.asbl.ca\/blog\/?p=3625"},"modified":"2020-09-22T02:24:09","modified_gmt":"2020-09-22T02:24:09","slug":"rencontre-avec-michel-sardou","status":"publish","type":"post","link":"http:\/\/intranet.asbl.ca\/blog\/2020\/09\/27\/rencontre-avec-michel-sardou\/","title":{"rendered":"Rencontre Avec Michel Sardou"},"content":{"rendered":"<p> N\u00e9 le 5 d\u00e9cembre 1932 dans une petite ville de lEtat de G\u00e9orgie, celui qui sappelle alors Richard Penniman est lun des douze enfants sept gar\u00e7ons et cinq filles dune modeste famille. On renoue avec le th\u00e8me liturgique sur Tu es Pierre. Toujours cette forme dassimilation de Michel avec le messie. Quelque part, cest troublant, mais on per\u00e7oit tout de m\u00eame laspect moqueur que trimbale lartiste. Il nemp\u00eache, cette configuration est \u00e9trange. On reste dans l\u00e9glise avec Le cur\u00e9, le couplet plombe lambiance mais le refrain renoue avec la gaiet\u00e9 dans ce morceau assez sympa. On se demande ce quadviendrait dun titre pareil de nos jours. Il y \u00e9voque clairement le mariage des pr\u00eatres, sacr\u00e9 Michel, toujours pr\u00eat \u00e0 foutre le boxon! Puis on s\u00e9l\u00e8ve contre larm\u00e9e sur la gu\u00e8re m\u00e9morable Zombie Dupont et le syst\u00e8me en entier en prend plein la t\u00eate dans La marche en avant, la composition est belle et rac\u00e9e, avec une voix f\u00e9minine qui rappelle le Concerto pour une voix de SAINT PREUX. Oups! Il y a un probl\u00e8me.. Merci de r\u00e9essayer plutard. Le 23 avr. 2021 Dans son nouveau seul en sc\u00e8ne.. Bar-le-Duc Val\u00e9ry Giscard dEstaing et la Princesse Diana : lAngleterre est sceptique  <img decoding=\"async\" src=\"http:\/\/static1.terrafemina.com\/articles\/2\/23\/03\/02\/@\/224342-michel-sardou-sur-son-amitie-avec-johnny-hallyday-personnellement-je-men-passe-tres-bien-622x0-1.jpg\" alt=\"rencontre avec michel sardou\" align=\"left\">  A loccasion de la sortie de son livre autobiographique Et quon nen parle plus, Michel Sardou a accept\u00e9 de rencontrer des lectrices de Femme Actuelle. <img decoding=\"async\" src=\"http:\/\/just-music.fr\/wp-content\/uploads\/2017\/09\/Sardou-et-nous-JustMusic.fr_.png\" alt=\"rencontre avec michel sardou\" align=\"left\"> <img decoding=\"async\" src=\"http:\/\/stockholm-sardou.blubrry.net\/wp-content\/uploads\/2018\/09\/https_2F2Fimages.genius.com2Fa3f05626e4a4ec5326d9af710a1dd722.394x392x1.jpg\" alt=\"rencontre avec michel sardou\" align=\"right\"> Sans la rapidit\u00e9 des pompiers, lhomme serait peut-\u00eatre d\u00e9c\u00e9d\u00e9.. Comment rendre le jeune, diplom\u00e9 ou non, de grande ecole ou non attractif. Pour certains cest simple, pour la maitrise de socio cest autre chose. 1987 : Victoire de la chanson originale pour Musulmanes. Elles seront \u00e9galement utilis\u00e9es sous r\u00e9serve des options souscrites, \u00e0 des fins de ciblage publicitaire. Dalida, C\u00e9line Dion, Sylvie Vartan, Patricia Kaas.. Vous avez \u00e9crit pour de nombreuses femmes, mais elles ne figurent pas dans votre livre. Pourquoi? En France, 92 de la population utilise internet et plus de 70 des internautes font des achats en ligne. Omnipr\u00e9sente dans le quotidien de tous, la toile a boulevers\u00e9 les habitudes de.. Michel Sardou se marie avec Fran\u00e7oise Pettr\u00e9 en 1965, alors quil est \u00e2g\u00e9 de dix-huit ans, pour s\u00e9manciper de lautorit\u00e9 parentale 66, la majorit\u00e9 \u00e9tant \u00e0 l\u00e9poque \u00e9tablie \u00e0 vingt et un ans. Leur premi\u00e8re fille, Sandrine, na\u00eet le 15 janvier 1970 et la seconde, Cynthia, le 4 d\u00e9cembre 1973. Ils divorcent en 1977. Sur la saison 2001-2002, il y joue le r\u00f4le principal de la pi\u00e8ce LHomme en question en compagnie de Brigitte Fossey et sous la direction de F\u00e9licien Marceau. Sa performance dacteur laisse la critique mitig\u00e9e. Il revend lann\u00e9e suivante ses parts du th\u00e9\u00e2tre \u00e0 son associ\u00e9 et producteur, Jean-Claude Camus. Cette derni\u00e8re s\u00e9rie de concerts ressemblera \u00e0 quelque chose quil na jamais fait, avec de grands \u00e9crans assez dingues \u00e0 travers lesquels on passe, avec plein deffets visuels.. Ce sera un remerciement au public, qui me suit depuis cinquante ans, souligne linterpr\u00e8te de Je vole, Les lacs du Connemara ou Une fille aux yeux clairs. Il revendique avoir voulu faire du Brel au tout d\u00e9but de sa carri\u00e8re, pendant l\u00e9poque ant\u00e9rieure aux Bals populaires. Linfluence du chanteur belge se retrouve dans certaines chansons comme Le Surveillant g\u00e9n\u00e9ral, o\u00f9 les derni\u00e8res paroles quand je tiens dans mes bras une femme trop fi\u00e8re qui se refuse \u00e0 me donner un peu plus que le n\u00e9cessaire.. Peuvent \u00e9voquer celles de Au suivant chaque femme, \u00e0 lheure de succomber entre mes bras trop maigres, semble me murmurer Au suivant! Au suivant! travail in\u00e9dit.<\/p>\n","protected":false},"excerpt":{"rendered":"<p>rencontre avec michel sardou<\/p>\n","protected":false},"author":1,"featured_media":0,"comment_status":"closed","ping_status":"closed","sticky":false,"template":"","format":"standard","meta":{"footnotes":""},"categories":[1],"tags":[],"_links":{"self":[{"href":"http:\/\/intranet.asbl.ca\/blog\/wp-json\/wp\/v2\/posts\/3625"}],"collection":[{"href":"http:\/\/intranet.asbl.ca\/blog\/wp-json\/wp\/v2\/posts"}],"about":[{"href":"http:\/\/intranet.asbl.ca\/blog\/wp-json\/wp\/v2\/types\/post"}],"author":[{"embeddable":true,"href":"http:\/\/intranet.asbl.ca\/blog\/wp-json\/wp\/v2\/users\/1"}],"replies":[{"embeddable":true,"href":"http:\/\/intranet.asbl.ca\/blog\/wp-json\/wp\/v2\/comments?post=3625"}],"version-history":[{"count":1,"href":"http:\/\/intranet.asbl.ca\/blog\/wp-json\/wp\/v2\/posts\/3625\/revisions"}],"predecessor-version":[{"id":3626,"href":"http:\/\/intranet.asbl.ca\/blog\/wp-json\/wp\/v2\/posts\/3625\/revisions\/3626"}],"wp:attachment":[{"href":"http:\/\/intranet.asbl.ca\/blog\/wp-json\/wp\/v2\/media?parent=3625"}],"wp:term":[{"taxonomy":"category","embeddable":true,"href":"http:\/\/intranet.asbl.ca\/blog\/wp-json\/wp\/v2\/categories?post=3625"},{"taxonomy":"post_tag","embeddable":true,"href":"http:\/\/intranet.asbl.ca\/blog\/wp-json\/wp\/v2\/tags?post=3625"}],"curies":[{"name":"wp","href":"https:\/\/api.w.org\/{rel}","templated":true}]}}