{"id":3633,"date":"2020-09-27T18:41:28","date_gmt":"2020-09-27T18:41:28","guid":{"rendered":"http:\/\/intranet.asbl.ca\/blog\/?p=3633"},"modified":"2020-09-22T02:36:06","modified_gmt":"2020-09-22T02:36:06","slug":"rencontre-unifrance","status":"publish","type":"post","link":"http:\/\/intranet.asbl.ca\/blog\/2020\/09\/27\/rencontre-unifrance\/","title":{"rendered":"Rencontre Unifrance"},"content":{"rendered":"<p>Mod\u00e9r\u00e9e par Jean-Christophe Baubiat charg\u00e9 des pays francophones \u00e0 UniFrance, la troisi\u00e8me, \u00e0 loccasion dun hommage au producteur disparu Eric N\u00e9v\u00e9, posait la question : o\u00f9 en est la fili\u00e8re cin\u00e9matographique au S\u00e9n\u00e9gal?. Elle regroupait Hugues Diaz directeur de la Cin\u00e9matographie, S\u00e9n\u00e9gal, Oumar Sall directeur g\u00e9n\u00e9ral de Cinekap, producteur, Marjorie Vella directrice adjointe des programmes, TV6 Monde, Oumar Sy producteur associ\u00e9 dEric N\u00e9v\u00e9 chez Astou Films, Alex Moussa Sawadogo directeur artistique de Ouaga Film Lab, gestionnaire du Fonds pour la jeune cr\u00e9ation francophone, Souleymane K\u00e9b\u00e9 g\u00e9rant de Sunuy Films, producteur, S\u00e9bastien Onomo co-pr\u00e9sident du groupe francophone dUniFrance, Malek Ali-Yahia pr\u00e9sident de Damia Films, distributeur et Laurent Sicouri directeur des acquisitions programmes chez Canal international. HMN0.PcHH,K\u0106 Xpi8Ts\ufc3ePr75O: \u0368gIZO_M,2n\u0352gj;c\u0614H Une aide financi\u00e8re serait \u00e9galement bienvenue pour permettre de sous-traiter des am\u00e9liorations que nous ne pouvons pas faire en interne. Ce site cr\u00e9\u00e9 en 2001 est anim\u00e9 b\u00e9n\u00e9volement par des m\u00e9decins du travail et des pr\u00e9venteurs en sant\u00e9 au travail regroup\u00e9s en une association ind\u00e9pendante. Son objectif principal est de mettre en commun des fiches de m\u00e9tiers et des fiches de risques professionnels. Toutes les personnes qui se sentent concern\u00e9es par la sant\u00e9 et la s\u00e9curit\u00e9 au travail peuvent participer \u00e0 la vie du site par leurs remarques et suggestions. Dans le reste de la programmation, signalons pour son sujet engag\u00e9 Journ\u00e9e noire de Yoro Mbaye S\u00e9n\u00e9gal, 2019, 14 qui t\u00e9moigne malheureusement trop maladroitement des \u00e9meutes \u00e9tudiantes et de leurs victimes. Lessai d Im\u00e8ne Ayadi Alg\u00e9rie, 2019, 10, Le vieux Kalbelouz, consiste en une lettre po\u00e9tique en voix off \u00e0 une femme que lon devine vite \u00eatre lAlg\u00e9rie. Le vieil homme est magnifiquement interpr\u00e9t\u00e9 par ce grand acteur quest Ahmed Bena\u00efssa. Rencontres professionnelles sur le financement du court m\u00e9trage et sur les formations disponibles \u00e0 Dakar aux m\u00e9tiers du cin\u00e9ma article \u00e0 venir, projections de courts m\u00e9trages de France et de la Francophonie, s\u00e9ance de pitchs avec les Talents Dakar court 2019, projections scolaires, une nuit du court m\u00e9trage le programme \u00e9tait intense, sans oublier les masterclass dEuzhan Palcy, de Ladj Ly qui pr\u00e9sentait en outre Les Mis\u00e9rables en soir\u00e9e en compagnie de Djebril Zonga, et de Mati Diop article \u00e0 venir.&#8212;&#8212;&#8212;&#8212;&#8212;&#8212;&#8212;&#8212;&#8212;&#8212;&#8212;&#8212;&#8212;&#8212;&#8212;&#8212;&#8212;&#8212;&#8212;&#8212;&#8212;&#8212;&#8212;&#8212;&#8212;&#8212;-NOS PROCHAINS RENDEZ-VOUS <img decoding=\"async\" src=\"http:\/\/www.rencontres-cinematographiques-de-dijon.fr\/archives\/IMG\/jpg\/Benguigui.jpg\" alt=\"rencontre unifrance\" align=\"center\"> <img decoding=\"async\" src=\"http:\/\/www.convergencephotography.com\/clients\/2628\/fichiers\/photos\/556c6825dd338.jpg\" alt=\"rencontre unifrance\" align=\"right\"> Lors de cette rencontre, une internaute a demand\u00e9 \u00e0 Mona Achache, r\u00e9alisatrice du film Le h\u00e9risson, si elle avait pens\u00e9 changer la fin de lhistoire, dans laquelle le personnage jou\u00e9 par Josiane Balasko meurt, afin de rendre cette adaptation plus joyeuse. Mona Achache a r\u00e9pondu avoir choisi de conserver la fin originale du livre, car lhistoire est celle dune rencontre entre une petite fille tr\u00e8s seule qui veut mourir et de Ren\u00e9e. Au final, cest la mort de Ren\u00e9e qui redonne \u00e0 cette petite fille lenvie de vivre. Pour Mona Achache, il ne sagit pas dune fin sombre et sans espoir.  Une centaine dartistes, com\u00e9diens et r\u00e9alisateurs donnent de leur temps, parmi lesquels des talents confirm\u00e9s qui font voyager le cin\u00e9ma fran\u00e7ais depuis de nombreuses ann\u00e9es, comme Isabelle Huppert, Fabrice Luchini, Vincent Lindon, Claude Brasseur, Jacques Perrin, Catherine Corsini, Jean-Paul Rappeneau, Jaco Van Dormael, Arnaud Desplechin, mais aussi les nouvelles t\u00eates de notre cin\u00e9matographie nationale : Deniz Gamze Erguven, Swann Arlaud, J\u00e9r\u00f4me Bonnell, Cl\u00e9ment Cogitore, F\u00e9lix Moati, M\u00e9lanie Bernier, Nabil Ayouch, \u00c9va Husson, Finnegan Oldfield, Thomas Lilti.. Due to security risks and a lack of support for web standards this website does not support IE6. Internet Explorer 6 was released in 2001 and it does not display modern web sites properly. Please upgrade to a newer browser to fully enjoy this site and the rest of the web. After you update, please come back and you will be able to view our site. Les derni\u00e8res r\u00e9actions Nombre total de r\u00e9actions: 0 Un prix Sudu Connexion Claire Diao permettait doffrir au film une distribution d\u00e9marchage des t\u00e9l\u00e9visions et festivals \u00e0 linternational. Il est all\u00e9 \u00e0 Rasta de Samir Benchikh pour sa capacit\u00e9 \u00e0 mettre en images la spirale de la violence de la guerre tout en installant une ambiance de myst\u00e8re et de suspense. Le film encha\u00eene en effet avec une \u00e9vidente ma\u00eetrise d\u00e9tonnantes sc\u00e8nes apocalyptiques au fur et \u00e0 mesure du parcours dun jeune pacifiste qui cherche \u00e0 d\u00e9passer son traumatisme. Il est cependant fragilis\u00e9 par le jeu trop th\u00e9\u00e2tral des acteurs dans la sc\u00e8ne finale, la mise en sc\u00e8ne accentuant \u00e0 lextr\u00eame ce drame surjou\u00e9.   La deuxi\u00e8me \u00e9dition du festival Dakar Court sest d\u00e9roul\u00e9e du 9 au 14 d\u00e9cembre 2019 dans les locaux de lInstitut fran\u00e7ais de Dakar avec des s\u00e9ances inaugurales, scolaires et de cl\u00f4ture dans la salle CanalOlympia. Outre la comp\u00e9tition de courts m\u00e9trages, le festival proposait des rencontres professionnelles et un atelier talents 2019 destin\u00e9 aux jeunes r\u00e9alisateurs. La jonction avec la troisi\u00e8me \u00e9dition des Rencontres du cin\u00e9ma francophone en Afrique permettait \u00e9galement de suivre des tables-rondes de haut niveau rassemblant les principaux acteurs du secteur. Error was encountered while trying to use an ErrorDocument to handle the request. Cest bien s\u00fbr aussi un des th\u00e8mes d Atlantique de Mati Diop qui a remport\u00e9 le Grand prix au dernier festival de Cannes 2019. Elle est venue rencontrer la trentaine d\u00e9tudiants des Talents Dakar Court 2019, atelier de formation organis\u00e9 par lassociation Cin\u00e9-banlieue, qui furent assidus toute la semaine \u00e0 suivre les tables-rondes et projections tout en r\u00e9alisant un film eux-m\u00eames en synergie, le d\u00e9fi \u00e9tant de penser une suite au court Yaadikoone de Marc Picavez FranceS\u00e9n\u00e9gal, 2016, 20. Elle a pr\u00e9sent\u00e9 son court m\u00e9trage Atlantiques et parl\u00e9 de son parcours et de son long m\u00e9trage, sorti en juillet \u00e0 Dakar, la masterclass \u00e9voluant ensuite vers de passionnants d\u00e9bats sur le r\u00f4le du cin\u00e9ma article \u00e0 venir. And the actions you performed just before this error. <img decoding=\"async\" src=\"http:\/\/www.association-silhouette.com\/wp-content\/uploads\/2018\/07\/Couverture-fb-1-e1531226557776.jpg\" alt=\"rencontre unifrance\" align=\"center\"> L\u00e9volution constante des m\u00e9tiers et de lenvironnement r\u00e9glementaire rend n\u00e9cessaire une mise \u00e0 jour continue du contenu. Depuis 2001 lassociation valorise et mutualise, de mani\u00e8re participative, les analyses des m\u00e9tiers et des dangers faites par les personnes du terrain : pr\u00e9venteurs, salari\u00e9s, formateurs, membres des CSE, etc. You are using Internet Explorer 6.0 or older to view the web. N\u00e9 \u00e0 Paris en 1952, dipl\u00f4m\u00e9 EAP-ESCP et Diplom-Kaufmann, Olivier Barlet a publi\u00e9 de nombreuses traductions de lallemand de livres portant sur lAfrique et de langlais dauteurs af.. :a89 0nR3\u020c\u03daZK W1eJr\ufb43f.;CBK:\u049c :rt\u036cCmneb0M9iL4Y6vQg!R Du 2 au 5 Novembre 2020 : Congr\u00e8s de m\u00e9decine et sant\u00e9 au travail \u00e0 Strasbourg Les r\u00e9alisateurs et acteurs fran\u00e7ais ont pr\u00e9sent\u00e9 leurs nouveaux films au public chinois. Vincent Perez a parl\u00e9 de son r\u00f4le dans Demain, d\u00e8s laube, un film de Denis Dercourt. Pour lui, cest un long-m\u00e9trage plus profond et un r\u00f4le bien diff\u00e9rent des personnages quil a interpr\u00e9t\u00e9 par le pass\u00e9. Quant \u00e0 Josiane Balasko, actrice la plus c\u00e9l\u00e8bre de la d\u00e9l\u00e9gation, son film Le H\u00e9risson, inspir\u00e9 dun roman de Muriel Barbery a \u00e9t\u00e9 bien accueilli en Chine.<\/p>\n","protected":false},"excerpt":{"rendered":"<p>rencontre unifrance<\/p>\n","protected":false},"author":1,"featured_media":0,"comment_status":"closed","ping_status":"closed","sticky":false,"template":"","format":"standard","meta":{"footnotes":""},"categories":[1],"tags":[],"_links":{"self":[{"href":"http:\/\/intranet.asbl.ca\/blog\/wp-json\/wp\/v2\/posts\/3633"}],"collection":[{"href":"http:\/\/intranet.asbl.ca\/blog\/wp-json\/wp\/v2\/posts"}],"about":[{"href":"http:\/\/intranet.asbl.ca\/blog\/wp-json\/wp\/v2\/types\/post"}],"author":[{"embeddable":true,"href":"http:\/\/intranet.asbl.ca\/blog\/wp-json\/wp\/v2\/users\/1"}],"replies":[{"embeddable":true,"href":"http:\/\/intranet.asbl.ca\/blog\/wp-json\/wp\/v2\/comments?post=3633"}],"version-history":[{"count":1,"href":"http:\/\/intranet.asbl.ca\/blog\/wp-json\/wp\/v2\/posts\/3633\/revisions"}],"predecessor-version":[{"id":3634,"href":"http:\/\/intranet.asbl.ca\/blog\/wp-json\/wp\/v2\/posts\/3633\/revisions\/3634"}],"wp:attachment":[{"href":"http:\/\/intranet.asbl.ca\/blog\/wp-json\/wp\/v2\/media?parent=3633"}],"wp:term":[{"taxonomy":"category","embeddable":true,"href":"http:\/\/intranet.asbl.ca\/blog\/wp-json\/wp\/v2\/categories?post=3633"},{"taxonomy":"post_tag","embeddable":true,"href":"http:\/\/intranet.asbl.ca\/blog\/wp-json\/wp\/v2\/tags?post=3633"}],"curies":[{"name":"wp","href":"https:\/\/api.w.org\/{rel}","templated":true}]}}