{"id":3635,"date":"2020-09-27T18:11:27","date_gmt":"2020-09-27T18:11:27","guid":{"rendered":"http:\/\/intranet.asbl.ca\/blog\/?p=3635"},"modified":"2020-09-22T02:36:56","modified_gmt":"2020-09-22T02:36:56","slug":"rencontres-des-circuits-courts-alimentaires","status":"publish","type":"post","link":"http:\/\/intranet.asbl.ca\/blog\/2020\/09\/27\/rencontres-des-circuits-courts-alimentaires\/","title":{"rendered":"Rencontres Des Circuits Courts Alimentaires"},"content":{"rendered":"<p>3. La France tarde \u00e0 cr\u00e9er un environnement r\u00e9glementaire favorable aux circuits courts Conseil \u00e9conomique, social et environnemental, Avis sur la bonne gestion des sols agricoles : un enjeu de soci\u00e9t\u00e9, mai 2015. Lorsque les relations villes-campagnes sont r\u00e9fl\u00e9chies en termes de compl\u00e9mentarit\u00e9, cela cr\u00e9e une v\u00e9ritable \u00e9mulation territoriale. Comme lassembl\u00e9e permanente des chambres dagricultures APCA la justement fait remarquer : les relations villes-campagnes sont complexes : elles peuvent \u00eatre concurrentielles pour lusage des sols et des ressources naturelles, lactivit\u00e9 agricole comme secteur de production est notamment subordonn\u00e9e \u00e0 des questions fonci\u00e8res, mais elles doivent aussi \u00eatre r\u00e9fl\u00e9chies en termes de compl\u00e9mentarit\u00e9. En effet, les zones rurales fournissent des biens et services \u00e0 tous : biens alimentaires et non alimentaires, r\u00e9serves de biodiversit\u00e9, ressources naturelles, espaces de qualit\u00e9 pour vivre, de loisir et dattractivit\u00e9 touristique. En contrepartie ces m\u00eames zones rurales b\u00e9n\u00e9ficient des bassins demplois des aires urbaines, des diff\u00e9rents services des zones urbaines. Les grands objectifs du Grenelle de lenvironnement nont pas \u00e9t\u00e9 atteints du fait de labsence dune politique publique daccompagnement de loffre et de la demande.  Steiner P 2010. La sociologie \u00e9conomique. Paris, La D\u00e9couverte, Rep\u00e8res. Est la revue scientifique de r\u00e9f\u00e9rence dans le monde francophone I. CONSTRUIRE DES STRAT\u00c9GIES TERRITORIALES POUR ORGANISER LOFFRE ET LA DEMANDE <img decoding=\"async\" src=\"http:\/\/www.projetsdepaysage.fr\/images\/pages\/an_tableau_1.jpg\" alt=\"rencontres des circuits courts alimentaires\" align=\"left\"> Perspectives circuits courts : synth\u00e8se de la rencontre du projet CODIA Mangez local gr\u00e2ce \u00e0 Localissime-Communaut\u00e9 dagglom\u00e9ration Var Est\u00e9rel M\u00e9diterran\u00e9e Enfin, toutes les fili\u00e8res animales sont en crise dans notre pays. La loi de modernisation de l\u00e9conomie puis la loi relative \u00e0 la consommation se sont efforc\u00e9es dapaiser les relations entre producteurs, transformateurs et distributeurs. Dans la guerre des prix qui fait rage, le travail des producteurs nest pas suffisamment r\u00e9mun\u00e9r\u00e9. Parmi vos propositions, y a-t-il une solution qui permettrait dassainir la situation? La vente en ligne satisferait surtout une petite partie des consommateurs, surtout les hyper-urbains cr\u00e9atifs pr\u00eats \u00e0 modifier leurs habitudes de consommation. En 2005, la coop\u00e9rative rach\u00e8te et redresse lusine de fabrication de ses produits. <img decoding=\"async\" src=\"http:\/\/s1.lprs1.fr\/images\/2017\/08\/28\/7219641_8211216e-8bf9-11e7-a347-340dc842eeb8-1_1000x625.jpg\" alt=\"rencontres des circuits courts alimentaires\" align=\"left\"> Les abattoirs en France : des outils en difficult\u00e9 meules sont tourn\u00e9es tous les jours, puis, tous les 15 jours. Ainsi de 45kg en sortant de la cuve, la meule finit \u00e0 environ 38kg apr\u00e8s s\u00e9chage. Redonner du sens, tant \u00e0 lactivit\u00e9 de production qu\u00e0 celle de consommation, permet \u00e9galement de redonner de la valeur \u00e0 lalimentation, avec un r\u00e9el potentiel pour encourager une \u00e9volution durable et globale du syst\u00e8me alimentaire, incluant une meilleure r\u00e9partition de la valeur \u00e9conomique, un consentement \u00e0 payer pour des produits de meilleure qualit\u00e9 et issus de modes de productions agro-\u00e9cologiques, une relocalisation de lalimentation Les march\u00e9s : Si la coexistence entre producteurs locaux et revendeurs existe toujours dans les march\u00e9s, de plus en plus de march\u00e9s compos\u00e9s uniquement de producteurs locaux se d\u00e9veloppent, comme par exemple le march\u00e9 fermier de la Place Carnot \u00e0 Lyon M. Dino Cinieri. Nous sommes effectivement tout daccord pour relancer le travail de co-construction de la d\u00e9finition des produits fermiers, pour cr\u00e9er des march\u00e9s dint\u00e9r\u00eat local en compl\u00e9ment des march\u00e9s dint\u00e9r\u00eat national, pour d\u00e9velopper les carreaux de producteurs sur les march\u00e9s de gros et pour favoriser les abattoirs multi-esp\u00e8ces de proximit\u00e9. Mais pourquoi se soustraire \u00e0 lobjectif de simplification mis en avant pour chaque politique publique? Les acteurs \u00e9conomiques entreprises et agriculteurs ne devraient pas avoir \u00e0 subir de nouvelles contraintes pour privil\u00e9gier les circuits courts. Pourquoi ajouter aux crit\u00e8res de RSE des entreprises des exigences en mati\u00e8re de consommation alimentaire durable, comme le choix de produits bio et locaux, la cuisine sur place ou la lutte contre le gaspillage? Pourquoi rendre obligatoire lintroduction, dans la restauration publique, dun minimum de 20 de produits issus de lagriculture durable d\u00e8s 2016 et de 40, dont 20 de bio, en 2020? Proposition n 7 : cr\u00e9ation par le minist\u00e8re de lagriculture dun site d\u00e9di\u00e9 rassemblant les informations essentielles \u00e0 la construction dun projet alimentaire territorial A. La quasi-disparition du maillage des abattoirs de proximit\u00e9 multi-esp\u00e8ces La rotation des cultures est pratiqu\u00e9e : sur une m\u00eame parcelle, le riz est cultiv\u00e9 deux ans, puis des l\u00e9gumineuses pendant trois ans. Ce processus permet de maintenir la richesse du sol. Les points de vente collectifs qui rassemblent les produits de plusieurs exploitants, comme les coop\u00e9ratives dagriculteurs qui se r\u00e9unissent pour ouvrir un magasin en commun. Les Halles de lAveyron en sont un bel exemple : des paysans, rassembl\u00e9s en une coop\u00e9rative agricole, se sont dot\u00e9s dune enseigne de distribution afin de commercialiser directement leurs produits A. Des d\u00e9marches de plus en plus nombreuses visant \u00e0 introduire des produits biologiques et locaux en restauration collective Source : Minist\u00e8re de lagriculture, de lalimentation et de la for\u00eat, 2013. Partant du principe que les circuits courts sont somme toute plus locaux, il faut rappeler cependant que dans la cha\u00eene alimentaire ce nest pas tant le transport que la production qui g\u00e9n\u00e8re le plus d\u00e9missions de gaz \u00e0 effet de serre GES. Le mode de production bioconventionnel, extensifintensif aura un impact d\u00e9terminant sur le bilan en GES. <img decoding=\"async\" src=\"http:\/\/www.lesateliersdargol.fr\/images\/livre_galerie_18.png\" alt=\"rencontres des circuits courts alimentaires\" align=\"right\">   Quand producteurs et restaurateurs se rencontrent.<\/p>\n","protected":false},"excerpt":{"rendered":"<p>rencontres des circuits courts alimentaires<\/p>\n","protected":false},"author":1,"featured_media":0,"comment_status":"closed","ping_status":"closed","sticky":false,"template":"","format":"standard","meta":{"footnotes":""},"categories":[1],"tags":[],"_links":{"self":[{"href":"http:\/\/intranet.asbl.ca\/blog\/wp-json\/wp\/v2\/posts\/3635"}],"collection":[{"href":"http:\/\/intranet.asbl.ca\/blog\/wp-json\/wp\/v2\/posts"}],"about":[{"href":"http:\/\/intranet.asbl.ca\/blog\/wp-json\/wp\/v2\/types\/post"}],"author":[{"embeddable":true,"href":"http:\/\/intranet.asbl.ca\/blog\/wp-json\/wp\/v2\/users\/1"}],"replies":[{"embeddable":true,"href":"http:\/\/intranet.asbl.ca\/blog\/wp-json\/wp\/v2\/comments?post=3635"}],"version-history":[{"count":1,"href":"http:\/\/intranet.asbl.ca\/blog\/wp-json\/wp\/v2\/posts\/3635\/revisions"}],"predecessor-version":[{"id":3636,"href":"http:\/\/intranet.asbl.ca\/blog\/wp-json\/wp\/v2\/posts\/3635\/revisions\/3636"}],"wp:attachment":[{"href":"http:\/\/intranet.asbl.ca\/blog\/wp-json\/wp\/v2\/media?parent=3635"}],"wp:term":[{"taxonomy":"category","embeddable":true,"href":"http:\/\/intranet.asbl.ca\/blog\/wp-json\/wp\/v2\/categories?post=3635"},{"taxonomy":"post_tag","embeddable":true,"href":"http:\/\/intranet.asbl.ca\/blog\/wp-json\/wp\/v2\/tags?post=3635"}],"curies":[{"name":"wp","href":"https:\/\/api.w.org\/{rel}","templated":true}]}}