{"id":3649,"date":"2020-09-27T09:02:16","date_gmt":"2020-09-27T09:02:16","guid":{"rendered":"http:\/\/intranet.asbl.ca\/blog\/?p=3649"},"modified":"2020-09-22T02:56:00","modified_gmt":"2020-09-22T02:56:00","slug":"jean-francois-maurice-rencontre-parole","status":"publish","type":"post","link":"http:\/\/intranet.asbl.ca\/blog\/2020\/09\/27\/jean-francois-maurice-rencontre-parole\/","title":{"rendered":"Jean Francois Maurice Rencontre Parole"},"content":{"rendered":"<p> Cher Christophe et famille, veuillez recevoir toutes nos condol\u00e9ances sinc\u00e8res. Que Dieu soit pour vous un consolateur. Vous pouvez \u00e9galement \u00e0 tout moment revoir vos options en mati\u00e8re de ciblage. En savoir plus sur notre. Harvey Weinstein a \u00e9t\u00e9 test\u00e9 positif au coronavirus, apr\u00e8s avoir s\u00e9journ\u00e9 \u00e0 la prison de Rikers Island de New Yorkpuis au centre p\u00e9nitencier de Wende, o\u00f9 deux d\u00e9tenus sont eux aussi contamin\u00e9s mais isol\u00e9s, Il avait \u00e9galement \u00e9t\u00e9 hospitalis\u00e9 le 11 mars, \u00e0 lh\u00f4pital Bellevue, pour des douleurs thoraciques. Le producteur de 68 ans, condamn\u00e9 \u00e0 23 ans de prison pour agression sexuelle et viol, ignore o\u00f9 il a contract\u00e9 le virus, mais a \u00e9t\u00e9 plac\u00e9 en isolement, pour lheure. Lancien pr\u00e9sident du Real Madrid Lorenzo Sanz est d\u00e9c\u00e9d\u00e9 du virus le 21 mars \u00e0 l\u00e2ge de 76 ans. Il avait \u00e9t\u00e9 hospitalis\u00e9 le 17 mars. Cest son fils, lui aussi pr\u00e9nomm\u00e9 Lorenzo, qui a annonc\u00e9 la mort de son p\u00e8re sur Twitter. A la t\u00eate du club madril\u00e8ne entre 1995 et 2000, lhomme daffaires avait permis \u00e0 l\u00e9quipe de remporter deux Ligues des champions. Une publication partag\u00e9e par evacolasoff le 20 Mars 2020 \u00e0 3 :18 PDT Cloudflare Ray ID: 5a2bcab26da50ba4 Your IP: 36.71.233.40 Performance security by Recevez, en famille, notre profonde sympathie et nos sinc\u00e8res condol\u00e9ances. Zmiany ustawie\u0144 przegl\u0105darki wyra\u017casz zgod\u0119 na stosowanie plik\u00f3w cookies zgodnie z En ligne ou dans votre bo\u00eete aux lettres, ne ratez plus un seul article de Marianne Une publication partag\u00e9e par john_taylor_daily le 5 Avril 2020 \u00e0 5 :36 PDT <img decoding=\"async\" src=\"http:\/\/s2.dmcdn.net\/oHoMB.jpg\" alt=\"jean francois maurice rencontre parole\" align=\"left\"> Quelques jours plus t\u00f4t, C\u00e9line Dion avait, malade au point dannuler plusieurs concerts. Toutefois, la chanteuse de 51 ans a on limagine eu un soupir de soulagement en d\u00e9couvrant quelle avait \u00e9t\u00e9 test\u00e9e n\u00e9gative au Covid-19. Il sagissait donc dun simple rhume.. Kristofer Hivju, qui interpr\u00e8te Tormund Giantsbane dans la s\u00e9rie Game Of Thrones, a \u00e9galement \u00e9t\u00e9 contamin\u00e9 au Covid-19. Le com\u00e9dien de 41 ans a indiqu\u00e9, sur Instagram : Ma famille et moi-m\u00eame sommes en confinement \u00e0 la maison pour tout le temps que cela durera. Nous sommes en bonne sant\u00e9-je nai que des sympt\u00f4mes dun rhume. Depuis quarante ans, aucun gouvernement na r\u00e9ussi \u00e0 tenir les deux bouts. Une publication partag\u00e9e par patrickbruel le 2 Avril 2020 \u00e0 1 :15 PDT Vous souhaitez annoncer gratuitement vos infos services? Patrick Bruel : sa vie, ses chansons, ses femmes, ses accusations.. Biographie Chantal Lacroix revient sur sa rupture HuffPost Qu\u00e9bec <img decoding=\"async\" src=\"http:\/\/4.bp.blogspot.com\/_kDruELDGM7k\/S9Z4wFKzRYI\/AAAAAAAAAiY\/AdNsHGV-ceU\/s1600\/porches_a_venise.jpg\" alt=\"jean francois maurice rencontre parole\" align=\"left\"> Le chanteur Christophe a \u00e9t\u00e9 hospitalis\u00e9 le 29 mars pour insuffisance respiratoire en lien avec son emphys\u00e8me, selon les informations du Parisien. Lartiste de 74 ans est plac\u00e9 en service de r\u00e9animation dans un h\u00f4pital \u00e0 Paris. Linterpr\u00e8te des Mots Bleus devait se produire au Grand Rex le 29 et 30 avril. Sagit-il du coronavirus? Sa femme V\u00e9ronique Bevilacqua a d\u00e9clar\u00e9 lh\u00f4pital refuse de donner des informations \u00e0 la suite de trop nombreux appels de la presse. Son \u00e9tat nest pas rassurant, mais il est stable, souligne-t-elle dans les colonnes du quotidien. Nous, sa famille, esp\u00e9rons que les poumons vont tenir et se remettre. , Chantal Lacroix a \u00e9galement expliqu\u00e9 les raisons layant men\u00e9e \u00e0 mettre un terme aux activit\u00e9s de sa maison de production, Kenya, quelle op\u00e9rait depuis 2005. Conf\u00e9rence de presse de M. Fran\u00e7ois Legault, premier ministre <img decoding=\"async\" src=\"http:\/\/www.mode-shop.fr\/images\/produits\/75\/New-Look-17038067-2.jpg\" alt=\"jean francois maurice rencontre parole\" align=\"right\"> Contact du comit\u00e9 de soutien \u00e0 In\u00e8s L\u00e9raud : comitedesoutien-inesleraudlaposte.net Pour lire le communiqu\u00e9 : Cour Grand-Ducale CourGrandDucale  Conf\u00e9rence de presse de M. Fran\u00e7ois Legault, premier ministre et Mme Danielle McCann, ministre de la Sant\u00e9 et des Services sociaux.<\/p>\n","protected":false},"excerpt":{"rendered":"<p>jean francois maurice rencontre parole<\/p>\n","protected":false},"author":1,"featured_media":0,"comment_status":"closed","ping_status":"closed","sticky":false,"template":"","format":"standard","meta":{"footnotes":""},"categories":[1],"tags":[],"_links":{"self":[{"href":"http:\/\/intranet.asbl.ca\/blog\/wp-json\/wp\/v2\/posts\/3649"}],"collection":[{"href":"http:\/\/intranet.asbl.ca\/blog\/wp-json\/wp\/v2\/posts"}],"about":[{"href":"http:\/\/intranet.asbl.ca\/blog\/wp-json\/wp\/v2\/types\/post"}],"author":[{"embeddable":true,"href":"http:\/\/intranet.asbl.ca\/blog\/wp-json\/wp\/v2\/users\/1"}],"replies":[{"embeddable":true,"href":"http:\/\/intranet.asbl.ca\/blog\/wp-json\/wp\/v2\/comments?post=3649"}],"version-history":[{"count":1,"href":"http:\/\/intranet.asbl.ca\/blog\/wp-json\/wp\/v2\/posts\/3649\/revisions"}],"predecessor-version":[{"id":3650,"href":"http:\/\/intranet.asbl.ca\/blog\/wp-json\/wp\/v2\/posts\/3649\/revisions\/3650"}],"wp:attachment":[{"href":"http:\/\/intranet.asbl.ca\/blog\/wp-json\/wp\/v2\/media?parent=3649"}],"wp:term":[{"taxonomy":"category","embeddable":true,"href":"http:\/\/intranet.asbl.ca\/blog\/wp-json\/wp\/v2\/categories?post=3649"},{"taxonomy":"post_tag","embeddable":true,"href":"http:\/\/intranet.asbl.ca\/blog\/wp-json\/wp\/v2\/tags?post=3649"}],"curies":[{"name":"wp","href":"https:\/\/api.w.org\/{rel}","templated":true}]}}