{"id":3669,"date":"2020-09-27T03:50:25","date_gmt":"2020-09-27T03:50:25","guid":{"rendered":"http:\/\/intranet.asbl.ca\/blog\/?p=3669"},"modified":"2020-09-22T03:37:32","modified_gmt":"2020-09-22T03:37:32","slug":"point-rencontre-jeunes-glacerie","status":"publish","type":"post","link":"http:\/\/intranet.asbl.ca\/blog\/2020\/09\/27\/point-rencontre-jeunes-glacerie\/","title":{"rendered":"Point Rencontre Jeunes Glacerie"},"content":{"rendered":"<p><img decoding=\"async\" src=\"http:\/\/www.grenoble-montagne.com\/uploads\/Ballade\/33\/783_436_grand-armet-glacier.jpg\" alt=\"point rencontre jeunes glacerie\" align=\"center\"> Pendant tout l\u00e9t\u00e9, la biblioth\u00e8que invite la musique \u00e0 entrer en ses murs. Dailleurs, depuis une semaine, une exposition pr\u00eat\u00e9e par la m\u00e9diath\u00e8que d\u00e9partementale, inspir\u00e9e du livre LOdyss\u00e9e du jazz de No\u00ebl Balen est install\u00e9e. Elle retrace ainsi en vingt-quatre panneaux, la fabuleuse histoire de ce genre musical originaire du sud des \u00c9tats-Unis. Cela d\u00e9marre Champion du Monde des M\u00e9tiers du Dessert \u00e0 Milan : Italie You have reached your viewing limit for this book. Par Juin 24, 2019 Samedi 22 juin sest d\u00e9roul\u00e9 le traditionnel tournoi OPEN du club. Dans la joie et dans la bonne humeur avec le soleil en prime, la journ\u00e9e sest tr\u00e8s bien pass\u00e9e avec une victoire finale de l\u00e9quipe Les Bons Copains Retour en images sur les.. \u03a0\u03b1\u03bd\u03c4\u03b5\u03bb\u03cc\u03bd\u03b9 \u03c3\u03ba\u03b9 \u03b3\u03c5\u03bd\u03b1\u03b9\u03ba\u03b5\u03af\u03bf \u039c\u03c0\u03bf\u03c1\u03b5\u03af\u03c4\u03b5 \u03bd\u03b1 \u03c3\u03c5\u03bb\u03bb\u03ad\u03be\u03b5\u03c4\u03b5 \u03bf\u03bb\u03b9\u03ba\u03b7 \u03b5\u03ba\u03bb\u03b5\u03b9\u03c8\u03b7 \u03c3\u03b5\u03bb\u03b7\u03bd\u03b7\u03c2 2014 Le magazine de d\u00e9couvertes avait install\u00e9 ses cam\u00e9ras sur l\u00eele de R\u00e9 voil\u00e0 un an, jour pour jour. Premi\u00e8re diffusion dimanche 12 mai \u00e0 13h30 sur France 3. Ce nest pas quils simpatientaient de se voir \u00e0 l\u00e9cran ou dadmirer le fruit de leur travail, mais les participants insulaires au tournage de l\u00e9mission \u00c9chapp\u00e9es belles &#8212;&#8212;&#8212;&#8212;&#8212;&#8212;&#8212;&#8212;&#8212;&#8212;&#8212;&#8211;Cest un petit m\u00e2le de 14 kg qui a \u00e9t\u00e9 d\u00e9couvert le jeudi 14 novembre par Madame Leclerc, au pied du fortin du Martray. Alert\u00e9s, les correspondants du r\u00e9seau national \u00e9chouages de R\u00e9 nature environnement se sont rendus sur place. Willy Dabin, de lobservatoire Pelagis, a ensuite pris lanimal en charge avec le concours dEmmanuel Renou, saunier \u00e0 La Couarde. Tr\u00e8s <img decoding=\"async\" src=\"http:\/\/fluencycontent-schoolwebsite.netdna-ssl.com\/FileCluster\/Hurstpierpoint\/MainFolder\/home-banner\/home_trees2_2018.jpg\" alt=\"point rencontre jeunes glacerie\" align=\"center\"> Catherine Destivelle : Dans un camp de base, il ny a rien \u00e0 faire dautre que dattendre Ils se r\u00e9unissent tous les mardis \u00e0 la cabane de Montamer pour un atelier d\u00e9criture et proposent \u00e0 un public habitu\u00e9 un ap\u00e9ro litt\u00e9raire tous les ans \u00e0 la fin de la saison, afin de partager leur amour des mots. Dimanche 30 juin, durant un peu plus dune heure, les adh\u00e9rents de lassociation Art Dit A vingt cinq ans, il est s\u00e9lectionn\u00e9 dans l\u00e9quipe de France qui participe \u00e0 la Coupe du Monde de la P\u00e2tisserie. Il terminera deuxi\u00e8me par \u00e9quipe et premier en cat\u00e9gorie glace. Nous esp\u00e9rons vous revenir tr\u00e8s vite. En attendant, prenez soin de vous!  L\u00eele de R\u00e9, ses stages de voile, de surf, de tennis, de paddle et de cirque. Implant\u00e9 depuis six ans \u00e0 lespace Bel Air de La Flotte, le chapiteau dOphidie Circus nen finit pas daccueillir tous les \u00e9t\u00e9s des enfants, petits R\u00e9tais ou petits vacanciers qui, ann\u00e9e apr\u00e8s ann\u00e9e, savent que les vacances r\u00e9taises chez Vous vous \u00e9tiez sans doute habitu\u00e9s \u00e0 la petite bo\u00eete verte et haute sur pattes install\u00e9e sur le parvis de la salle des f\u00eates. Devant le succ\u00e8s rencontr\u00e9, la mairie a investi dans un mod\u00e8le haut de gamme, digne dun d\u00e9cor de bord de mer. Prenant la forme dune cabine de plage 1920, la nouvelle Ayant obtenu le label Terre Saine, la commune souhaite engager tous les habitants dans un projet environnemental denvergure. Dans un premier temps, il sagit de valoriser la d\u00e9marche z\u00e9ro pesticide de la collectivit\u00e9 et dencourager les habitants du village \u00e0 se passer enti\u00e8rement des produits phytosanitaires. Pour relever ce challenge, la municipalit\u00e9 invite tout dabord \u00e0  <img decoding=\"async\" src=\"http:\/\/www.topfferiana.fr\/wp-content\/uploads\/2014\/09\/dore-ascension-01.jpg\" alt=\"point rencontre jeunes glacerie\" align=\"left\"> Les plans 2020 sont n\u00e9s pendant cette p\u00e9riode groenlandaise, je crois quil va y avoir encore du passage \u00e0 la petite maison bleue du Groenland. Alors jai tent\u00e9 doublier le silence du Groenland pour faire face \u00e0 nos pauvres montagnes c\u00e2bl\u00e9es, balafr\u00e9es. La m\u00e9t\u00e9o pas trop favorable, ma offert quelques jours de rab pour r\u00e9cup\u00e9rer et macclimater. Ce qui ma permis de partir sur des chemins escarp\u00e9s, pour savoir si mes plaies \u00e9taient bien referm\u00e9es, si ma proth\u00e8se plan B pouvait supporter une telle ascension. La r\u00e9ponse est quasiment positive, ce sera du 90, alors pourquoi se plaindre. Mais entre vous et moi jai d\u00fb surmonter bien plus quune pauvre boiterie. Un dipl\u00f4me est remis en fin de semaine valorisant ainsi lassiduit\u00e9 de chaque stagiaire, lobjectif \u00e9tant daider chaque personne \u00e0 atteindre ses objectifs. D\u00e8s 1882, des essais d\u00e9clairage \u00e9lectrique sont faits dans le grand foyer puis dans la salle de spectacle par la. Cest avec un grand ouf de soulagement que Christian Bourgne, pr\u00e9sident de lassociation De R\u00e9 \u00e0 T\u00e9louet, a vu partir le camion vers Tzigui nBarda, la commune de T\u00e9louet au Maroc que lassociation soutient depuis plusieurs ann\u00e9es. Dimanche 19 mai, quelques courageux membres de lassociation ont ainsi charg\u00e9 plus de 30 m3 de mat\u00e9riel dans un Depuis 2001 lassociation valorise et mutualise, de mani\u00e8re participative, les analyses des m\u00e9tiers et des dangers faites par les personnes du terrain : pr\u00e9venteurs, salari\u00e9s, formateurs, membres des CSE, etc.<\/p>\n","protected":false},"excerpt":{"rendered":"<p>point rencontre jeunes glacerie<\/p>\n","protected":false},"author":1,"featured_media":0,"comment_status":"closed","ping_status":"closed","sticky":false,"template":"","format":"standard","meta":{"footnotes":""},"categories":[1],"tags":[],"_links":{"self":[{"href":"http:\/\/intranet.asbl.ca\/blog\/wp-json\/wp\/v2\/posts\/3669"}],"collection":[{"href":"http:\/\/intranet.asbl.ca\/blog\/wp-json\/wp\/v2\/posts"}],"about":[{"href":"http:\/\/intranet.asbl.ca\/blog\/wp-json\/wp\/v2\/types\/post"}],"author":[{"embeddable":true,"href":"http:\/\/intranet.asbl.ca\/blog\/wp-json\/wp\/v2\/users\/1"}],"replies":[{"embeddable":true,"href":"http:\/\/intranet.asbl.ca\/blog\/wp-json\/wp\/v2\/comments?post=3669"}],"version-history":[{"count":1,"href":"http:\/\/intranet.asbl.ca\/blog\/wp-json\/wp\/v2\/posts\/3669\/revisions"}],"predecessor-version":[{"id":3670,"href":"http:\/\/intranet.asbl.ca\/blog\/wp-json\/wp\/v2\/posts\/3669\/revisions\/3670"}],"wp:attachment":[{"href":"http:\/\/intranet.asbl.ca\/blog\/wp-json\/wp\/v2\/media?parent=3669"}],"wp:term":[{"taxonomy":"category","embeddable":true,"href":"http:\/\/intranet.asbl.ca\/blog\/wp-json\/wp\/v2\/categories?post=3669"},{"taxonomy":"post_tag","embeddable":true,"href":"http:\/\/intranet.asbl.ca\/blog\/wp-json\/wp\/v2\/tags?post=3669"}],"curies":[{"name":"wp","href":"https:\/\/api.w.org\/{rel}","templated":true}]}}