{"id":3683,"date":"2020-09-27T19:32:38","date_gmt":"2020-09-27T19:32:38","guid":{"rendered":"http:\/\/intranet.asbl.ca\/blog\/?p=3683"},"modified":"2020-09-22T04:07:39","modified_gmt":"2020-09-22T04:07:39","slug":"antoine-manier-rencontres-audiovisuelles","status":"publish","type":"post","link":"http:\/\/intranet.asbl.ca\/blog\/2020\/09\/27\/antoine-manier-rencontres-audiovisuelles\/","title":{"rendered":"Antoine Manier Rencontres Audiovisuelles"},"content":{"rendered":"<p>MSF est une association m\u00e9dicale humanitaire internationale cr\u00e9\u00e9e en 1971 \u00e0 Paris par des m\u00e9decins et des journalistes. Nous apportons une assistance m\u00e9dicale \u00e0 des populations dont la vie ou la sant\u00e9 est menac\u00e9e en cas de conflits arm\u00e9s, d\u00e9pid\u00e9mies, de catastrophes naturelles ou encore dexclusion des soins. La garantie de notre autonomie senracine dans notre financement, assur\u00e9 par la g\u00e9n\u00e9rosit\u00e9 de nos donateurs priv\u00e9s. Fanny Ardant est n\u00e9e \u00e0 Saumur, la Com\u00e9die-Fran\u00e7aise des chevaux selon Paul Morand, puis a grandi \u00e0 Monaco o\u00f9, \u00e0 partir des ann\u00e9es soixante, son p\u00e8re devient lun des conseillers de la garde personnelle du prince Rainier. Une \u00e9ducation dans la pure tradition aristocratique, \u00e0 la Don Quichotte, dira-t-elle. Des le\u00e7ons de ce p\u00e8re, militaire et pourtant antimilitariste qui s\u00e9tait dabord engag\u00e9 pour lamour des chevaux, elle retiendra entre autres celle-ci, aux allures de parabole : Il faut laisser le cheval libre, tout en le contr\u00f4lant au plus pr\u00e8s. Ne jamais contraindre lanimal. Libre, toujours libre. <img decoding=\"async\" src=\"http:\/\/m3c.univ-corse.fr\/omeka\/files\/original\/f2d9282d55c7df5fbf3c48963af18899.jpg\" alt=\"antoine manier rencontres audiovisuelles\" align=\"left\"> Au-del\u00e0 de la distribution du panier, Kilti se d\u00e9cline aussi en soir\u00e9es  Il est possible pour un utilisateur ou pour une entreprise dajouter des hyperliens de son site vers le Site. On peut en aviser Loom Prod. Sauf si une entente \u00e0 leffet contraire est pr\u00e9vue, ce lien ne doit en aucun cas supposer dune quelconque fa\u00e7on que le Site est associ\u00e9 au site web h\u00e9bergeant lhyperlien, ni quil autorise, approuve ou endosse le contenu pr\u00e9sent\u00e9. Loom Prod se r\u00e9serve le droit dexiger le retrait dun hyperlien vers son site, et ce, \u00e0 tout moment. Pr\u00e9venez-moi de tous les nouveaux commentaires par e-mail. Exposition du 26 mai au 2 juin : Leau-Lenergie-Good Planet-Photographie de Yann Arthus-Bertrand Conform\u00e9ment \u00e0 la, vous disposez dun droit dacc\u00e8s et de rectification des donn\u00e9es que vous pouvez exercer en vous adressant par courriel \u00e0 ladresse : <img decoding=\"async\" src=\"http:\/\/www.institutdugrenat.com\/wp-content\/uploads\/2016\/04\/13055800_273193806352295_4744119512200007364_o-e1461942032884.jpg\" alt=\"antoine manier rencontres audiovisuelles\" align=\"center\"> Lundi 19 Novembre linvit\u00e9 est Antoine Manier, directeur des Rencontres Audiovisuelles et du Video Mapping European Center. Comment allier culture, num\u00e9rique, Europe, inclusion sociale et d\u00e9veloppement territorial? Le Video Mapping European Center en a la r\u00e9ponse. Voyage au coeur de cette forme dart innovante qui \u00e9pate les petits comme les grands! On a 3 compartiments diff\u00e9rents. Il y a dabord l\u00e9quipe \u00e0 Paris. Nous sommes une quinzaine situ\u00e9e \u00e0 Station F, lincubateur de start-up de Xavier Niel dans le 13 e arrondissement. Cest l\u00e0 o\u00f9 Fabien et moi travaillons mais il y a aussi notre p\u00f4le cr\u00e9ation de contenus, nos commerciaux, le social media, la communication, la finance etc. Je pense que je noublie pas les grandes lignes. Il y a aussi des gens qui sont reli\u00e9s \u00e0 la direction commerciale, ce quon appelle des account manager. Ils sont l\u00e0 pour supporter nos partenaires. Aujourdhui, cest tr\u00e8s important pour nous tout \u00e7a. Cest le squelette qui fait vivre l\u00e9quipe. -Illustrer lensemble \u00e0 travers la ligne des produits leaders. La F\u00eate de lanimation ou F\u00eate-Anim est un festival cr\u00e9\u00e9 en \u00e0 par Antoine Manier de lassociation Rencontres Audiovisuelles. Cet \u00e9v\u00e9nement annuel et international sarticule autour de l sous toutes ses formes A. M. : Elle est quasi inexistante! Il nexiste aucune \u00e9cole ni dans le monde d\u00e9di\u00e9e au mapping. Certaines \u00e9coles des Beaux-Arts organisent des ateliers de sensibilisation de quelques jours. Des formations professionnelles assez courtes sont \u00e9galement propos\u00e9es par les fabricants mat\u00e9riel ou logiciel. Avec la Hongrie qui a initi\u00e9 le Limelight Factory, nous devons \u00eatre les seuls en Europe \u00e0 proposer une r\u00e9sidence de formation. Les 1825 ans et les d\u00e9butants peuvent ainsi suivre \u00e0 Lille une formation de quatre mois intensifs, les professionnels audiovisuel, animation, art num\u00e9rique, etc. Une formation via lAFDAS ou se lancer dans un projet personnel \u00e0 travers une r\u00e9sidence ou le Contest. Ils peuvent aussi suivre une r\u00e9sidence de recherche et cr\u00e9ation th\u00e9matique sur le vid\u00e9o mapping une initiative des Rencontres audiovisuelles, laboratoire DeVisu de lUniversit\u00e9 polytechnique Hauts-de-France et Arenberg Creative Mine, ndlr. Avec luniversit\u00e9 de Lille, nous pensons mettre en place le premier dipl\u00f4me universitaire de vid\u00e9o mapping. Les soci\u00e9t\u00e9s fran\u00e7aises ont beaucoup de difficult\u00e9s aujourdhui \u00e0 recruter des chefs de projets et \u00e0 trouver des profils adapt\u00e9s. <img decoding=\"async\" src=\"http:\/\/medias.blogbmw.fr\/2015\/02\/BMW-POZZI-4-951x951.jpg\" alt=\"antoine manier rencontres audiovisuelles\" align=\"left\"> \u00c0 des partis pris plut\u00f4t audacieux r\u00e9pond un sc\u00e9nario inventif, r\u00e9f\u00e9renc\u00e9 et d\u00e9cal\u00e9, qui tout en travaillant quelques figures impos\u00e9es du polar, du fantastique ou du m\u00e9lo, laisse \u00e9clater la sensibilit\u00e9 et lhumour dAlain Gagnol. Cest un festival pas tr\u00e8s gai, grave. Georges Marque-Bouaret le reconna\u00eet : le Figra Festival international du grand reportage dactualit\u00e9 et du documentaire de soci\u00e9t\u00e9 ne respire pas linsouciance. Ce festival qui montre le monde qui tourne bien ou mal est pour lui le reflet de ce que la plan\u00e8te et les personnes qui y vivent subissent comme assauts. Organis\u00e9 chaque ann\u00e9e au Touquet, ce rendez-vous a pour ambition, selon son d\u00e9l\u00e9gu\u00e9 g\u00e9n\u00e9ral, de montrer ce que les journalistes, quand il y avait suffisamment de magazines \u00e0 la t\u00e9l\u00e9vision, pouvaient amener comme regard. Patrick GRANDI Cette adresse e-mail est prot\u00e9g\u00e9e contre les robots spammeurs. Vous devez activer le JavaScript pour la visualiser. Fabien N\u00e9o Devide gauche, Nicolas Maurer centre et Lucas Cabochard Simon-Meslet droite exultent pour leur qualification au championnat du monde 2018 de League of Legends. Cr\u00e9dits : Riot Games. Peux-tu nous expliquer comment se structure une \u00e9quipe comme Vitality? Production ex\u00e9cutive \u00e9v\u00e9nementielle Event executive productio n  \u03a4\u03bf \u03c0\u03b1\u03b9\u03b4\u03af \u03c9\u03c2 \u03bc\u03ac\u03c1\u03c4\u03c5\u03c1\u03b1\u03c2 \u03c3\u03b5 \u03b4\u03af\u03ba\u03b7 \u03ba\u03b1\u03b9 \u03b7 \u03b1\u03c0\u03bf\u03b4\u03b5\u03b9\u03ba\u03c4\u03b9\u03ba\u03ae \u03b1\u03be\u03af\u03b1 \u03c4\u03b7\u03c2 \u03ba\u03b1\u03c4\u03ac\u03b8\u03b5\u03c3\u03ae\u03c2 \u03c4\u03bf\u03c5.<\/p>\n","protected":false},"excerpt":{"rendered":"<p>antoine manier rencontres audiovisuelles<\/p>\n","protected":false},"author":1,"featured_media":0,"comment_status":"closed","ping_status":"closed","sticky":false,"template":"","format":"standard","meta":{"footnotes":""},"categories":[1],"tags":[],"_links":{"self":[{"href":"http:\/\/intranet.asbl.ca\/blog\/wp-json\/wp\/v2\/posts\/3683"}],"collection":[{"href":"http:\/\/intranet.asbl.ca\/blog\/wp-json\/wp\/v2\/posts"}],"about":[{"href":"http:\/\/intranet.asbl.ca\/blog\/wp-json\/wp\/v2\/types\/post"}],"author":[{"embeddable":true,"href":"http:\/\/intranet.asbl.ca\/blog\/wp-json\/wp\/v2\/users\/1"}],"replies":[{"embeddable":true,"href":"http:\/\/intranet.asbl.ca\/blog\/wp-json\/wp\/v2\/comments?post=3683"}],"version-history":[{"count":1,"href":"http:\/\/intranet.asbl.ca\/blog\/wp-json\/wp\/v2\/posts\/3683\/revisions"}],"predecessor-version":[{"id":3684,"href":"http:\/\/intranet.asbl.ca\/blog\/wp-json\/wp\/v2\/posts\/3683\/revisions\/3684"}],"wp:attachment":[{"href":"http:\/\/intranet.asbl.ca\/blog\/wp-json\/wp\/v2\/media?parent=3683"}],"wp:term":[{"taxonomy":"category","embeddable":true,"href":"http:\/\/intranet.asbl.ca\/blog\/wp-json\/wp\/v2\/categories?post=3683"},{"taxonomy":"post_tag","embeddable":true,"href":"http:\/\/intranet.asbl.ca\/blog\/wp-json\/wp\/v2\/tags?post=3683"}],"curies":[{"name":"wp","href":"https:\/\/api.w.org\/{rel}","templated":true}]}}