{"id":3717,"date":"2020-09-27T03:33:57","date_gmt":"2020-09-27T03:33:57","guid":{"rendered":"http:\/\/intranet.asbl.ca\/blog\/?p=3717"},"modified":"2020-09-22T05:26:40","modified_gmt":"2020-09-22T05:26:40","slug":"evene-rencontre","status":"publish","type":"post","link":"http:\/\/intranet.asbl.ca\/blog\/2020\/09\/27\/evene-rencontre\/","title":{"rendered":"Evene Rencontre"},"content":{"rendered":"<p>Glace Room, un tout nouveau glacier, ouvre ses portes non loin de la Place de la Bastille, pile \u00e0 lheure pour les beaux jours. <img decoding=\"async\" src=\"http:\/\/blog.madame.lefigaro.fr\/stehli\/P1050536.JPG\" alt=\"evene rencontre\" align=\"right\"> Secteurs dapplications Usages de la VR AR-Actualit\u00e9s \u0394\u03b9\u03b5\u03b8\u03bd\u03ae\u03c2 \u03ba\u03bb\u03b9\u03bd\u03b9\u03ba\u03ae \u03bc\u03b5\u03bb\u03ad\u03c4\u03b7 \u03c3\u03c4\u03b7\u03bd \u03bf\u03c0\u03bf\u03af\u03b1 \u03c3\u03c5\u03bc\u03bc\u03b5\u03c4\u03b5\u03af\u03c7\u03b1\u03bd 11 \u03c7\u03ce\u03c1\u03b5\u03c2 \u03ba\u03b1\u03b9 \u03c0\u03b5\u03c1\u03b9\u03b5\u03bb\u03ac\u03bc\u03b2\u03b1\u03bd\u03b5 3000 \u03ac\u03c4\u03bf\u03bc\u03b1 : Share Sur les traces des carriers with your friends. Save Sur les traces des carriers to your collection. Jardins Ouverts en Ile-de-France revient pour sa quatri\u00e8me \u00e9dition! Une ann\u00e9e tr\u00e8s sp\u00e9ciale : au lieu dun week-end, les Franciliens peuvent profiter de deux mois danimations et des sorties originales dans les espaces verts de leur ville. Du 4 juillet au 30 ao\u00fbt 2020, rendez-vous dans les parcs et jardins de votre r\u00e9gion. \u00c9tudes de TerrainDes \u00c9tudes de terrain exclusives \u00e0 l\u00e9v\u00e9nement seront disponibles, elles vous permettront de rencontrer Noadkoko dAlola, Azumarill et, si vous avez \u00e9norm\u00e9ment de chance, Nanm\u00e9ou\u00efe. Elles sont list\u00e9es ci-dessous: tr\u00e8s peu que lon peut faire, il faut le faire quand-m\u00eame. Th\u00e9odore Confin\u00e9s, Rom\u00e9o Montaigu et Juliette Capulet se donnent un rendez-vous virtuel pour sceller le pacte damour les unira jusqu\u00e0 la mort. Le pr\u00e9sident du Faso, chef supr\u00eame des arm\u00e9es, ministre de la D\u00e9fense nationale et des anciens combattants, Blaise Compaor\u00e9, a rencontr\u00e9 lensemble des Forces a.. <img decoding=\"async\" src=\"http:\/\/cancermotisys.eu\/img\/7cd4d5a4bd73afc0a816243cdec3fabc.jpg\" alt=\"evene rencontre\" align=\"center\">  https:s3.gy.digitalboxpharmacyuploadsassetdata16021Avene_Tolerance_Cream_50ml.jpg Toutes mes citations de A \u00e0 F E comme existence Ce quon rencontre dans la vie est la destin\u00e9e. La fa\u00e7on dont on la rencontre est leffort personnel. De Sathya Sai Baba <img decoding=\"async\" src=\"http:\/\/adjecetival.tk\/articles\/lampes\/zoom\/Veilleuse-CHARDER_9264.jpg\" alt=\"evene rencontre\" align=\"right\"> Share Teaching Mindfully with your friends. Save Teaching Mindfully to your collection. Une vraie rencontre, une rencontre d\u00e9cisive, cest quelque chose qui ressemble au destin. De Tahar Ben Jelloun LAuberge des pauvres  Share Acad\u00e9mie Lime Lyon with your friends. Save Acad\u00e9mie Lime Lyon to your collection. \u03a6\u03c1\u03bf\u03bd\u03c4\u03af\u03b4\u03b1 \u03ba\u03b1\u03b9 \u03c0\u03c1\u03bf\u03c3\u03c4\u03b1\u03c3\u03af\u03b1 \u03c4\u03bf\u03c5 \u03b4\u03ad\u03c1\u03bc\u03b1\u03c4\u03bf\u03c2 \u03c4\u03bf\u03c5 \u03c0\u03c1\u03bf\u03c3\u03ce\u03c0\u03bf\u03c5 \u03ba\u03b1\u03c4\u03ac \u03c4\u03b7\u03c2 \u03c0\u03c1\u03cc\u03c9\u03c1\u03b7\u03c2 \u03b3\u03ae\u03c1\u03b1\u03bd\u03c3\u03b7\u03c2 \u03ba\u03b1\u03b9 \u03c4\u03b7\u03bd \u03c0\u03c1\u03cc\u03bb\u03b7\u03c8\u03b7 \u03c4\u03bf\u03c5 \u03c3\u03c7\u03b7\u03bc\u03b1\u03c4\u03b9\u03c3\u03bc\u03bf\u03cd \u03c4\u03c9\u03bd \u03c1\u03c5\u03c4\u03af\u03b4\u03c9\u03bd \u03ba\u03b1\u03b9 \u03b3\u03c1\u03b1\u03bc\u03bc\u03ce\u03bd. Cit\u00e9 par Las Cases dans le M\u00e9morial de Sainte-H\u00e9l\u00e8ne Bordeaux R\u00e9unions : incontournable dans le Sud Ouest depuis 18 ans, sp\u00e9cialiste reconnu dans lorganisation de salons et \u00e9diteurs de guides professionnels et grand public. \u00c0 Paris, lheure est aux transports alternatifs. Si vous \u00eates plut\u00f4t rollers que v\u00e9lo, alors voil\u00e0 un concept qui devrait vous plaire : celui des roulettes d\u00e9tachables qui sadaptent \u00e0 vos sneakers pr\u00e9f\u00e9r\u00e9es. Le Salon de l\u00e9v\u00e9nementiel professionnel made in Sud-Ouest  \u03ba\u03b1\u03bb\u03b7\u03bd\u03c5\u03c7\u03c4\u03b1 \u03bc\u03c9\u03c1\u03bf \u03bc\u03bf\u03c5 \u03c3\u03c4\u03b1 \u03b3\u03b5\u03c1\u03bc\u03b1\u03bd\u03b9\u03ba\u03b1 \u0393\u03b9\u03b1 \u03bd\u03b1 \u03b3\u03af\u03bd\u03b5\u03c4\u03b5 \u03bc\u03ad\u03bb\u03bf\u03c2 \u03c4\u03bf\u03c5 boxpharmacy.gr, \u03c0\u03b1\u03c1\u03b1\u03ba\u03b1\u03bb\u03bf\u03cd\u03bc\u03b5 \u03c3\u03c5\u03bc\u03c0\u03bb\u03b7\u03c1\u03ce\u03c3\u03c4\u03b5 \u03c4\u03bf e-mail \u03ba\u03b1\u03b9 \u03c4\u03bf\u03bd \u03b5\u03c0\u03b9\u03b8\u03c5\u03bc\u03b7\u03c4\u03cc \u03ba\u03c9\u03b4\u03b9\u03ba\u03cc \u03c0\u03c1\u03cc\u03c3\u03b2\u03b1\u03c3\u03b7\u03c2 \u03c3\u03b1\u03c2. Sportminded sappuie sur les valeurs du sport pour optimiser, en interne comme en externe, linfluence et limpact de lengagement des marques, des entreprises, des collectivit\u00e9s Une d\u00e9marche daccompagnement en trois temps : conseil, strat\u00e9gie et activation allant de la conception a\u0300 lorganisation dactivations 360 et de dispositifs dengagement strat\u00e9gies de communication : digitales, social media, \u00e9v\u00e9nementielles.<\/p>\n","protected":false},"excerpt":{"rendered":"<p>evene rencontre<\/p>\n","protected":false},"author":1,"featured_media":0,"comment_status":"closed","ping_status":"closed","sticky":false,"template":"","format":"standard","meta":{"footnotes":""},"categories":[1],"tags":[],"_links":{"self":[{"href":"http:\/\/intranet.asbl.ca\/blog\/wp-json\/wp\/v2\/posts\/3717"}],"collection":[{"href":"http:\/\/intranet.asbl.ca\/blog\/wp-json\/wp\/v2\/posts"}],"about":[{"href":"http:\/\/intranet.asbl.ca\/blog\/wp-json\/wp\/v2\/types\/post"}],"author":[{"embeddable":true,"href":"http:\/\/intranet.asbl.ca\/blog\/wp-json\/wp\/v2\/users\/1"}],"replies":[{"embeddable":true,"href":"http:\/\/intranet.asbl.ca\/blog\/wp-json\/wp\/v2\/comments?post=3717"}],"version-history":[{"count":1,"href":"http:\/\/intranet.asbl.ca\/blog\/wp-json\/wp\/v2\/posts\/3717\/revisions"}],"predecessor-version":[{"id":3718,"href":"http:\/\/intranet.asbl.ca\/blog\/wp-json\/wp\/v2\/posts\/3717\/revisions\/3718"}],"wp:attachment":[{"href":"http:\/\/intranet.asbl.ca\/blog\/wp-json\/wp\/v2\/media?parent=3717"}],"wp:term":[{"taxonomy":"category","embeddable":true,"href":"http:\/\/intranet.asbl.ca\/blog\/wp-json\/wp\/v2\/categories?post=3717"},{"taxonomy":"post_tag","embeddable":true,"href":"http:\/\/intranet.asbl.ca\/blog\/wp-json\/wp\/v2\/tags?post=3717"}],"curies":[{"name":"wp","href":"https:\/\/api.w.org\/{rel}","templated":true}]}}