{"id":3733,"date":"2020-09-27T21:09:43","date_gmt":"2020-09-27T21:09:43","guid":{"rendered":"http:\/\/intranet.asbl.ca\/blog\/?p=3733"},"modified":"2020-09-22T06:14:44","modified_gmt":"2020-09-22T06:14:44","slug":"rencontre-dans-le-tram","status":"publish","type":"post","link":"http:\/\/intranet.asbl.ca\/blog\/2020\/09\/27\/rencontre-dans-le-tram\/","title":{"rendered":"Rencontre Dans Le Tram"},"content":{"rendered":"<p>Parking payant disponible, comprenant des places pour Personnes \u00e0 Mobilit\u00e9 R\u00e9duite. 7 juin \u00e0 V\u00e9lizy-Villacoublay station LOnde, de 14h00 \u00e0 17h00 Tous les soirs depuis le 24 mars, de nombreux voisins se joignent \u00e0 la f\u00eate. Anissa Duport-Levanti Place Grenet Emmanuelle B\u00e9art lors de lavant-premi\u00e8re du film Pentagon Papers au cin\u00e9ma UGC Normandie sur les Denis Guignebourg Bestimage Gr\u00e2ce au programme \u00c9crivains-en-Seine-Saint-Denis, soutenu par Conseil D\u00e9partemental.. Les acc\u00e8s aux gares peuvent \u00eatre modifi\u00e9s et certains acc\u00e8s ferm\u00e9s, avant votre voyage consultez cette page pour obtenir plus dinformations. <img decoding=\"async\" src=\"http:\/\/www.tramway-t4.fr\/msmobilite\/uploads\/sites\/25\/2018\/09\/IMG_20180823_145257.jpg\" alt=\"rencontre dans le tram\" align=\"center\"> Un Report? avant le d\u00e9but de la saison 2020-2021 : Tr\u00e8s incertain, en effet une certaine confusion r\u00e8gne sur place la municipalit\u00e9, battue aux derni\u00e8res \u00e9lections, est d\u00e9mobilis\u00e9e, et la future municipalit\u00e9 nest pas install\u00e9e et nous ne pouvons pr\u00e9sumer des disponibilit\u00e9s, \u00e0 fin ao\u00fbtd\u00e9but septembre, de la salle, des b\u00e9n\u00e9voles et des des troupes programm\u00e9es Un Transport en Commun en Site Propre est un mode de transport b\u00e9n\u00e9ficiant dune voie de circulation qui lui est r\u00e9serv\u00e9e. Le TCSP peut \u00eatre plus largement d\u00e9fini par un syst\u00e8me incluant un mat\u00e9riel roulant performant, disposant de la priorit\u00e9 aux carrefours, un bon niveau de service fr\u00e9quence, amplitude horaire, capacit\u00e9, une plateforme prot\u00e9g\u00e9e de la circulation. Homo poilu sodomie black gay suce moi sous la douche baise gay nature rebeu gay paris cul ouvert gay, <img decoding=\"async\" src=\"http:\/\/www.nappyisbeautiful.be\/wp-content\/uploads\/2013\/01\/photo-tram-TPAMP.jpg\" alt=\"rencontre dans le tram\" align=\"right\">  Le commissaire enqu\u00eateur a par ailleurs consign\u00e9 ses conclusions motiv\u00e9es et rendu un avis favorable pour la D\u00e9claration de lUtilit\u00e9 Publique du projet de prolongement du tramway T7 entre Juvisy-sur-Orge et Athis-Mons et pour la modification du PLU de Juvisy-sur-Orge. Ses conclusions sont assorties de 6.. Fermeture de la Grande Ceinture Ouest Noisy le Roi-St Germain GC. <img decoding=\"async\" src=\"http:\/\/www.ville-et-banlieue.org\/wp-content\/uploads\/2014\/11\/lecedre-chenove51.png\" alt=\"rencontre dans le tram\" align=\"center\"> Sur velorution-strasbourg.fr : La cartes des am\u00e9nagements identifi\u00e9s par les organisations de cyclistes. ALEXANDRE BRASSEUR ET SA FIANCEE JULIETTE RINDOFF-GARCIA BESTIMAGE   Une v\u00e9ritable sc\u00e8ne de cin\u00e9ma, finalement. Cest le ressort dramatique de tout film romantique qui se respecte: le meet cute, la rencontre impr\u00e9vue et po\u00e9tique entre deux personnages, instant fondateur de lhistoire sentimentale \u00e0 venir. Comme lenvie de construire son couple sur une base, sur un moment extraordinaire. Le sur les rails am\u00e8ne \u00e9videmment une how I met story bien plus palpitante quun swipe sur Tinder, admet Gina Potarca. Ou quune presque banale rencontre au cours dune soir\u00e9e avec des amis, qui demeure encore la configuration la plus g\u00e9n\u00e9ratrice de relations amoureuses, selon les statistiques. Le besoin did\u00e9alisation de lamour reste le m\u00eame quil y a 10 ans, ce qui change, cest ce d\u00e9sir de r\u00e9enchanter la figure du couple, et notamment sa gen\u00e8se, face \u00e0 une certaine tinderisation des relations, explique Nathalie Brignoli. Sans calcul En, Frida se rend \u00e0 \u00e0 la grande exposition sur le Mexique organis\u00e9e par le gouvernement \u00e0 la galerie Renou et Pierre Colle. Elle loge chez et rencontre les peintres, et. Une option de taille Modifiez la taille du texte de vos articles en fonction de vos pr\u00e9f\u00e9rences La circulation des v\u00e9hicules automobiles y est autoris\u00e9e, \u00e0 une vitesse maximale de 20 kmh, afin de respecter la priorit\u00e9 des pi\u00e9tons et la s\u00e9curit\u00e9 des cyclistes. Entrez vos coordonn\u00e9es ci-dessous ou cliquez sur une ic\u00f4ne pour vous connecter: R\u00e9sum\u00e9 : Depuis 2014, lautorit\u00e9 organisatrice, la direction et CHSCT du r\u00e9seau de transport public de la communaut\u00e9 dagglom\u00e9ration de Clermont-Ferrand se sont engag\u00e9s dans un projet ambitieux de transformation dun poste de conduite existant afin de r\u00e9soudre les probl\u00e8mes de sant\u00e9 et de conduite quil posait aux conducteurs. Le pari a \u00e9t\u00e9 fait quil \u00e9tait possible de faire \u00e9voluer un poste de conduite sur un mat\u00e9riel existant, sans modifier les \u00e9l\u00e9ments structurels de la cabine et sans toucher non plus, sauf de fa\u00e7on marginale, au tableau de bord et \u00e0 son environnement technique. Quand? Horaires : Au Fil de Lambre, Tram des Balkans, une rencontre. Samedi 1 septembre 2018 Horaires : De 20:00 \u00e0 22:00 FOCUS Le maire de Grenoble d\u00e9livre son plan de d\u00e9confinement pour le lundi 11 mai. Une phase d\u00e9crit comme une reprise de la vie.<\/p>\n","protected":false},"excerpt":{"rendered":"<p>rencontre dans le tram<\/p>\n","protected":false},"author":1,"featured_media":0,"comment_status":"closed","ping_status":"closed","sticky":false,"template":"","format":"standard","meta":{"footnotes":""},"categories":[1],"tags":[],"_links":{"self":[{"href":"http:\/\/intranet.asbl.ca\/blog\/wp-json\/wp\/v2\/posts\/3733"}],"collection":[{"href":"http:\/\/intranet.asbl.ca\/blog\/wp-json\/wp\/v2\/posts"}],"about":[{"href":"http:\/\/intranet.asbl.ca\/blog\/wp-json\/wp\/v2\/types\/post"}],"author":[{"embeddable":true,"href":"http:\/\/intranet.asbl.ca\/blog\/wp-json\/wp\/v2\/users\/1"}],"replies":[{"embeddable":true,"href":"http:\/\/intranet.asbl.ca\/blog\/wp-json\/wp\/v2\/comments?post=3733"}],"version-history":[{"count":1,"href":"http:\/\/intranet.asbl.ca\/blog\/wp-json\/wp\/v2\/posts\/3733\/revisions"}],"predecessor-version":[{"id":3734,"href":"http:\/\/intranet.asbl.ca\/blog\/wp-json\/wp\/v2\/posts\/3733\/revisions\/3734"}],"wp:attachment":[{"href":"http:\/\/intranet.asbl.ca\/blog\/wp-json\/wp\/v2\/media?parent=3733"}],"wp:term":[{"taxonomy":"category","embeddable":true,"href":"http:\/\/intranet.asbl.ca\/blog\/wp-json\/wp\/v2\/categories?post=3733"},{"taxonomy":"post_tag","embeddable":true,"href":"http:\/\/intranet.asbl.ca\/blog\/wp-json\/wp\/v2\/tags?post=3733"}],"curies":[{"name":"wp","href":"https:\/\/api.w.org\/{rel}","templated":true}]}}