{"id":3741,"date":"2020-09-27T08:38:33","date_gmt":"2020-09-27T08:38:33","guid":{"rendered":"http:\/\/intranet.asbl.ca\/blog\/?p=3741"},"modified":"2020-09-22T06:21:53","modified_gmt":"2020-09-22T06:21:53","slug":"rencontre-avec-rafael-nadal","status":"publish","type":"post","link":"http:\/\/intranet.asbl.ca\/blog\/2020\/09\/27\/rencontre-avec-rafael-nadal\/","title":{"rendered":"Rencontre Avec Rafael Nadal"},"content":{"rendered":"<p>Xisca Perello et Rafael Nadal au Mexique, mars 2014 Bestimage Au quil na jamais remport\u00e9, il se qualifie pour la demi-finale en \u00e9liminant 3-6, 7-6 2, 7-5, match durant lequel Nadal sauvera cinq balles de match, 6-3, 3-6, 7-5 et, le tenant du titre 7-5, 7-5. Il sera arr\u00eat\u00e9 par sur le score de 6-2, 6-3. Une nouvelle de Wikinews, la source dinformations que vous pouvez \u00e9crire.  <img decoding=\"async\" src=\"http:\/\/static1.purepeople.com\/articles\/1\/13\/23\/11\/@\/1311684-spain-s-rafael-nadal-and-serbia-s-novak-114x114-2.jpg\" alt=\"rencontre avec rafael nadal\" align=\"right\"> 1973 1974-1975-1976-1977-1978 1979-1980 1981-1982-1983-1984 1985-1986-1987 1988 1989 1990-1991 1992 1993-1994-1995-1996-1997-1998 1999 2000 2001-2002 2003 2004-2005-2006-2007 2008 2009 2010 2011-2012 2013 2014-2015 2016 2017 2018 2019 Depuis quil a 5 ans, lancien num\u00e9ro un mondial est entra\u00een\u00e9 par son oncle, Toni. Ils ne se sont jamais quitt\u00e9s malgr\u00e9 les tentatives r\u00e9p\u00e9t\u00e9es de la F\u00e9d\u00e9ration espagnole de les s\u00e9parer.  qui sont engag\u00e9s vivent au rythme de ce quotidien tr\u00e8s cadenc\u00e9. Pour Dans lautre rencontre du groupe, Stefanos Tsitsipas avait vaincu plus t\u00f4t Daniil Medvedev 7-6, 6-4. Le quotidien local Ultima Hora signale que Rafael Nadal, avec son oncle et entra\u00eeneur Tony Nadal, a finalement pu se joindre \u00e0 eux alors que leur visite touchait \u00e0 son terme, d\u00e9dica\u00e7ant une balle de tennis et posant pour une photo en souvenir de cette nouvelle rencontre. Federer et Nadal ont gagn\u00e9 8 fois cons\u00e9cutivement de 2003 \u00e0 2010 et 10 fois de suite de 2005 \u00e0 2014. Contr\u00f4le pas! A chaque match, il casse sa manette, cela revient super En 2003, il int\u00e8gre l et \u00e9limine deux anciens vainqueurs de sur leur surface favorite, la terre battue ; au et au, r\u00e9v\u00e9lant son immense potentiel sur cette surface. Nadal participe \u00e9galement \u00e0 ses deux premiers tournois du. Il atteint le troisi\u00e8me tour de pour sa premi\u00e8re participation, mais il est \u00e9limin\u00e9 par le Tha\u00eflandais \u00e0 ce stade. Il est ensuite sorti au deuxi\u00e8me tour \u00e0 l par le Marocain. Il termine lann\u00e9e dans le top 50, \u00e0 la 46 e place.  Groupe D Perth :Russie, Italie, Etats-Unis, Norv\u00e8ge Parmi les attractions \u00e0 proximit\u00e9, il y a Rafa Nadal Museum Xperience 0,1 km, Via Verde Manacor-Arta 1,2 km et Parroquia de la Mare de Deu dels Dolors 1,2 km. <img decoding=\"async\" src=\"http:\/\/www.hit-radio.fr\/wp-content\/uploads\/2017\/12\/enguerrand-720x430.jpg\" alt=\"rencontre avec rafael nadal\" align=\"left\"> Cr\u00e9dit photographique pour toutes les images de ce site sauf indication : iStockphoto, L\u00c9quipe, 8 juin 2019 consult\u00e9 le 8 juin 2019 Je nai jamais entendu Rafa dire je suis fatigu\u00e9 Jai fait une grosse erreur : je suis all\u00e9 chez le coiffeur pendant que la finale avait lieu.. Avec tout ce qui passe, on oublie parfois certaines choses. Mais jai r\u00e9ussi \u00e0 regarder la c\u00e9r\u00e9monie de la remise du troph\u00e9e en marchant sur le trottoir \u00e0 Z\u00fcrich. Et j\u00e9tais content! <img decoding=\"async\" src=\"http:\/\/rencontres-gratuites.info\/wp-content\/uploads\/2016\/10\/rencontres-gratuites-logo.png\" alt=\"rencontre avec rafael nadal\" align=\"center\">.<\/p>\n","protected":false},"excerpt":{"rendered":"<p>rencontre avec rafael nadal<\/p>\n","protected":false},"author":1,"featured_media":0,"comment_status":"closed","ping_status":"closed","sticky":false,"template":"","format":"standard","meta":{"footnotes":""},"categories":[1],"tags":[],"_links":{"self":[{"href":"http:\/\/intranet.asbl.ca\/blog\/wp-json\/wp\/v2\/posts\/3741"}],"collection":[{"href":"http:\/\/intranet.asbl.ca\/blog\/wp-json\/wp\/v2\/posts"}],"about":[{"href":"http:\/\/intranet.asbl.ca\/blog\/wp-json\/wp\/v2\/types\/post"}],"author":[{"embeddable":true,"href":"http:\/\/intranet.asbl.ca\/blog\/wp-json\/wp\/v2\/users\/1"}],"replies":[{"embeddable":true,"href":"http:\/\/intranet.asbl.ca\/blog\/wp-json\/wp\/v2\/comments?post=3741"}],"version-history":[{"count":1,"href":"http:\/\/intranet.asbl.ca\/blog\/wp-json\/wp\/v2\/posts\/3741\/revisions"}],"predecessor-version":[{"id":3742,"href":"http:\/\/intranet.asbl.ca\/blog\/wp-json\/wp\/v2\/posts\/3741\/revisions\/3742"}],"wp:attachment":[{"href":"http:\/\/intranet.asbl.ca\/blog\/wp-json\/wp\/v2\/media?parent=3741"}],"wp:term":[{"taxonomy":"category","embeddable":true,"href":"http:\/\/intranet.asbl.ca\/blog\/wp-json\/wp\/v2\/categories?post=3741"},{"taxonomy":"post_tag","embeddable":true,"href":"http:\/\/intranet.asbl.ca\/blog\/wp-json\/wp\/v2\/tags?post=3741"}],"curies":[{"name":"wp","href":"https:\/\/api.w.org\/{rel}","templated":true}]}}