{"id":3757,"date":"2020-09-27T09:14:27","date_gmt":"2020-09-27T09:14:27","guid":{"rendered":"http:\/\/intranet.asbl.ca\/blog\/?p=3757"},"modified":"2020-09-22T06:52:40","modified_gmt":"2020-09-22T06:52:40","slug":"site-de-rencontre-pour-prof","status":"publish","type":"post","link":"http:\/\/intranet.asbl.ca\/blog\/2020\/09\/27\/site-de-rencontre-pour-prof\/","title":{"rendered":"Site De Rencontre Pour Prof"},"content":{"rendered":"<p>Sachez que le site la main \u00e0 la p\u00e2te a chang\u00e9 dadresse. Il est d\u00e9sormais ici : Comment les chercheurs et chercheuses ont-ils adapt\u00e9 leur travail pendant cette p\u00e9riode exceptionnelle? Antoine Berut, enseignant-chercheur \u00e0 lInstitut lumi\u00e8re mati\u00e8re, revient sur son exp\u00e9rience de confinement. La rentr\u00e9e pour moi, cest le 18. Je vous mets ci-dessous le protocole que jai r\u00e9dig\u00e9 pour mon \u00e9cole, afin de partager des id\u00e9es et \u00e9ventuellement obtenir des pistes dam\u00e9liorations.. En principe, jai enlev\u00e9 le nom de l\u00e9cole. Cela a \u00e9galement conduit au financement dun deuxi\u00e8me projet, dirig\u00e9 par le professeur Luca Guidotti, directeur scientifique adjoint \u00e0 Ospedale San Raffaele et professeur de pathologie g\u00e9n\u00e9rale \u00e0 luniversit\u00e9 Vita-Salute San Raffaele, qui appelle \u00e0 la cr\u00e9ation du seul laboratoire de bios\u00e9curit\u00e9 de haut niveau en Italie et dans le monde o\u00f9 l\u00e9tude in vivo dinfections telles que le Covid-19 sur des mod\u00e8les animaux peut \u00eatre men\u00e9e \u00e0 laide de techniques dimagerie avanc\u00e9es et de s\u00e9quen\u00e7age unicellulaire. En cette p\u00e9riode d\u00e9pid\u00e9mie, lemployeur doit mettre en place des mesures de pr\u00e9vention sp\u00e9cifiques. En cas de non-respect de cette obligation, sa responsabilit\u00e9 peut \u00eatre engag\u00e9e. Une nouvelle tendance se dessine au d\u00e9but des ann\u00e9es 2010 : \u00e0 la suite du succ\u00e8s du site de sorties en groupe, certains sites de rencontres se sont lanc\u00e9s dans lorganisation de sorties entre c\u00e9libataires parfois appel\u00e9e slow dating, :, qui a dailleurs rachet\u00e9 PastasParty.com en 2013, MeetSerious.com 2012 ou encore B\u0153uf-Lovers.com 2013. Sauront-ils survivre \u00e0 la plan\u00e8te rouge? R\u00e9ponse samedi 23 novembre! Fermer la popup Faits divers. Au Grau-du-Roi, un jeune homme de 20 ans a \u00e9t\u00e9 d\u00e9clar\u00e9 mort par les pompiers, qui ont \u00e9galement.. Ma femme et moi sommes professeurs de fran\u00e7ais en Chine, nous communiquons avec nos \u00e9l\u00e8ves par messagerie instantan\u00e9e. Ce logiciel de conversation nous permet de nous adresser \u00e0 tous les \u00e9l\u00e8ves dune classe en m\u00eame temps ou, lorsque le cas limpose, par messagerie priv\u00e9e. Chaque soir, jassure une permanence de 20 h 30 \u00e0 23 h 30 pendant laquelle les \u00e9l\u00e8ves qui ont des questions sur les cours peuvent les poser. Une question pertinente arrivant en priv\u00e9 entrainera une r\u00e9ponse sur le groupe complet de la classe, souvent les \u00e9l\u00e8ves se posent tous la m\u00eame question, mais rares sont les \u00e9tudiants qui osent la poser. Fran\u00e7ois Bessire, Presses Universitaires de Rouen et du Havre <img decoding=\"async\" src=\"http:\/\/www.wonrship.cf\/UserFiles\/Image\/cimetiere\/carre_militaire.jpg\" alt=\"site de rencontre pour prof\" align=\"left\">  Demain je commence \u00e0 bosser dans un nouveau bahut, cest la premi\u00e8re fois que je d\u00e9barque aussi tard dans lann\u00e9e, \u00e7a va \u00eatre FUN je sens <img decoding=\"async\" src=\"http:\/\/blog.moliere.com\/wp-content\/uploads\/2015\/10\/AfficheVanMeerbeeckBlog.jpg\" alt=\"site de rencontre pour prof\" align=\"right\"> Vous disposez d\u00e9j\u00e0 dun compte sur lejdd.fr avec lemail <img decoding=\"async\" src=\"http:\/\/p4.storage.canalblog.com\/46\/36\/659322\/114202802_o.png\" alt=\"site de rencontre pour prof\" align=\"left\">  Lid\u00e9e est de demander aux professeurs qui souhaitent participer de compl\u00e9ter les phrases je suis devenu professeur de fran\u00e7ais parce que., je suis devenu de professeur de fran\u00e7ais pour.. Et dillustrer les concepts dinnovation et de cr\u00e9ativit\u00e9 dans votre pratique du m\u00e9tier de professeur de fran\u00e7ais. Le confinement devrait provoquer une baisse des \u00e9missions de CO2 Retrouvez-la en stories sur notre compte instagram : https:t.coAJAO7B922I A partir de 9h : distribution des tickets aux enseignants inscrits ayant re\u00e7u une confirmation par e-mail Ces pr\u00e9mices de communication sont un signal fort envoy\u00e9 \u00e0 la classe et contribuent -approfondir les connaissances des \u00e9l\u00e8ves, des \u00e9tudiants, des professeurs de fran\u00e7ais. Dominique AUZIAS, Jean-Paul LABOURDETTE, 6 d\u00e9cembre 2013 favoriser une plus grande implication des apprenants.<\/p>\n","protected":false},"excerpt":{"rendered":"<p>site de rencontre pour prof<\/p>\n","protected":false},"author":1,"featured_media":0,"comment_status":"closed","ping_status":"closed","sticky":false,"template":"","format":"standard","meta":{"footnotes":""},"categories":[1],"tags":[],"_links":{"self":[{"href":"http:\/\/intranet.asbl.ca\/blog\/wp-json\/wp\/v2\/posts\/3757"}],"collection":[{"href":"http:\/\/intranet.asbl.ca\/blog\/wp-json\/wp\/v2\/posts"}],"about":[{"href":"http:\/\/intranet.asbl.ca\/blog\/wp-json\/wp\/v2\/types\/post"}],"author":[{"embeddable":true,"href":"http:\/\/intranet.asbl.ca\/blog\/wp-json\/wp\/v2\/users\/1"}],"replies":[{"embeddable":true,"href":"http:\/\/intranet.asbl.ca\/blog\/wp-json\/wp\/v2\/comments?post=3757"}],"version-history":[{"count":1,"href":"http:\/\/intranet.asbl.ca\/blog\/wp-json\/wp\/v2\/posts\/3757\/revisions"}],"predecessor-version":[{"id":3758,"href":"http:\/\/intranet.asbl.ca\/blog\/wp-json\/wp\/v2\/posts\/3757\/revisions\/3758"}],"wp:attachment":[{"href":"http:\/\/intranet.asbl.ca\/blog\/wp-json\/wp\/v2\/media?parent=3757"}],"wp:term":[{"taxonomy":"category","embeddable":true,"href":"http:\/\/intranet.asbl.ca\/blog\/wp-json\/wp\/v2\/categories?post=3757"},{"taxonomy":"post_tag","embeddable":true,"href":"http:\/\/intranet.asbl.ca\/blog\/wp-json\/wp\/v2\/tags?post=3757"}],"curies":[{"name":"wp","href":"https:\/\/api.w.org\/{rel}","templated":true}]}}