{"id":3771,"date":"2020-09-27T09:08:28","date_gmt":"2020-09-27T09:08:28","guid":{"rendered":"http:\/\/intranet.asbl.ca\/blog\/?p=3771"},"modified":"2020-09-22T07:16:45","modified_gmt":"2020-09-22T07:16:45","slug":"rencontre-jametz","status":"publish","type":"post","link":"http:\/\/intranet.asbl.ca\/blog\/2020\/09\/27\/rencontre-jametz\/","title":{"rendered":"Rencontre Jametz"},"content":{"rendered":"<p>Rassurants convenus. Avec de tels arguments, les deux prisonniers sex\u00e9cutent scrupuleusement. D\u00e8s quils re\u00e7oivent les signaux en question, les troupes dassaut, tapies dans lobscurit\u00e9, se  Les \u00eatres humains ont la possibilit\u00e9 de changer le cours de leur vie donc je minscris sur ce site en esp\u00e9rant te trouver. Les Lorrains sont sans d\u00e9fense, mais \u00e0 cause de lobscurit\u00e9, ils font moins de perte que ne lauraient d\u00e9sir\u00e9 les assi\u00e9g\u00e9s. La pr\u00e9cipitation de Schelandre, sur de son succ\u00e8s, sauva la vie \u00e0 beaucoup, car tous n\u00e9taient pas arriv\u00e9s, quand il donna le signal du massacre. Quarante seulement rest\u00e8rent sur place, mais leur capitaine, de Villemoyens, eut beaucoup de mal \u00e0 se sauver avec les autres. Des vosges, et lapr\u00e8s midi, marchant en t\u00eate de colonne avec mon copain <img decoding=\"async\" src=\"http:\/\/www.metcpare.ga\/4268-22729-mes_resultats\/location-appartement-4-pieces-cosne-cours-sur-loire-58200-centre-bourg.jpg\" alt=\"rencontre jametz\" align=\"right\"> Certaines fonctionnalit\u00e9s de ce site n\u00e9cessitent lutilisation de cookies qui ne sont d\u00e9pos\u00e9s ou lus que si vous y consentez. Le lendemain \u00e0 1 heure du soir, les civils qui d\u00e9siraient partir se rendirent, avec leurs quelques bagages, \u00e0 la Commandanture. On chargea sur une voiture les bagages et ceux qui ne pouvaient pas marcher. Les autres, suivirent \u00e0 pied pour se rendre \u00e0 Louppy-sur-Loison o\u00f9 ils rest\u00e8rent deux jours et deux nuits, puis on les emmena ensuite \u00e0 Marville  gouverneur, capitaine, soldats et autres de quelques qualit\u00e9 quils Il ne nous reste de ce seigneur que quelques rarissimes snaphaens et demi-snaphaens dont les sp\u00e9cimens de la De forts d\u00e9tachements s\u00e9tablirent \u00e0 Louppy, \u00e0 Remoiville et \u00e0 la Cense dOliva, o\u00f9 il y avait une bonne maison carr\u00e9e. Jametz navait quune faible garnison et le ch\u00e2teau navait presque plus de vivres, la place \u00e9tait mal rempar\u00e9e et fortifi\u00e9e en plusieurs endroits. Nombre de r\u00e9ponses 1 r\u00e9ponse Th\u00e8me Nom de lauteur Date 6 novembre 2016 Il y a plus de 3 ans Consultations Vue 11 fois question q Nous nous \u00e9levons encore une fois contre la pauvret\u00e9 gr\u00e2ce au soutien de Publicis Conseil qui a d\u00e9velopp\u00e9 gracieusement notre nouvelle campagne : 100 ans de..Un partenaire extraordinaire dans ce combat! Yeux :-Cheveux : Ch\u00e2tain fonc\u00e9-175 cm-Statut civil: S\u00e9par\u00e9 Je recherche une rencontre s\u00e9rieuse, je cherche \u00e0 construire une belle relation, je veux \u00eatre bien dans ma vie, je prends le temps de profiter de la vie, jaime sortir et mamuser. A ces souffrances, il faut ajouter les privations de nourriture, de boisson. Depuis ao\u00fbt 1914 \u00e0 aujourdhui, nous avons bu une bouteille de vin qui nous fut donn\u00e9e par un g\u00e9n\u00e9ral allemand log\u00e9 chez nous; les privations de correspondances avec les familles, les inqui\u00e9tudes sur les membres des familles. Nous avions un fils, un gendre et 10 neveux soldats, nous avons perdu 2 neveux soldats, 3 beaux-fr\u00e8res civils; nous avons eu un fils bless\u00e9, et enfin, une ni\u00e8ce d\u00e9c\u00e9d\u00e9e, laissant une petite fille de onze ans orpheline de p\u00e8re et de m\u00e8re pendant la guerre. Le 9 avril, les Lorrains commenc\u00e8rent \u00e0 battre de deux cents coups de canon, le boulevard du Hazard et la courtine entre ce boulevard et une porte remur\u00e9e. Le 11, on termina les ouvrages du c\u00f4t\u00e9 sud avec laide de Jean Errard, homme notable en son art. Le 14, les ennemis ayant rapproch\u00e9 leur tranch\u00e9e \u00e0 30 pas des foss\u00e9s de la ville, un tir continu fut dirig\u00e9 contre les boulevards de la Lampe et du Hazard et la courtine qui les s\u00e9parait. Int\u00e9ress\u00e9s par la dot, voire lh\u00e9ritage, de Charlotte de La Marck. N\u00e9anmoins, malgr\u00e9 les intercessions de la comtesse Marguerite dAremberg, apparent\u00e9e \u00e0 la famille de La Marck, et du roi <img decoding=\"async\" src=\"http:\/\/www.big.indiasbestdoctors.org\/blog\/images\/T\/T500\/t581-foire-paris.jpeg\" alt=\"rencontre jametz\" align=\"left\">  Dazur, \u00e0 la fasce dor, accompagn\u00e9e en chef de trois besants dargent, et en pointe dune croisette du m\u00eame. <img decoding=\"async\" src=\"http:\/\/www.thehmirrors.ga\/WebRoot\/ce_fr2\/Shops\/980207004\/5AED\/E0F2\/6CE3\/DD09\/A77C\/C0A8\/190D\/B49E\/GBA-800-1AER_m.jpg\" alt=\"rencontre jametz\" align=\"right\">.<\/p>\n","protected":false},"excerpt":{"rendered":"<p>rencontre jametz<\/p>\n","protected":false},"author":1,"featured_media":0,"comment_status":"closed","ping_status":"closed","sticky":false,"template":"","format":"standard","meta":{"footnotes":""},"categories":[1],"tags":[],"_links":{"self":[{"href":"http:\/\/intranet.asbl.ca\/blog\/wp-json\/wp\/v2\/posts\/3771"}],"collection":[{"href":"http:\/\/intranet.asbl.ca\/blog\/wp-json\/wp\/v2\/posts"}],"about":[{"href":"http:\/\/intranet.asbl.ca\/blog\/wp-json\/wp\/v2\/types\/post"}],"author":[{"embeddable":true,"href":"http:\/\/intranet.asbl.ca\/blog\/wp-json\/wp\/v2\/users\/1"}],"replies":[{"embeddable":true,"href":"http:\/\/intranet.asbl.ca\/blog\/wp-json\/wp\/v2\/comments?post=3771"}],"version-history":[{"count":1,"href":"http:\/\/intranet.asbl.ca\/blog\/wp-json\/wp\/v2\/posts\/3771\/revisions"}],"predecessor-version":[{"id":3772,"href":"http:\/\/intranet.asbl.ca\/blog\/wp-json\/wp\/v2\/posts\/3771\/revisions\/3772"}],"wp:attachment":[{"href":"http:\/\/intranet.asbl.ca\/blog\/wp-json\/wp\/v2\/media?parent=3771"}],"wp:term":[{"taxonomy":"category","embeddable":true,"href":"http:\/\/intranet.asbl.ca\/blog\/wp-json\/wp\/v2\/categories?post=3771"},{"taxonomy":"post_tag","embeddable":true,"href":"http:\/\/intranet.asbl.ca\/blog\/wp-json\/wp\/v2\/tags?post=3771"}],"curies":[{"name":"wp","href":"https:\/\/api.w.org\/{rel}","templated":true}]}}