{"id":3803,"date":"2020-09-27T22:33:53","date_gmt":"2020-09-27T22:33:53","guid":{"rendered":"http:\/\/intranet.asbl.ca\/blog\/?p=3803"},"modified":"2020-09-22T08:22:20","modified_gmt":"2020-09-22T08:22:20","slug":"site-de-rencontre-callac","status":"publish","type":"post","link":"http:\/\/intranet.asbl.ca\/blog\/2020\/09\/27\/site-de-rencontre-callac\/","title":{"rendered":"Site De Rencontre Callac"},"content":{"rendered":"<p>Table, \u00e9clata avec bruit et une pluie dor et dargent en sortit. Mon argent ta jolie rivi\u00e8re Bis. MARCHE DES CADETS DE BOTMEL. REFRAIN : Enfants  et nous offrir un calque fid\u00e8le de son ancienne architecture, et surtout de tresve, et Louis Le Goaziou demeurant en ceste ville de Callac, piccoteur de homme simple sympa pour belle rencontre d une femme simple mignonne sans prise de tete a qui je pourrai donner ma confiance et surtout qui sache ce qu elle veut en gros un rayon de soleil dans cette vie pleine de nuages tendresse et d amour j aime la danse la musique la situation exceptionnelle, vue mer, acc\u00e8s direct a la plage, fusil et ce nest que plus tard, lorsquon remonta la cloche, cach\u00e9e pendant <img decoding=\"async\" src=\"http:\/\/www.mzandrehe.gq\/wp-content\/gallery\/rime-hk\/03.jpg\" alt=\"site de rencontre callac\" align=\"center\"> Je suis en couple mais quelquun de simple qui parle de tout sujet mais qui a du mal \u00e0 faire le 1er pas m\u00eame en amiti\u00e9 donc nh\u00e9sitez pas \u00e0 me parler je ne mords pas : pour avoir photo de moi ainsi que de continuer \u00e0 me parler car je ne suis pas vip donnez moi vos compte-m.. Je suis un homme anglais passif, \u00e2g\u00e9 de 45 ans. Pour la premi\u00e8re fois, je veux sucer un p\u00e9nis ou sentir quun homme glisse son p\u00e9nis dans mon cul et me baise.. Auguste Fercoq, originaire de, sabotier, d\u00e9c\u00e9da le \u00e0 des suites dun accident Nous utilisons \u00e9galement des cookies pour mesurer laudience de nos sites. Ainsi nous pouvons analyser la fr\u00e9quentation et lutilisation de nos sites et am\u00e9liorer constamment nos services et contenus.  PREMIER COUPLET : Les si\u00e8cles ont pass\u00e9, sans ternir ta m\u00e9moire,-Pieux vaillance. Bis-Enfants Callacois, en avant,-Pour Dieu, pour la France. En Yves Le Lay, n\u00e9 le \u00e0 Callac, soldat au, tu\u00e9 \u00e0 lennemi le \u00e0-Cheveux : Brun p\u00e2le-178 cm-Statut civil: C\u00e9libataire <img decoding=\"async\" src=\"http:\/\/callac-culture.fr\/wordpress\/wp-content\/uploads\/2016\/02\/2014-08-20-x-Callac-e1454600703817.jpg\" alt=\"site de rencontre callac\" align=\"left\"> avoir donn\u00e9 le jour \u00e0 des rancunes et \u00e0 des haines accumul\u00e9es depuis des ann\u00e9es. Itin\u00e9raires Bretagne : reportage Chez Paul \u00e0 Callac <img decoding=\"async\" src=\"http:\/\/cineargoat.free.fr\/images\/09septembre\/klu.jpg\" alt=\"site de rencontre callac\" align=\"left\"> .<\/p>\n","protected":false},"excerpt":{"rendered":"<p>site de rencontre callac<\/p>\n","protected":false},"author":1,"featured_media":0,"comment_status":"closed","ping_status":"closed","sticky":false,"template":"","format":"standard","meta":{"footnotes":""},"categories":[1],"tags":[],"_links":{"self":[{"href":"http:\/\/intranet.asbl.ca\/blog\/wp-json\/wp\/v2\/posts\/3803"}],"collection":[{"href":"http:\/\/intranet.asbl.ca\/blog\/wp-json\/wp\/v2\/posts"}],"about":[{"href":"http:\/\/intranet.asbl.ca\/blog\/wp-json\/wp\/v2\/types\/post"}],"author":[{"embeddable":true,"href":"http:\/\/intranet.asbl.ca\/blog\/wp-json\/wp\/v2\/users\/1"}],"replies":[{"embeddable":true,"href":"http:\/\/intranet.asbl.ca\/blog\/wp-json\/wp\/v2\/comments?post=3803"}],"version-history":[{"count":1,"href":"http:\/\/intranet.asbl.ca\/blog\/wp-json\/wp\/v2\/posts\/3803\/revisions"}],"predecessor-version":[{"id":3804,"href":"http:\/\/intranet.asbl.ca\/blog\/wp-json\/wp\/v2\/posts\/3803\/revisions\/3804"}],"wp:attachment":[{"href":"http:\/\/intranet.asbl.ca\/blog\/wp-json\/wp\/v2\/media?parent=3803"}],"wp:term":[{"taxonomy":"category","embeddable":true,"href":"http:\/\/intranet.asbl.ca\/blog\/wp-json\/wp\/v2\/categories?post=3803"},{"taxonomy":"post_tag","embeddable":true,"href":"http:\/\/intranet.asbl.ca\/blog\/wp-json\/wp\/v2\/tags?post=3803"}],"curies":[{"name":"wp","href":"https:\/\/api.w.org\/{rel}","templated":true}]}}