{"id":3835,"date":"2020-09-27T20:25:24","date_gmt":"2020-09-27T20:25:24","guid":{"rendered":"http:\/\/intranet.asbl.ca\/blog\/?p=3835"},"modified":"2020-09-22T09:23:55","modified_gmt":"2020-09-22T09:23:55","slug":"rencontre-tgv-lyon","status":"publish","type":"post","link":"http:\/\/intranet.asbl.ca\/blog\/2020\/09\/27\/rencontre-tgv-lyon\/","title":{"rendered":"Rencontre Tgv Lyon"},"content":{"rendered":"<p>Je sais pas pourquoi,je la sentais venir celle la&#8230;&#8230;et en plus,cest ma ligne.. :Smiley_04: Station V\u00e9loV : Place Carnot Station Bluely : Place Carnot  Le premier trimestre 2020 a vu la destruction de 497.400 emplois dans le secteur priv\u00e9, soit une baisse de 2,5 provoqu\u00e9e par un effondrement de 40 de lint\u00e9rim sous leffet du confinement, selon lestimation d\u00e9finitive de lInsee publi\u00e9e jeudi. Une grande journ\u00e9e pour les acteurs et partenaires de la vie associative sur six et un trafic international toujours perturb\u00e9. You can email the site owner to let them know you were blocked. Please include what you were doing when this page came up and the Cloudflare Ray ID found at the bottom of this page. La force de CPE Lyon r\u00e9side, selon moi, dans les possibilit\u00e9s de stages, ce qui ma permis de mieux me conna\u00eetre et de prendre le temps de r\u00e9fl\u00e9chir \u00e0 ce que je voulais devenir. Nous sortons de l\u00e9cole avec des notions acad\u00e9miques et le stage nous forme \u00e0 la pratique. Nh\u00e9sitez pas \u00e0 prendre le commandement des op\u00e9rations car vous allez mettre sur pieds plusieurs projets. Vous serez tr\u00e8s concern\u00e9 par tout ce qui touche au couple, \u00e0 la maison, \u00e0 la famille, aux enfants. Vous serez plein de d\u00e9sirs de cocooning. Ces vibrations inspirantes vous apporteront les bonnes d\u00e9cisions. Les situations deviendront tangibles. Vous consoliderez vos acquis, vous d\u00e9limiterez votre territoire. Vous embellirez votre lieu de vie, lagrandirez ou chercherez \u00e0 faire un achat en ce sens. Votre tribu dabord! Les c\u00e9libataires feront une tr\u00e8s belle rencontre. :dollar: Le Premier ministre a tenu une conf\u00e9rence de presse lors de laquelle il a confirm\u00e9 la reprise par lEtat de 35 milliards deuros de la dette de la SNCF, dont 25 milliards en 2020 et 10 milliards en 2022. Communicatif, Olivier raconte le cycle de leau, d\u00e9crit le patrimoine de ce Lyon sous-terrain moins lumineux mais passionnant, et lorsquil parle des grands chantiers Il devient presque lyrique. La transformation de la Part-Dieu lui a offert lun de ses plus beaux souvenirs professionnels. Il se rappelle : Il a fallu faire toutes les op\u00e9rations pr\u00e9alables \u00e0 lam\u00e9nagement du quartier, dont des d\u00e9viations de grosses canalisations deau potable, ce quon appelle des structurants, qui font plus dun m\u00e8tre de diam\u00e8tre. En particulier, celles n\u00e9cessaires \u00e0 la r\u00e9alisation de la future tr\u00e9mie le long du boulevard Vivier-Merle. C\u00e9tait tr\u00e8s contraignant pour la circulation, notamment \u00e0 langle avec F\u00e9lix Faure, car on a d\u00fb pratiquer des trous de 46 m\u00e8tres, dune profondeur de plus de dix m\u00e8tres. Une v\u00e9ritable prouesse technique avec des \u00e9normes tuyaux coud\u00e9s dans les trois dimensions quon devait glisser sous la chauss\u00e9e tout en pr\u00e9servant un gros collecteur dassainissement Olivier dessine le collecteur en forme de champignon, explique les d\u00e9fis techniques relev\u00e9s, les accidents de parcours. Il rit en \u00e9voquant des grands moments de solitude, la fiert\u00e9 partag\u00e9e par l\u00e9quipe parce que la mission a \u00e9t\u00e9 accomplie en temps et en heure. Imaginez : vous vous endormez \u00e0 Paris en pleine nuit et rouvrez les yeux dans les Pyr\u00e9n\u00e9es-Orientales, \u00e0 la fronti\u00e8re de lEspagne. \u00c0 vous le charme de larchitecture cerdane et les rives du Carol. Horaires Train de nuit Paris Latour de Carol Ces \u00e9changes se sont termin\u00e9s par la signature et lofficialisation du partenariat TUB\u00c0-Comit\u00e9 Richelieu! Dans son slip, jai vu appara\u00eetre une queue \u00e9paisse et d\u00e9j\u00e0 dure. Il ma attrap\u00e9 par la nuque et ma contraint de me Ce nest pas mon projet, cest celui du gouvernement  P.S : Ce que je raconte est visible sur le Blog de la ligne C. <img decoding=\"async\" src=\"http:\/\/www.trail-running-savoie.fr\/wp-content\/uploads\/2015\/09\/trail-12.jpg\" alt=\"rencontre tgv lyon\" align=\"left\"> <img decoding=\"async\" src=\"http:\/\/www.zhuacng.tk\/cache\/media\/123\/image\/358x_11_emmanuel_giraud_artsphere_vanessa_seward_ss18.jpg\" alt=\"rencontre tgv lyon\" align=\"left\"> On a tout dabord l qui a beaucoup progress\u00e9 et devient efficace. Pour la premi\u00e8re vague de d\u00e9part du 19 au 22 d\u00e9cembre, une moyenne de 50 des trains \u00e9taient garantis, la SNCF ayant mobilis\u00e9 un nombre tr\u00e8s important de trains. 32 des voyageurs avaient alors \u00e9t\u00e9 forc\u00e9s trouver une solution de remplacement en cherchant \u00e0 \u00e9changer leur billet. Pour les 23-24, cest d\u00e9sormais pr\u00e8s de la moiti\u00e9 des voyageurs 48 qui doivent trouver une solution de remplacement. Des \u00e9quipages qui napprennent leur destination que quelques heures avant de d\u00e9coller, des pilotes maintenus \u00e0 niveau par des vols sans passagers ou des simulateurs: la reprise des compagnies a\u00e9riennes apr\u00e8s le pic du coronavirus se fait dans la difficult\u00e9. La plupart des commentateurs savent quils sadressent bien \u00e0 une personne et non \u00e0 un chatbot ou autre service automatique Et je le r\u00e9p\u00e8te, je suis absolument navr\u00e9e pour les fautes. Je fais mon possible pour r\u00e9pondre \u00e0 toutes les sollicitations rapidement en interrogeant les interlocuteurs idoines vous devez lire les centaines de questions qui me sont pos\u00e9es tous les mois, puisque vous r\u00e9agissez tr\u00e8s tr\u00e8s souvent. <img decoding=\"async\" src=\"http:\/\/www.dbwexbb.gq\/wp-content\/uploads\/2017\/12\/vase-sezane.jpg\" alt=\"rencontre tgv lyon\" align=\"center\"> Une jeune fille qui vient de se faire renvoyer dune maison de luxe pour une question idiote. Elle a r\u00e9pondu de mani\u00e8re cavali\u00e8re \u00e0 une de ses sup\u00e9rieures dans une maison de luxe, alors quelle est d\u00e9butante. Elle se sent oblig\u00e9e de rentrer chez ses parents pour expliquer la situation. Le droit qui est viol\u00e9 cest le droit \u00e0 la vie pour nos enfants mais aussi pour nous! Nous avons donc non seulement le droit mais aussi le devoir de nous rebeller pour pr\u00e9server toutes les formes de vie sur terre dont la notre.  Mais comment donc sest-elle retrouv\u00e9e l\u00e0-bas? Une oeuvre attribu\u00e9e \u00e0 la star du street-art Banksy, hommage aux victimes des attentats de novembre 2015 \u00e0 Paris et vol\u00e9e en 2019, a \u00e9t\u00e9 r\u00e9cup\u00e9r\u00e9e par la police italienne dans une ferme des Abruzzes. Apr\u00e8s les propos pol\u00e9miques de Cam\u00e9lia Jordana, qui ne se sent pas en s\u00e9curit\u00e9 en.<\/p>\n","protected":false},"excerpt":{"rendered":"<p>rencontre tgv lyon<\/p>\n","protected":false},"author":1,"featured_media":0,"comment_status":"closed","ping_status":"closed","sticky":false,"template":"","format":"standard","meta":{"footnotes":""},"categories":[1],"tags":[],"_links":{"self":[{"href":"http:\/\/intranet.asbl.ca\/blog\/wp-json\/wp\/v2\/posts\/3835"}],"collection":[{"href":"http:\/\/intranet.asbl.ca\/blog\/wp-json\/wp\/v2\/posts"}],"about":[{"href":"http:\/\/intranet.asbl.ca\/blog\/wp-json\/wp\/v2\/types\/post"}],"author":[{"embeddable":true,"href":"http:\/\/intranet.asbl.ca\/blog\/wp-json\/wp\/v2\/users\/1"}],"replies":[{"embeddable":true,"href":"http:\/\/intranet.asbl.ca\/blog\/wp-json\/wp\/v2\/comments?post=3835"}],"version-history":[{"count":1,"href":"http:\/\/intranet.asbl.ca\/blog\/wp-json\/wp\/v2\/posts\/3835\/revisions"}],"predecessor-version":[{"id":3836,"href":"http:\/\/intranet.asbl.ca\/blog\/wp-json\/wp\/v2\/posts\/3835\/revisions\/3836"}],"wp:attachment":[{"href":"http:\/\/intranet.asbl.ca\/blog\/wp-json\/wp\/v2\/media?parent=3835"}],"wp:term":[{"taxonomy":"category","embeddable":true,"href":"http:\/\/intranet.asbl.ca\/blog\/wp-json\/wp\/v2\/categories?post=3835"},{"taxonomy":"post_tag","embeddable":true,"href":"http:\/\/intranet.asbl.ca\/blog\/wp-json\/wp\/v2\/tags?post=3835"}],"curies":[{"name":"wp","href":"https:\/\/api.w.org\/{rel}","templated":true}]}}