{"id":3837,"date":"2020-09-27T20:59:27","date_gmt":"2020-09-27T20:59:27","guid":{"rendered":"http:\/\/intranet.asbl.ca\/blog\/?p=3837"},"modified":"2020-09-22T09:28:13","modified_gmt":"2020-09-22T09:28:13","slug":"rencontres-internationales-frederic-chopin","status":"publish","type":"post","link":"http:\/\/intranet.asbl.ca\/blog\/2020\/09\/27\/rencontres-internationales-frederic-chopin\/","title":{"rendered":"Rencontres Internationales Fr\u00e9d\u00e9ric Chopin"},"content":{"rendered":"<p>Un piano endommag\u00e9 a finalement \u00e9t\u00e9 d\u00e9nich\u00e9 chez une famille parisienne, pour 4 500 euros. Plus de 20 000 euros ont \u00e9t\u00e9 n\u00e9cessaires \u00e0 sa restauration, qui a \u00e9t\u00e9 confi\u00e9e \u00e0 un atelier sp\u00e9cialis\u00e9. Nous en avons support\u00e9 la moiti\u00e9, ajoute Bruno Gardic. Refait \u00e0 neuf, le piano a \u00e9t\u00e9 inaugur\u00e9 le 1 er juin dernier lors dun concert donn\u00e9 dans le salon de George Sand \u00e0 loccasion du 175 e anniversaire de larriv\u00e9e de Chopin \u00e0 Nohant. Une initiative \u00e0 dimension culturelle et touristique <img decoding=\"async\" src=\"http:\/\/pic.billetreduc.com\/n180\/sp_25116.jpeg\" alt=\"rencontres internationales fr\u00e9d\u00e9ric chopin\" align=\"center\"> Ses disques, Chopin et Ravel ont \u00e9t\u00e9 salu\u00e9s unanimement par la presse sp\u00e9cialis\u00e9e Pianiste, T\u00e9l\u00e9rama, Le Figaro <img decoding=\"async\" src=\"http:\/\/upload.wikimedia.org\/wikipedia\/commons\/thumb\/e\/e4\/Chopin_competition_2010.jpg\/400px-Chopin_competition_2010.jpg\" alt=\"rencontres internationales fr\u00e9d\u00e9ric chopin\" align=\"right\"> Un essai biographique sur Liszt, Franz Liszt ou La dispersion magnifique est paru en 2011 Ed. Actes Sud. Il est paru en hongrois en d\u00e9cembre 2012. Pour cette occasion, plusieurs de nos partenaires librairies ont souhait\u00e9 vous pr\u00e9senter leur coup de coeur.   20 Octobre 2019 : R\u00e9cital \u00e0 lEglise Su\u00e9doise, Liszt 18 Septembre 2019 au 12 Janvier 2020 : Th\u00e9\u00e2tre du Ranelagh, Opus 110-Beethoven \u00c9coutez lalbum Romance du fl\u00fbtiste Michel Bellavance Interpr\u00e9ter Chopin. Actes du colloque des 25 et 26 mai 2005 Paris : Cit\u00e9 de la musique, 2006 Hug Vanja Jacqueline et Thomas Steiner \u00e9ds, Chopin et son temps : actes des cinqui\u00e8mes rencontres internationales harmoniques Lausanne, 2010, Bern, Peter Lang, 2016. 27-28 Novembre 2019 : R\u00e9cital au Concours Jeunes Talents Rotary op. 6, n 1 10. N 2 en do di\u00e8se mineur, op. 6, n 2 11. N 3 en mi majeur, HELLER, Stephen, Die Musik in Geschichte und Gegenwart. Personenteil, \u00e9d L. Finscher et al. Kassel : B\u00e4renreiter, 1997, 22 vol. Parus ; vol. Viii 2002, col 1246-1253.  nrco.contentDetailController.content.lastUpdateUser.fullName-nrco.contentDetailController.content.lastUpdateTime1000 date : ddMMyyyy-nrco.contentDetailController.content.lastUpdateTime1000 date : HH:mm:ss, lors de la remise du Premier Prix en 2010 par le <img decoding=\"async\" src=\"http:\/\/www.radioswissclassic.ch\/common\/images\/entities\/web\/000\/021\/21944.jpg\" alt=\"rencontres internationales fr\u00e9d\u00e9ric chopin\" align=\"right\"> Maryvonne de Saint-Pulgent, Pr\u00e9sidente de la Fondation des Treilles Dinu Lipatti interpr\u00e8te la Valse no 10 en si mineur la famille de Clara Schumann il rencontre Robert Schumann. Clara Wieck interpr\u00e8te deux de ses \u00e9tudes, il joue un nocturne. Il reprend le chemin de Paris. Re\u00e7u par la baronne Diller \u00e0 Heidelberg, il tombe malade et reste alit\u00e9. Il est de retour \u00e0 Paris \u00e0 la mi-octobre 1835. Nos concerts ont lieu \u00e0 Paris, dans des Institut culturels Institut hongrois, Institut Autrichien dans des mairies 16\u00e8me et 6\u00e8me ou des lieux de prestige Cercle Republicain, H\u00f4tel de Beauvais.. Wanda Landowska et la renaissance de la musique ancienne, \u00e9d. JJE Arles : Actes SudCit\u00e9 de la musique, 2011 Enfants 6-10 ans tous niveaux prise en charge possible des enfants \u00e0 la sortie de l\u00e9cole Jules Verne \u00e0 16h30 Ce volume pr\u00e9sente les contributions des cinqui\u00e8mes Rencontres Internationales organis\u00e9es \u00e0 Lausanne par la Fondation harmoniques en septembre 2010. Il offre un regard panoramique et des \u00e9tudes \u00e0 plusieurs voix sur la vari\u00e9t\u00e9 des \u00e9coles de facture de piano et des styles pianistiques \u00e0 l\u00e9poque de Chopin. Cest la conjonction de lobservation scientifique, de la connaissance des sources historiques et de la pratique artisanale qui constitue lint\u00e9r\u00eat principal de ces communications. Si cette admiration lui est acquise d\u00e8s ses premiers contacts avec les autres musiciens, elle ne lam\u00e8ne pas pour autant \u00e0 se d\u00e9partir dune certaine r\u00e9serve. Les concerts le rebutent et les manifestations dun vaste auditoire leffraient plus quelles ne le rassurent. Chopin ne se con\u00e7oit pas comme un improvisateur sur des th\u00e8mes lanc\u00e9s par la salle. L\u00e0 encore, il sait choisir sa mesure : un cadre assez restreint \u00e9l\u00e8ves, amis, admiratrices d\u00e9vou\u00e9es, cellule dun culte appel\u00e9 \u00e0 toucher tr\u00e8s vite dautres milieux.<\/p>\n","protected":false},"excerpt":{"rendered":"<p>rencontres internationales fr\u00e9d\u00e9ric chopin<\/p>\n","protected":false},"author":1,"featured_media":0,"comment_status":"closed","ping_status":"closed","sticky":false,"template":"","format":"standard","meta":{"footnotes":""},"categories":[1],"tags":[],"_links":{"self":[{"href":"http:\/\/intranet.asbl.ca\/blog\/wp-json\/wp\/v2\/posts\/3837"}],"collection":[{"href":"http:\/\/intranet.asbl.ca\/blog\/wp-json\/wp\/v2\/posts"}],"about":[{"href":"http:\/\/intranet.asbl.ca\/blog\/wp-json\/wp\/v2\/types\/post"}],"author":[{"embeddable":true,"href":"http:\/\/intranet.asbl.ca\/blog\/wp-json\/wp\/v2\/users\/1"}],"replies":[{"embeddable":true,"href":"http:\/\/intranet.asbl.ca\/blog\/wp-json\/wp\/v2\/comments?post=3837"}],"version-history":[{"count":1,"href":"http:\/\/intranet.asbl.ca\/blog\/wp-json\/wp\/v2\/posts\/3837\/revisions"}],"predecessor-version":[{"id":3838,"href":"http:\/\/intranet.asbl.ca\/blog\/wp-json\/wp\/v2\/posts\/3837\/revisions\/3838"}],"wp:attachment":[{"href":"http:\/\/intranet.asbl.ca\/blog\/wp-json\/wp\/v2\/media?parent=3837"}],"wp:term":[{"taxonomy":"category","embeddable":true,"href":"http:\/\/intranet.asbl.ca\/blog\/wp-json\/wp\/v2\/categories?post=3837"},{"taxonomy":"post_tag","embeddable":true,"href":"http:\/\/intranet.asbl.ca\/blog\/wp-json\/wp\/v2\/tags?post=3837"}],"curies":[{"name":"wp","href":"https:\/\/api.w.org\/{rel}","templated":true}]}}