{"id":3925,"date":"2020-09-27T22:13:58","date_gmt":"2020-09-27T22:13:58","guid":{"rendered":"http:\/\/intranet.asbl.ca\/blog\/?p=3925"},"modified":"2020-09-22T12:01:26","modified_gmt":"2020-09-22T12:01:26","slug":"rencontre-de-lure","status":"publish","type":"post","link":"http:\/\/intranet.asbl.ca\/blog\/2020\/09\/27\/rencontre-de-lure\/","title":{"rendered":"Rencontre De Lure"},"content":{"rendered":"<p>Tr\u00e8s ouvert desprit niveau sexe, je sais ce que je veux et ce que je ne veux.. Remerciements chaleureux \u00e0 l\u00e9quipe des Rencontres de Lure pour leur hospitalit\u00e9 l\u00e9gendaire et pour leur organisation tir\u00e9e au cordeau. Merci \u00e0 Thib\u00e9ry Maillard pour les images. Le 13 et le 16 juin 2020 Atelier propos\u00e9 par Unissons.. Caract\u00e9ristique de loriginal : Diapositive 24 x 36 mm Apr\u00e8s le Futile-utile 2010, l Amateurisme 2013, cest d\u00e9sormais l Erreur qui sera le th\u00e8me de cette session d\u00e9t\u00e9 2016 des rencontres de Lure. Cette retraite annuelle dans les Alpes de Haute-Provence satt\u00e8lera \u00e0 cultiver limperfection et invite \u00e0 venir \u00e9chouer avec eux une semaine durant. Fin juillet, la ministre de la Justice, Mich\u00e8le Alliot-Marie, a en outre annonc\u00e9 que la prison de Lure, parmi 22 autres prisons v\u00e9tustes en France, devrait fermer \u00e0 lhorizon 2015. Venez rencontrer nos consultants sp\u00e9cialistes de vos m\u00e9tiers dans lune de nos 400 agences. Du 1 er au 5 octobre nos amis allemands dAsperg sont venus \u00e0 la foire de Lure pour tenir un stand conjoint avec la ville de Lure, pour loccasion les \u00e9lus sont venus pr\u00eater la main selon un planning bien fourni. Pour Joggi, Krystina, Werner, Rolf et Jack dit Papi Bretzel ainsi que pour tous ceux qui sont venus \u00e0 ce stand, ce fut un grand moment damiti\u00e9 et de partage. Je suis une personne sociable, agr\u00e9able \u00e0 vivre, optimiste, r\u00e9serv\u00e9e, aimant rire et sortir. Jaime le cin\u00e9ma, les ballades et les soir\u00e9es entre amoureux et entre amis.. Mais il me manque lessentiel de partager tous ces moments avec ma moiti\u00e9.. R\u00e9gion: Nous utilisons des cookies pour faciliter la diffusion des annonces sur les sites Web de nos partenaires, tels que ceux diffusant des annonces Google ou membres dun r\u00e9seau publicitaire agr\u00e9\u00e9 par Google. Lorsquun utilisateur visite ce type de site, un cookie peut \u00eatre plac\u00e9 dans son navigateur. <img decoding=\"async\" src=\"http:\/\/www.se-faire-publier.com\/wp-content\/uploads\/2015\/03\/sondage-manuscrit-ecrit.png\" alt=\"rencontre de lure\" align=\"center\"> je recherche des aventures discrete,jaime bien bouger comme faire des ballade dans les bois,aller au cin\u00e9ma..-Cheveux : Blond-165 cm-Statut civil: Divorc\u00e9-Silhouette : Juste parfait Mais des habitants sinterrogent, via, \u00e0 la communaut\u00e9 de communes et \u00e0 lop\u00e9rateur Orange, quant \u00e0 lutilit\u00e9 et aux effets dune telle installation. Sens de lhumour : Jaime bien taquiner, Sarcastique <img decoding=\"async\" src=\"http:\/\/www.lagenerale.fr\/wp-content\/uploads\/2017\/01\/test-couleur1600x100anime-1600x1000-q80.gif\" alt=\"rencontre de lure\" align=\"left\">  Ce site utilise des cookies fonctionnels et des scripts externes pour am\u00e9liorer votre exp\u00e9rience. Les cookies et les scripts utilis\u00e9s et leur impact sur votre visite sont indiqu\u00e9s sur la gauche. Vous pouvez modifier vos param\u00e8tres \u00e0 tout moment. Vos choix nauront aucune incidence sur votre visite. Je mappelle Kevin et jai 22 ans.Je viens de Lure et je cherche une femme entre 18 et 25 ans pour un plan cul. Je peux le refaire plusieurs fois en une soir\u00e9e ou une nuit.J.. Tous les p\u00eacheurs aux leurres r\u00eavent de prendre un jour un bar record. Mais \u00e0 partir de quelle taille et de quel poids peut-on parler dun bar troph\u00e9e? Retrouvez dans cet article la prise de nombreux bars records plus de 7 kg ainsi que de nombreux conseils pour vous donner toutes les chances de pouvoir en p\u00eacher un.  Elu pr\u00e9sident de lintercommunalit\u00e9 Pays de Forcalquier-Montagne de Lure 13 communes, 9000 habitants cet \u00e9t\u00e9, Arnaud Boutet par ailleurs maire de Limans Alpes-de-Haute-Provence, dresse lors dune rencontre avec la r\u00e9daction les grandes perspectives de son action. Projets structurants, finances, m\u00e9thode de travail Le 13 juin 2020 Confectionnez vous m\u00eame votre soin.. <img decoding=\"async\" src=\"http:\/\/ekladata.com\/4PoJLJhRTxFyY-XrfbfONdJV1vg@500x707.jpg\" alt=\"rencontre de lure\" align=\"center\"> Smail est un chat gratuit ou tchat gratuit ;, un site de rencontre gratuit, en bref, un r\u00e9seau social o\u00f9 tu peux faire plein de belles rencontres gratuitement, en,.., en, en, en, au, au, et partout dans le monde! Rejoins-nous sur les r\u00e9seaux sociaux  Rencontres internationales de Lure 2019-Autour du livre, des \u00e9crivains.. Dans les Alpes de Haute-Provence A lissue de la Rencontre, trois prix seront d\u00e9cern\u00e9s par un jury. Seuls les r\u00e9alisateurs pr\u00e9sents ou repr\u00e9sent\u00e9s par un membre de l\u00e9quipe du film pourront concourir. Format du master num : Fichier TIFF 4 M\u00e9ga-pixels Jean Giono en voisin de Manosque 20km de Lurs simpliquera beaucoup dans cette histoire, il \u00e9tudiera en particulier les diff\u00e9rences entre le langage de laccus\u00e9 30 \u00e0 35 mots selon lui et celui de la cour dassises plusieurs milliers de mots. Cest un peu le proc\u00e8s de la France paysanne contre la France citadine. Giono \u00e9crira dailleurs un essai sur laffaire Notes sur laffaire Dominici. Une histoire damiti\u00e9 Vous \u00eates adh\u00e9rents? B\u00e9n\u00e9ficiez de tarifs privil\u00e9gi\u00e9s.<\/p>\n","protected":false},"excerpt":{"rendered":"<p>rencontre de lure<\/p>\n","protected":false},"author":1,"featured_media":0,"comment_status":"closed","ping_status":"closed","sticky":false,"template":"","format":"standard","meta":{"footnotes":""},"categories":[1],"tags":[],"_links":{"self":[{"href":"http:\/\/intranet.asbl.ca\/blog\/wp-json\/wp\/v2\/posts\/3925"}],"collection":[{"href":"http:\/\/intranet.asbl.ca\/blog\/wp-json\/wp\/v2\/posts"}],"about":[{"href":"http:\/\/intranet.asbl.ca\/blog\/wp-json\/wp\/v2\/types\/post"}],"author":[{"embeddable":true,"href":"http:\/\/intranet.asbl.ca\/blog\/wp-json\/wp\/v2\/users\/1"}],"replies":[{"embeddable":true,"href":"http:\/\/intranet.asbl.ca\/blog\/wp-json\/wp\/v2\/comments?post=3925"}],"version-history":[{"count":1,"href":"http:\/\/intranet.asbl.ca\/blog\/wp-json\/wp\/v2\/posts\/3925\/revisions"}],"predecessor-version":[{"id":3926,"href":"http:\/\/intranet.asbl.ca\/blog\/wp-json\/wp\/v2\/posts\/3925\/revisions\/3926"}],"wp:attachment":[{"href":"http:\/\/intranet.asbl.ca\/blog\/wp-json\/wp\/v2\/media?parent=3925"}],"wp:term":[{"taxonomy":"category","embeddable":true,"href":"http:\/\/intranet.asbl.ca\/blog\/wp-json\/wp\/v2\/categories?post=3925"},{"taxonomy":"post_tag","embeddable":true,"href":"http:\/\/intranet.asbl.ca\/blog\/wp-json\/wp\/v2\/tags?post=3925"}],"curies":[{"name":"wp","href":"https:\/\/api.w.org\/{rel}","templated":true}]}}