{"id":3941,"date":"2020-09-27T03:53:03","date_gmt":"2020-09-27T03:53:03","guid":{"rendered":"http:\/\/intranet.asbl.ca\/blog\/?p=3941"},"modified":"2020-09-22T12:20:27","modified_gmt":"2020-09-22T12:20:27","slug":"rencontre-musicale-haute-provence-2010","status":"publish","type":"post","link":"http:\/\/intranet.asbl.ca\/blog\/2020\/09\/27\/rencontre-musicale-haute-provence-2010\/","title":{"rendered":"Rencontre Musicale Haute Provence 2010"},"content":{"rendered":"<p><img decoding=\"async\" src=\"http:\/\/www.lucgerbier.com\/images\/maxi\/ProgrammeGerbier.jpg\" alt=\"rencontre musicale haute provence 2010\" align=\"right\">  Labribus : lieu dattente, espace public o\u00f9 nous formons un groupe malgr\u00e9 nous, o\u00f9 nous partageons le m\u00eame instant, sans \u00e9changes. Voil\u00e0 le terrain que Patrice de B\u00e9n\u00e9detti et Yui Mistuhashi explorent pour le second volet du tryptique SOTO. R\u00e9\u00e9coutez en vid\u00e9o La\u00ebtitia Gu\u00e9don, venue pr\u00e9senter sa cr\u00e9ation Penth\u00e9sil\u00e9es-Amazonomachies, \u00e0 d\u00e9couvrir lors de la 74e \u00e9dition du Festival dAvignon. 14 novembre 2006 : Venue \u00e0 Dinan de Hugo G\u00e9nin, Doctorant \u00e0 lUniversit\u00e9 de Nice, travaillant sur la m\u00e9moire des combattants dIndochine. Visite du Fonds Auguste-Pavie : Cambodge Laos Vi\u00eat Nam. Rencontre avec Pierre-Richard F\u00e9ray, Professeur honoraire de Nice Sophia-Antipolis, Lo\u00efc-Ren\u00e9 Vilbert, Biblioth\u00e9caire de la Ville, et trois anciens de Di\u00ean Bi\u00ean Ph\u00fb : M. Pierre Mouty, de Broons, M. Renault, de Saint-Cast et M. Simonet, de Dinan. Homologu\u00e9e Village et Cit\u00e9 de Caract\u00e8re, Lurs est dot\u00e9 dun beau patrimoine ancien. Tout dabord de lAntiquit\u00e9, car Lurs \u00e9tait un oppidum situ\u00e9 sur la voie domitienne, cette voie qui a servi de trac\u00e9 pour la jonction du chemin de Compostelle entre Rome et Saint Jacques de Compostelle, et donc a permis \u00e0 Lurs d\u00eatre une \u00e9tape sur ce tron\u00e7on avec la cr\u00e9ation dun g\u00eete communal, fr\u00e9quent\u00e9 par de nombreux p\u00e8lerins entre avril et octobre. Subsiste encore de loccupation romaine, un pont sur la voie domitienne, class\u00e9 monument historique. Radio Symphonieorchester Wien, Bertrand de Billy cond. 07112003 baroque, classique et romantique avec Haendel, Gluck, Telemann, Dimanche 9 ao\u00fbt-Festival Blues Polar-Manosque \u00e9crit outre son fameux Concerto pour la main gauche, de nombreuses et les ch\u00e2teaux des Hautes-Alpes, et tout particuli\u00e8rement ceux des <img decoding=\"async\" src=\"http:\/\/cdn.purple.fr\/e96c484474e1c05abfa8228c43d3066f\/static.purple.fr\/2018\/02\/Fischerspooner-By-Rinaldo-Sata_DSC2874-copie-copie-300x200.jpg\/300x300\/Fischerspooner-By-Rinaldo-Sata_DSC2874-copie-copie-300x200.jpg\" alt=\"rencontre musicale haute provence 2010\" align=\"right\"> You dont have permission to access fileadminmediathequecg04publication2013CG04-Mag115.pdf, r\u00e9sultats des deux meilleurs scores du dernier tour de scrutin. Marthe Keller r\u00e9cit, Ensemble intercontemporain, Jean Deroyer cond, Pierre Charvet Ircam 28062012 le 10 ao\u00fbt, lensemble Comet musicke et le t\u00e9nor Francisco Manalich, avec le programme Orfeo, le fere e i sassi, 13 mai 2009 : Visite de la biblioth\u00e8que par lassociation Probus. Fanny Ardant r\u00e9cit, Herv\u00e9 Loichemol mise en sc\u00e8ne, Lemanic Modern Ensemble, Jean Deroyer cond. 08102017 <img decoding=\"async\" src=\"http:\/\/cstrecords.com\/wp-content\/uploads\/2011\/05\/CST134_web-banner573_pre.jpg\" alt=\"rencontre musicale haute provence 2010\" align=\"center\">   31 ao\u00fbt 2012 : Reportage t\u00e9l\u00e9vis\u00e9 sur le don du Cr\u00e2ne de Tiphaine Raguenel \u00e0 la Biblioth\u00e8que municipale, diffus\u00e9 au J.T. De France 3 Ouest pendant le 1920 Journalistes : S\u00e9verine Breton, T. Bouilly, C Pierret. Relecture vivante, la f\u00e9erie de Purcell narre les exploits dArthur le Wind instruments : recorder, flute, oboe, clarinet, saxophone, trumpet, trombone Queyras Jean-Guihen. Montr\u00e9al Canada 11 mars 1967. Violoncelliste classique. Lun des plus grands virtuoses mondiaux. Alain Soler et Toots Thielemans s\u00e9taient d\u00e9couvert un int\u00e9r\u00eat commun pour Bill Evans et en particulier le disque Affinity dans lequel le saxophoniste joait aux c\u00f4t\u00e9s de lharmoniciste. De fil en aiguille, Larry a rencontr\u00e9 les activistes de Ch\u00e2teau-Arnoux.. Et revient tous les ans ou presque simmerger dans latmosph\u00e8re de la Haute-Provence. On le retrouve sur de nombreux disques du Label-Durance et il participe \u00e0 chaque occasion \u00e0 des ateliers de pratique musicale. Jai eu la chance de faire la chronologie du jazz jusquau free. .<\/p>\n","protected":false},"excerpt":{"rendered":"<p>rencontre musicale haute provence 2010<\/p>\n","protected":false},"author":1,"featured_media":0,"comment_status":"closed","ping_status":"closed","sticky":false,"template":"","format":"standard","meta":{"footnotes":""},"categories":[1],"tags":[],"_links":{"self":[{"href":"http:\/\/intranet.asbl.ca\/blog\/wp-json\/wp\/v2\/posts\/3941"}],"collection":[{"href":"http:\/\/intranet.asbl.ca\/blog\/wp-json\/wp\/v2\/posts"}],"about":[{"href":"http:\/\/intranet.asbl.ca\/blog\/wp-json\/wp\/v2\/types\/post"}],"author":[{"embeddable":true,"href":"http:\/\/intranet.asbl.ca\/blog\/wp-json\/wp\/v2\/users\/1"}],"replies":[{"embeddable":true,"href":"http:\/\/intranet.asbl.ca\/blog\/wp-json\/wp\/v2\/comments?post=3941"}],"version-history":[{"count":1,"href":"http:\/\/intranet.asbl.ca\/blog\/wp-json\/wp\/v2\/posts\/3941\/revisions"}],"predecessor-version":[{"id":3942,"href":"http:\/\/intranet.asbl.ca\/blog\/wp-json\/wp\/v2\/posts\/3941\/revisions\/3942"}],"wp:attachment":[{"href":"http:\/\/intranet.asbl.ca\/blog\/wp-json\/wp\/v2\/media?parent=3941"}],"wp:term":[{"taxonomy":"category","embeddable":true,"href":"http:\/\/intranet.asbl.ca\/blog\/wp-json\/wp\/v2\/categories?post=3941"},{"taxonomy":"post_tag","embeddable":true,"href":"http:\/\/intranet.asbl.ca\/blog\/wp-json\/wp\/v2\/tags?post=3941"}],"curies":[{"name":"wp","href":"https:\/\/api.w.org\/{rel}","templated":true}]}}