{"id":3955,"date":"2020-09-27T11:19:54","date_gmt":"2020-09-27T11:19:54","guid":{"rendered":"http:\/\/intranet.asbl.ca\/blog\/?p=3955"},"modified":"2020-09-22T12:42:09","modified_gmt":"2020-09-22T12:42:09","slug":"point-rencontre-fribourgeois","status":"publish","type":"post","link":"http:\/\/intranet.asbl.ca\/blog\/2020\/09\/27\/point-rencontre-fribourgeois\/","title":{"rendered":"Point Rencontre Fribourgeois"},"content":{"rendered":"<p>Nh\u00e9sitez pas, face \u00e0 une difficult\u00e9 ou face \u00e0 des inqui\u00e9tudes, \u00e0 recourir \u00e0 ce service afin de pouvoir rapidement trouver un nouvel \u00e9quilibre pour votre enfant ou \u00eatre orient\u00e9 vers un sp\u00e9cialiste qui pourra vous accompagner vous et votre enfant 05.11.2019-15.12.2019 Programme dhiver au NeighborHub Apr\u00e8s les exercices en salle consacr\u00e9s notamment au travail physique, les prot\u00e9g\u00e9s de Christian Dub\u00e9 ont donc pu rechausser leurs patins et ont retrouv\u00e9 leur terrain de jeu favori. D\u00e9cal\u00e9 de deux mois en raison de la crise sanitaire, le forum JobsTIC aura lieu le 25 juin prochain, dans un format 100 num\u00e9rique. Au programme de cet \u00e9v\u00e9nement organis\u00e9 par la..  Sil y a peu de b\u00e2timents de style \u00e0 Fribourg, lun des seuls repr\u00e9sentants est lh\u00f4tel situ\u00e9 \u00e0 la rue de Morat, du nom dun marchand de drap et officier au service de la France, Hans Ratz\u00e9. Construit entre 1581 et 1585 dans le style de la Renaissance lyonnaise, il abrite depuis 1920 le. La Soci\u00e9t\u00e9 fran\u00e7aise de p\u00e9diatrie cite par ailleurs une dizaine d\u00e9tudes sur son site Internet, bas\u00e9es g\u00e9n\u00e9ralement sur des \u00e9chantillons tr\u00e8s r\u00e9duits. Lune de ces \u00e9tudes, bas\u00e9e sur le cluster de Contamines-Montjoie dans les Alpes, un des premiers de l\u00e9pid\u00e9mie en France, a \u00e9t\u00e9 publi\u00e9 sur le site du le 11 avril. Elle conclut quun enfant de 9 ans, pr\u00e9sentant les sympt\u00f4mes du coronavirus et test\u00e9 positif, na pas transmis la maladie malgr\u00e9 des interactions \u00e9troites au sein des \u00e9coles, ce dernier ayant fr\u00e9quent\u00e9 trois \u00e9coles et une classe de ski avant d\u00eatre plac\u00e9 en isolement avec les autres contamin\u00e9s de ce chalet o\u00f9 un Britannique avait propag\u00e9 le virus. Dans le m\u00eame groupe, un adulte asymptomatique avait quant \u00e0 lui une charge virale similaire \u00e0 celle dun patient symptomatique. L\u00e9tude sugg\u00e8re en conclusion une dynamique de transmission potentiellement diff\u00e9rente chez les enfants. Meeting Point-Sauna, d\u00e9tente et bien \u00eatre \u00e0 Fribourg <img decoding=\"async\" src=\"http:\/\/2014.laliberte.ch\/media\/image\/13\/normal\/patinoire_03vm_191215.jpg\" alt=\"point rencontre fribourgeois\" align=\"center\"> Le Unlearning Center est un espace daction et de.. <img decoding=\"async\" src=\"http:\/\/www.foietlumiere.ch\/wordpress\/wp-content\/uploads\/2014\/05\/rencontre-des-3-Fribourg-13.jpg\" alt=\"point rencontre fribourgeois\" align=\"right\"> Toutes les informations sur les sessions: ordre du jour, proc\u00e8s-verbaux, objets trait\u00e9s. D\u00e9cid\u00e9ment, Union ny arrive pas contre Fribourg Olympic <img decoding=\"async\" src=\"http:\/\/static.infomaniak.ch\/latele\/media\/2015\/AVOIRSPORT\/20150118-1800\/AVOIRSPORT-20150118-1800-568000.jpg\" alt=\"point rencontre fribourgeois\" align=\"left\"> Athl\u00e9tisme : Les championnats de France en septembre \u00e0 Albi Je viens te chercher en v\u00e9lo prendre un verre si tu aimes : lundi-vendredi 10-17h Montag-Freitag 10-17 Uhr Im Rahmen der Ausstellung Unterbrochene Lebenswege Dans le cadre de lexposition Itin\u00e9raires Entrecoup\u00e9s..   Vous ne savez pas comment d\u00e9marrer la conversation? 16 stars du sport saffronteront de chez elles les 12, 13 et 14 juin.<\/p>\n","protected":false},"excerpt":{"rendered":"<p>point rencontre fribourgeois<\/p>\n","protected":false},"author":1,"featured_media":0,"comment_status":"closed","ping_status":"closed","sticky":false,"template":"","format":"standard","meta":{"footnotes":""},"categories":[1],"tags":[],"_links":{"self":[{"href":"http:\/\/intranet.asbl.ca\/blog\/wp-json\/wp\/v2\/posts\/3955"}],"collection":[{"href":"http:\/\/intranet.asbl.ca\/blog\/wp-json\/wp\/v2\/posts"}],"about":[{"href":"http:\/\/intranet.asbl.ca\/blog\/wp-json\/wp\/v2\/types\/post"}],"author":[{"embeddable":true,"href":"http:\/\/intranet.asbl.ca\/blog\/wp-json\/wp\/v2\/users\/1"}],"replies":[{"embeddable":true,"href":"http:\/\/intranet.asbl.ca\/blog\/wp-json\/wp\/v2\/comments?post=3955"}],"version-history":[{"count":1,"href":"http:\/\/intranet.asbl.ca\/blog\/wp-json\/wp\/v2\/posts\/3955\/revisions"}],"predecessor-version":[{"id":3956,"href":"http:\/\/intranet.asbl.ca\/blog\/wp-json\/wp\/v2\/posts\/3955\/revisions\/3956"}],"wp:attachment":[{"href":"http:\/\/intranet.asbl.ca\/blog\/wp-json\/wp\/v2\/media?parent=3955"}],"wp:term":[{"taxonomy":"category","embeddable":true,"href":"http:\/\/intranet.asbl.ca\/blog\/wp-json\/wp\/v2\/categories?post=3955"},{"taxonomy":"post_tag","embeddable":true,"href":"http:\/\/intranet.asbl.ca\/blog\/wp-json\/wp\/v2\/tags?post=3955"}],"curies":[{"name":"wp","href":"https:\/\/api.w.org\/{rel}","templated":true}]}}