{"id":3957,"date":"2020-09-27T15:51:03","date_gmt":"2020-09-27T15:51:03","guid":{"rendered":"http:\/\/intranet.asbl.ca\/blog\/?p=3957"},"modified":"2020-09-22T12:43:58","modified_gmt":"2020-09-22T12:43:58","slug":"rencontre-du-pape-francois-et-de-benoit-xvi","status":"publish","type":"post","link":"http:\/\/intranet.asbl.ca\/blog\/2020\/09\/27\/rencontre-du-pape-francois-et-de-benoit-xvi\/","title":{"rendered":"Rencontre Du Pape Fran\u00e7ois Et De Beno\u00eet Xvi"},"content":{"rendered":"<p>Long-m\u00e9trage danimation sorti sur Netflix en pr\u00e9vision de No\u00ebl 2019, et dabord visible en libre acc\u00e8s toute une fin de semaine, Klaus est un conte qui relate lassociation entre un vieux fabricant de jouets et un jeune facteur, dans une ville pleine de neige, au coeur dune ambiance morose. Ce duo sera \u00e0 lorigine dune certaine l\u00e9gende.. R\u00e9alis\u00e9 par lespagnol Sergio Pablos connu pour son travail sur la saga Moi moche et m\u00e9chant, et co-produit par une production am\u00e9ricaine, ce dessin anim\u00e9 applaudi compte parmi ses doubleurs Jason Schwartzman A bord du Darjeeling Limited, J.K. Simmons Whiplash, et Alex Lutz Guy et Fran\u00e7ois Berl\u00e9and Les Choristes c\u00f4t\u00e9 version fran\u00e7aise. Dans le film, apr\u00e8s la mort de Jean Paul II, le cardinal Ratzinger est montr\u00e9 comme faisant campagne : Il veut le pouvoir dit un des protagonistes. Ce qui est compl\u00e8tement absurde : dabord parce que celui qui fait campagne pendant un conclave est s\u00fbr de ne pas \u00eatre \u00e9lu. Cest le sens historique du mot : Celui qui entre pape au conclave en sort cardinal. Ensuite, parce que Ratzinger ne voulait pas \u00eatre \u00e9lu : il voulait se retirer dans un couvent afin de se consacrer exclusivement \u00e0 ses travaux intellectuels. Or, il a bien compris que de nombreux cardinaux souhaitaient l\u00e9lire et quun groupe de faiseurs de pape s\u00e9tait m\u00eame constitu\u00e9 dans ce sens. Exactement comme en 2013, des cardinaux ont port\u00e9 Bergoglio \u00e0 la charge supr\u00eame de la m\u00eame fa\u00e7on. Do\u00f9 la rapidit\u00e9 des deux \u00e9lections. IMDB The Procedure and Praxis of the Congregation for the Doctrine of the Faith  Non seulement contre ceux qui osent dire : cest un faux, mais contre l\u00e9glise de Vatican II qui refuse de dire : cest le vrai linceul du Christ, alors que les scientifiques du monde entier lavaient d\u00e9clar\u00e9 lors du Symposium de Rome en 1993. Et Jean Mercier, P\u00e9dophilie, le pape face aux scandales, in La Vie, n o 3368, 18-24 mars 2010, p. 20 , La Foi et le Pouvoir : Le Vatican et lItalie de Pie IX \u00e0 Beno\u00eet XVI, Buchet-Chastel, 2007 Le, il est ordonn\u00e9, en m\u00eame temps que son fr\u00e8re, dans la, par le cardinal. Il c\u00e9l\u00e8bre sa premi\u00e8re messe solennelle le 8 juillet 1951 en l. Apr\u00e8s une ann\u00e9e de minist\u00e8re paroissial en la paroisse du Pr\u00e9cieux Sang, \u00e0, il est nomm\u00e9 professeur au s\u00e9minaire de Freising, avec des missions annexes daum\u00f4nier aupr\u00e8s des jeunes et du service liturgique \u00e0 la cath\u00e9drale. <img decoding=\"async\" src=\"http:\/\/upload.wikimedia.org\/wikipedia\/commons\/thumb\/d\/d6\/Benedict_XVI_helicopter.JPG\/440px-Benedict_XVI_helicopter.JPG\" alt=\"rencontre du pape fran\u00e7ois et de beno\u00eet xvi\" align=\"right\"> Film Netflix de pur divertissement, destin\u00e9 aux enfants et au public familial, Le Catcheur masqu\u00e9 ou The main event, en VO suit un gar\u00e7on fou de catch qui d\u00e9couvre un masque aux pouvoirs magiques et entre donc dans lar\u00e8ne. R\u00e9alis\u00e9e par Jay Karas qui dirigea plusieurs \u00e9pisodes de la s\u00e9rie Workaholics, cette production en forme de com\u00e9die fantastique dans le milieu de la WWF a pour interpr\u00e8tes Seth Carr vu dans le film marvel Black Panther, Tichina Arnold Countdown, ainsi que le catcheur Le Miz. Le v\u00e9n\u00e9rable archev\u00eaque am\u00e9ricain Fulton J. Sheen, dans un sermon radiophonique de 1947, d\u00e9crivit lAntichrist comme un grand philanthrope qui parlera de paix, de prosp\u00e9rit\u00e9 et dabondance. LAntichrist ne sera pas appel\u00e9 ainsi ; sinon, il naurait pas dadeptes. Il ne va pas porter des collants rouges, ni vomir du soufre, ni porter un trident ni secouer une queue fl\u00e9ch\u00e9e comme M\u00e9phisto dans lop\u00e9ra de Faust, disait-il. Notre Seigneur nous dit quil sera tellement semblable \u00e0 Lui-m\u00eame, quil tromperait m\u00eame les \u00e9lus et certainement aucun diable que nous ayons jamais vu dans les livres dimages ne pourrait tromper m\u00eame les \u00e9lus. Comment fera-t-il son entr\u00e9e dans cette nouvelle \u00e8re pour gagner des adeptes \u00e0 sa religion? Fulton Sheen r\u00e9pondait : Beno\u00eet XVI fait le lien entre la domination du mariage homosexuel et de lavortement et le pouvoir spirituel de lAntichrist L\u00c9glise catholique enseigne quavant le glorieuse second av\u00e8nement du Christ, l\u00c9glise passera par une \u00e9preuve finale qui \u00e9branlera la foi de nombreux croyants Magazine pour la fin des temps Le plus rageant cest que le traditionalisme m\u00eame s\u00e9d\u00e9vac patauge dans cette boue. Atlanti Culture Jackie et Lee de St\u00e9phanie des Horts : entre jalousie, ambition et glamour les soeurs Bouvier saffrontent!  Le dernier du pontificat, le 24 f\u00e9vrier, est suivi par une foule nombreuse de plus de 100 000 fid\u00e8les rassembl\u00e9s. Le lendemain est rendu public le dat\u00e9 du 22 f\u00e9vrier pr\u00e9cisant un certain nombre de points pour l. <img decoding=\"async\" src=\"http:\/\/www.eglise.catholique.fr\/wp-content\/uploads\/sites\/2\/2014\/05\/2009_05_11_benoitxvi_s.peres_.jpg\" alt=\"rencontre du pape fran\u00e7ois et de beno\u00eet xvi\" align=\"center\"> Il est connu pour avoir une position traditionnelle vis-\u00e0-vis des et de l direct. Il soutient le pape contre lavis dune majorit\u00e9 d\u00e9v\u00eaques allemands, dans sa d\u00e9cision \u00e0 la fin des de faire fermer quelque 260 centres de conseil pour les grossesses conflictuelles administr\u00e9s par l\u00c9glise catholique allemande. Ces centres doivent se r\u00e9organiser sous une forme associative non reconnue par l\u00c9glise. Vous naviguez sur le nouveau site Aller au contenu principal Aller au pied de page Le Pape Fran\u00e7ois me salue chaleureusement avant mon retour au pays.. Nous esp\u00e9rons vous accueillir en France! Speriamo r\u00e9pond le Pape.. Que lon pourrait traduire par. Patience.. Mathilde Imberty mathildeimberty <img decoding=\"async\" src=\"http:\/\/static1.purepeople.com\/articles\/3\/11\/62\/43\/@\/1063020-le-nouveau-pape-benoit-xvi-joseph-300x196-2.jpg\" alt=\"rencontre du pape fran\u00e7ois et de beno\u00eet xvi\" align=\"left\">.<\/p>\n","protected":false},"excerpt":{"rendered":"<p>rencontre du pape fran\u00e7ois et de beno\u00eet xvi<\/p>\n","protected":false},"author":1,"featured_media":0,"comment_status":"closed","ping_status":"closed","sticky":false,"template":"","format":"standard","meta":{"footnotes":""},"categories":[1],"tags":[],"_links":{"self":[{"href":"http:\/\/intranet.asbl.ca\/blog\/wp-json\/wp\/v2\/posts\/3957"}],"collection":[{"href":"http:\/\/intranet.asbl.ca\/blog\/wp-json\/wp\/v2\/posts"}],"about":[{"href":"http:\/\/intranet.asbl.ca\/blog\/wp-json\/wp\/v2\/types\/post"}],"author":[{"embeddable":true,"href":"http:\/\/intranet.asbl.ca\/blog\/wp-json\/wp\/v2\/users\/1"}],"replies":[{"embeddable":true,"href":"http:\/\/intranet.asbl.ca\/blog\/wp-json\/wp\/v2\/comments?post=3957"}],"version-history":[{"count":1,"href":"http:\/\/intranet.asbl.ca\/blog\/wp-json\/wp\/v2\/posts\/3957\/revisions"}],"predecessor-version":[{"id":3958,"href":"http:\/\/intranet.asbl.ca\/blog\/wp-json\/wp\/v2\/posts\/3957\/revisions\/3958"}],"wp:attachment":[{"href":"http:\/\/intranet.asbl.ca\/blog\/wp-json\/wp\/v2\/media?parent=3957"}],"wp:term":[{"taxonomy":"category","embeddable":true,"href":"http:\/\/intranet.asbl.ca\/blog\/wp-json\/wp\/v2\/categories?post=3957"},{"taxonomy":"post_tag","embeddable":true,"href":"http:\/\/intranet.asbl.ca\/blog\/wp-json\/wp\/v2\/tags?post=3957"}],"curies":[{"name":"wp","href":"https:\/\/api.w.org\/{rel}","templated":true}]}}