{"id":3977,"date":"2020-09-27T18:18:32","date_gmt":"2020-09-27T18:18:32","guid":{"rendered":"http:\/\/intranet.asbl.ca\/blog\/?p=3977"},"modified":"2020-09-22T13:23:40","modified_gmt":"2020-09-22T13:23:40","slug":"rencontrer-julie-zenatti","status":"publish","type":"post","link":"http:\/\/intranet.asbl.ca\/blog\/2020\/09\/27\/rencontrer-julie-zenatti\/","title":{"rendered":"Rencontrer Julie Zenatti"},"content":{"rendered":"<p><img decoding=\"async\" src=\"http:\/\/blogmarie.b.l.pic.centerblog.net\/pjjiyhn5.jpg\" alt=\"rencontrer julie zenatti\" align=\"center\"> J.Z. : Jai propos\u00e9 aux diff\u00e9rents artistes une chanson en fonction de leur histoire, de leur h\u00e9ritage, de leur langue dorigine et cest ainsi que lon a \u00e9tabli le r\u00e9pertoire. Je voulais que chaque artiste chante sa M\u00e9diterran\u00e9e et pas ma M\u00e9diterran\u00e9e. Date limite de demande de remboursement : fin d\u00e9cembre 2020. Venez partager cet \u00e9v\u00e9nement organis\u00e9 pour vous, rencontrer les administrateurs de votre Caisse locale et les dirigeants de votre banque, vous informer de son actualit\u00e9. Vous b\u00e9n\u00e9ficierez dune intervention sur le th\u00e8me de laffirmation de notre utilit\u00e9 au territoire. Est linvit\u00e9e de \u00e0 16h05 pour le concert des confin\u00e9s ce soir sur Didier Super est bien plus marrant que tout ces comiques de merde 2015 : Conte musical Martin et les f\u00e9es : r\u00f4le de la f\u00e9e Sol\u00e8ne ATTENTION, ce formulaire ne sert pas \u00e0 commenter cet article,  M\u00e9diterran\u00e9ennes est un spectacle tr\u00e8s dynamique, tr\u00e8s beau, qui a un c\u00f4t\u00e9 tr\u00e8s passif mais aussi m\u00e9lancolique. Cest un voyage autour de la M\u00e9diterran\u00e9e. David Douillet dans le costume du Lion, d\u00e9masqu\u00e9 lors de la demi-finale de Mask Singer diffus\u00e9e vendredi 6 d\u00e9cembre 2019 sur TF1. Capture d\u00e9cran TF1 <img decoding=\"async\" src=\"http:\/\/img.xooimage.com\/files2\/7\/1\/c\/avatargeraldjuliesand-17cf834.jpg\" alt=\"rencontrer julie zenatti\" align=\"center\"> Disponible uniquement sur les pages programmes pour le moment. Page \u00e0 envoyer : Julie Zenatti partira en tourn\u00e9e cet \u00e9t\u00e9 avec La Provence <img decoding=\"async\" src=\"http:\/\/www.note.anglersacademy.org\/media\/01\/01\/792021587.jpg\" alt=\"rencontrer julie zenatti\" align=\"right\"> Publi\u00e9 le : 31032017-11:53 Modifi\u00e9 le : 31032017-12:47 Mary Luy : C\u00e9tait en 2009. Jai pass\u00e9 le casting. Je suis arriv\u00e9e en finale. Laventure a dur\u00e9 trois mois. On \u00e9tait enferm\u00e9 dans un h\u00f4tel. Comme j\u00e9tais mineure, je navais pas le droit de sortir. Le programme \u00e9tait charg\u00e9 : le lundi prime, le mardi r\u00e9p\u00e9titions, le mercredi on travaillait la chor\u00e9graphie, puis de nouveau le chant Partir du lyc\u00e9e pour vivre dans un h\u00f4tel, \u00e7a a \u00e9t\u00e9 compliqu\u00e9. Il a fallu trouver le bon rythme. J\u00e9tais stress\u00e9e   La g\u00e9rante de lEURL LA NOUVELLE UNE est : Audrey SARRADIN J.Z. : Nous avons voulu faire se rencontrer les deux bords de la M\u00e9diterran\u00e9e. Que ce soit en Isra\u00ebl ou ailleurs, il y a toujours une m\u00e9lancolie joyeuse dans la musique m\u00e9diterran\u00e9enne. Cest un album pop teint\u00e9 dune nuance traditionnelle apport\u00e9e par les instruments et l\u00e9criture du violon. Je dirais que cest un album lumineux!<\/p>\n","protected":false},"excerpt":{"rendered":"<p>rencontrer julie zenatti<\/p>\n","protected":false},"author":1,"featured_media":0,"comment_status":"closed","ping_status":"closed","sticky":false,"template":"","format":"standard","meta":{"footnotes":""},"categories":[1],"tags":[],"_links":{"self":[{"href":"http:\/\/intranet.asbl.ca\/blog\/wp-json\/wp\/v2\/posts\/3977"}],"collection":[{"href":"http:\/\/intranet.asbl.ca\/blog\/wp-json\/wp\/v2\/posts"}],"about":[{"href":"http:\/\/intranet.asbl.ca\/blog\/wp-json\/wp\/v2\/types\/post"}],"author":[{"embeddable":true,"href":"http:\/\/intranet.asbl.ca\/blog\/wp-json\/wp\/v2\/users\/1"}],"replies":[{"embeddable":true,"href":"http:\/\/intranet.asbl.ca\/blog\/wp-json\/wp\/v2\/comments?post=3977"}],"version-history":[{"count":1,"href":"http:\/\/intranet.asbl.ca\/blog\/wp-json\/wp\/v2\/posts\/3977\/revisions"}],"predecessor-version":[{"id":3978,"href":"http:\/\/intranet.asbl.ca\/blog\/wp-json\/wp\/v2\/posts\/3977\/revisions\/3978"}],"wp:attachment":[{"href":"http:\/\/intranet.asbl.ca\/blog\/wp-json\/wp\/v2\/media?parent=3977"}],"wp:term":[{"taxonomy":"category","embeddable":true,"href":"http:\/\/intranet.asbl.ca\/blog\/wp-json\/wp\/v2\/categories?post=3977"},{"taxonomy":"post_tag","embeddable":true,"href":"http:\/\/intranet.asbl.ca\/blog\/wp-json\/wp\/v2\/tags?post=3977"}],"curies":[{"name":"wp","href":"https:\/\/api.w.org\/{rel}","templated":true}]}}