{"id":3979,"date":"2020-09-27T04:29:49","date_gmt":"2020-09-27T04:29:49","guid":{"rendered":"http:\/\/intranet.asbl.ca\/blog\/?p=3979"},"modified":"2020-09-22T13:25:09","modified_gmt":"2020-09-22T13:25:09","slug":"rencontres-jeunes-chercheurs-en-recherche-d","status":"publish","type":"post","link":"http:\/\/intranet.asbl.ca\/blog\/2020\/09\/27\/rencontres-jeunes-chercheurs-en-recherche-d\/","title":{"rendered":"Rencontres Jeunes Chercheurs En Recherche D"},"content":{"rendered":"<p>Communication financi\u00e8re Communiqu\u00e9 de presse POST AGO 2020 de CFG BANK Cette Sixi\u00e8me Rencontre internationale des jeunes chercheurs en patrimoine se penche ainsi sur la s\u00e9lection patrimoniale, sur ses causes, ses motifs et ses effets, depuis le patrimoine national et le patrimoine mondial jusquaux territoires r\u00e9duits, mais d\u00e9multipli\u00e9s, de la proximit\u00e9. Seront re\u00e7ues les propositions de communication qui, dans une perspective diachronique ou synchronique, interrogeront les buts, les syst\u00e8mes, les processus ou les m\u00e9caniques de la s\u00e9lection patrimoniale \u00e0 travers un ou des cas, historiques ou contemporains, sous trois aspects non exclusifs. Le premier concerne lobjectif des m\u00e9thodes de s\u00e9lection : quelles sont-elles, quels crit\u00e8res les animent, quels pourraient-ils \u00eatre, qui en sont ou en seraient les animateurs? Le deuxi\u00e8me sattache au pourquoi : \u00e0 quoi sert de s\u00e9lectionner, quels sont ou ont \u00e9t\u00e9 les desseins de la s\u00e9lection patrimoniale selon les contextes? Le troisi\u00e8me axe de cet appel \u00e0 communications sint\u00e9resse au comment : volontaire ou inconsciente, de quelle fa\u00e7on une s\u00e9lection influe-t-elle sur les configurations et sur les significations du patrimoine? En somme, il sagit de comprendre les ph\u00e9nom\u00e8nes de patrimonialisation historiques ou contemporains de fa\u00e7on aussi bien th\u00e9orique que pratique, en contextualisant les choix patrimoniaux anciens ou futurs par rapport aux temps, aux lieux, aux acteurs et aux m\u00e9thodes qui les caract\u00e9risent et \u00e0 travers lesquels la s\u00e9lection patrimoniale atteint ou non ses finalit\u00e9s. Les enfants seraient bel et bien peu sensibles au coronavirus et peu contagieux. Cest la conclusion dune \u00e9tude men\u00e9e en Ile-de-France aupr\u00e8s de plusieurs centaines denfants, dont les r\u00e9sultats ont \u00e9t\u00e9 d\u00e9voil\u00e9s en pr\u00e9-publication ce jeudi 4 juin. Cette \u00e9tude, soutenue par lAssociation fran\u00e7aise de p\u00e9diatrie ambulatoire et pilot\u00e9e par le p\u00e9diatre et infectiologue \u00e0 lh\u00f4pital de Cr\u00e9teil Val-de-Marne Robert Cohen, conclue en bref que les enfants semblent moins contamin\u00e9s et moins contaminants. Dans le d\u00e9tail, lanalyse portait sur 605 jeunes patients de moins de 15 ans, suivis par 27 p\u00e9diatres de ville, entre le 14 avril et le 12 mai. L\u00e9tude pr\u00e9cise que 46,8 soit 283 pr\u00e9sentaient des sympt\u00f4mes l\u00e9gers, allant dune simple toux \u00e0 de la fi\u00e8vre, en passant par des diarrh\u00e9es ou des pertes de go\u00fbt. A linverse, plus de la moiti\u00e9 53,2 soit 322 \u00e9taient asymptomatiques, m\u00eame si une part 118 enfants avaient connu des sympt\u00f4mes en amont des tests.  La variation en Sciences du Langage : approches, donn\u00e9es et usages 1 UMR 5217-Laboratoire LIG-B\u00e2timent IMAG-700 avenue Centrale-Domaine Universitaire de Saint-Martin-dH\u00e8res Dans un groupe de gorilles, le m\u00e2le dominant est surnomm\u00e9 dos argent\u00e9 en raison dune zone de poils blancs sur son dos. Au c\u0153ur de certains grands groupes, deux m\u00e2les peuvent \u00eatre dominants. Raquel Pedrosa, Adobe Stock Les femmes avant les fruits Une deuxi\u00e8me \u00e9quipe a pr\u00e9sent\u00e9 un bateau fonctionnant avec des \u00e9nergies renouvelables gr\u00e2ce \u00e0 des panneaux solaires, une \u00e9olienne et des roues \u00e0 aubes. La CIA sest fait doubl\u00e9e par les Services chinois! <img decoding=\"async\" src=\"http:\/\/img.over-blog.com\/300x225\/5\/69\/08\/95\/DSC01827.JPG\" alt=\"rencontres jeunes chercheurs en recherche d\" align=\"right\"> Lassociation Polonica propose deux recettes typiques de p\u00e2tes \u00e0 tester \u00e0 la maison : apprenez avec Grazyna \u00e0 cuisiner les kluski slaskie, les gnocchis polonais ; et les pierogi, des raviolis traditionnels, avec Christophe. Dans le cadre de la conf\u00e9rence CORIA-TALN-RJC 2018 est organis\u00e9 un hackathon, 3\u00e8me \u00e9dition c\u00f4t\u00e9 CORIA Hack Days et TALN HackaTAL. L\u00e9v\u00e8nement porte sur des probl\u00e9matiques en RI et en TAL. Lobjectif est de r\u00e9unir les communaut\u00e9s scientifiques, et au del\u00e0, autour de d\u00e9fis \u00e0 relever, pour mod\u00e9liser, prototyper, coder, exp\u00e9rimenter, d\u00e9velopper, tester, \u00e9valuer, \u00e9changer, etc-par \u00e9quipes, dans une ambiance d\u00e9contract\u00e9e :! \u00c0 Dijon, plus de 5 000 heures de b\u00e9n\u00e9volat \u00e0 la Croix Rouge Il me semble que la crise a mis en avant tout lint\u00e9r\u00eat de revenir sur la construction dun revenu universel ou quelque chose dapprochant, car il est clair quon ne peut compl\u00e8tement laisser tomber tout une part de la population dans une telle situation La crise aussi a mis en \u00e9vidence pour tous limportance des m\u00e9tiers de care, non seulement en h\u00f4pital mais dans lensemble de la soci\u00e9t\u00e9. Il est temps que cette sensibilit\u00e9 soudaine donne lieu \u00e0 une v\u00e9ritable revalorisation de m\u00e9tiers dont on voit quils sont indispensables \u00e0 la vie. Chaque ann\u00e9e, le Bureau des jeunes chercheurs organise une ou deux demi-journ\u00e9es d\u00e9tude sur un th\u00e8me connexe \u00e0 celui retenu pour le colloque annuel de la SFDI. 2019 Le paysage de lemploi et des carri\u00e8res des jeunes docteurs a consid\u00e9rablement \u00e9volu\u00e9 ces derni\u00e8res ann\u00e9es. Le secteur acad\u00e9mique recrute sensiblement moins quil y a dix ans mais peut offrir de meilleures conditions de d\u00e9marrage, alors que lexp\u00e9rience de la recherche peut \u00eatre avantageusement valoris\u00e9e dans de nombreux parcours en dehors du syst\u00e8me acad\u00e9mique. Toutefois, les jeunes docteurs ont souvent peu dinterlocuteurs pour les informer et pour discuter de la strat\u00e9gie et des carri\u00e8res accessibles.  Les \u00e9l\u00e8ves pr\u00e9senteront leurs projets sur la journ\u00e9e organis\u00e9e en trois temps. Matin\u00e9e D\u00e9couvrez dans cette courte vid\u00e9o, propos\u00e9e par lAIAPA, la porchetta une viande de porc aromatis\u00e9e obtenue par la cuisson au feu de bois du cochon entier de lAntica salumeria Granieri Amato, toujours pr\u00e9sente au march\u00e9 des Villes jumelles et qui a \u00e9t\u00e9 prim\u00e9e lan dernier au championnat r\u00e9gional Umbria. Ce produit typique de lItalie centrale remonterait \u00e0 l\u00e9poque des Etrusques, entre le IXe et le Ier si\u00e8cle avant J.C. <img decoding=\"async\" src=\"http:\/\/blogs.univ-tlse2.fr\/tesc-doctorants\/files\/2013\/02\/logo2.png\" alt=\"rencontres jeunes chercheurs en recherche d\" align=\"right\"> <img decoding=\"async\" src=\"http:\/\/www.fondationsaintluc.be\/sites\/default\/files\/content\/echos\/image_highlight\/capture_decran_2018-05-28_a_09.49.20.png\" alt=\"rencontres jeunes chercheurs en recherche d\" align=\"left\"> Soucieuse de passer le relais de la recherche aux plus jeunes, la Ligue contre le cancer finance tous les ans plus de 200 doctorants dans des laboratoires de recherche r\u00e9partis sur tout le territoire national Universit\u00e9s, INSERM, CNRS, CEA. Ce soutien aux jeunes chercheurs est une des actions historiques de la Ligue \u00e0 laquelle les ligueurs sont tr\u00e8s attach\u00e9s. De plus, le laboratoire a des liens privil\u00e9gi\u00e9s avec des institutions et des universit\u00e9s europ\u00e9ennes, am\u00e9ricaines, et en Extr\u00eame-Orient dont les th\u00e9matiques d\u00e9tude sint\u00e9ressent \u00e9galement aux soci\u00e9t\u00e9s anciennes et \u00e0 lenvironnement des m\u00eames r\u00e9gions. Le professeur Raoult remet en cause le confinement en se basant sur une \u00e9tude espagnole AFP-GERARD JULIEN , jeune chercheur italien, partage ses recherches sur le risque associ\u00e9 aux nanoparticules contenues dans les cr\u00e8mes solaires. Les pr\u00e9sentateurs des late-night shows ont \u00e9galement ridiculis\u00e9 les groupes qui, par exemple, ne citent quune seule \u00e9tude discr\u00e9dit\u00e9e pour imputer lautisme aux vaccins ou exigent lenseignement du cr\u00e9ationnisme dans les \u00e9coles malgr\u00e9 la montagne de preuves qui corroborent la th\u00e9orie de l\u00e9volution. Les objectifs, modalit\u00e9s et d\u00e9roulement des futures Rencontres seront d\u00e9battus et pr\u00e9cis\u00e9s collectivement lors dune table ronde programm\u00e9e \u00e0 loccasion de leur premi\u00e8re \u00e9dition, en 2020. Syst\u00e8me permanent dinformation regroupant au sein du Conseil de lEurope les services gouvernementaux europ\u00e9ens responsables de la protection du patrimoine. LABG, en partenariat avec la Ville de Paris, organise une nouvelle \u00e9dition des Post-Doctoriales, un s\u00e9minaire de trois jours cons\u00e9cutifs destin\u00e9 aux jeunes chercheurs de toutes disciplines. Au programme, vous trouverez des m\u00e9thodes et outils, des mises en pratiques et, des rencontres avec des professionnels en poste!<\/p>\n","protected":false},"excerpt":{"rendered":"<p>rencontres jeunes chercheurs en recherche d<\/p>\n","protected":false},"author":1,"featured_media":0,"comment_status":"closed","ping_status":"closed","sticky":false,"template":"","format":"standard","meta":{"footnotes":""},"categories":[1],"tags":[],"_links":{"self":[{"href":"http:\/\/intranet.asbl.ca\/blog\/wp-json\/wp\/v2\/posts\/3979"}],"collection":[{"href":"http:\/\/intranet.asbl.ca\/blog\/wp-json\/wp\/v2\/posts"}],"about":[{"href":"http:\/\/intranet.asbl.ca\/blog\/wp-json\/wp\/v2\/types\/post"}],"author":[{"embeddable":true,"href":"http:\/\/intranet.asbl.ca\/blog\/wp-json\/wp\/v2\/users\/1"}],"replies":[{"embeddable":true,"href":"http:\/\/intranet.asbl.ca\/blog\/wp-json\/wp\/v2\/comments?post=3979"}],"version-history":[{"count":1,"href":"http:\/\/intranet.asbl.ca\/blog\/wp-json\/wp\/v2\/posts\/3979\/revisions"}],"predecessor-version":[{"id":3980,"href":"http:\/\/intranet.asbl.ca\/blog\/wp-json\/wp\/v2\/posts\/3979\/revisions\/3980"}],"wp:attachment":[{"href":"http:\/\/intranet.asbl.ca\/blog\/wp-json\/wp\/v2\/media?parent=3979"}],"wp:term":[{"taxonomy":"category","embeddable":true,"href":"http:\/\/intranet.asbl.ca\/blog\/wp-json\/wp\/v2\/categories?post=3979"},{"taxonomy":"post_tag","embeddable":true,"href":"http:\/\/intranet.asbl.ca\/blog\/wp-json\/wp\/v2\/tags?post=3979"}],"curies":[{"name":"wp","href":"https:\/\/api.w.org\/{rel}","templated":true}]}}