{"id":3983,"date":"2020-09-27T13:46:53","date_gmt":"2020-09-27T13:46:53","guid":{"rendered":"http:\/\/intranet.asbl.ca\/blog\/?p=3983"},"modified":"2020-09-22T13:28:37","modified_gmt":"2020-09-22T13:28:37","slug":"rencontre-jura-lons-le-saunier","status":"publish","type":"post","link":"http:\/\/intranet.asbl.ca\/blog\/2020\/09\/27\/rencontre-jura-lons-le-saunier\/","title":{"rendered":"Rencontre Jura Lons-Le-Saunier"},"content":{"rendered":"<p>Hold up des moins de 30 ans presque pour Elvina ; \u00e7a fait plaisir \u00e0 voir dans notre ligue et dans les autres aussi qui peine toujours \u00e0 motiver les nouvelles g\u00e9n\u00e9rations \u00e0 venir participer \u00e0 nos rencontres. Ainsi plusieurs mesures sont en cours de pr\u00e9paration : Derni\u00e8rs annonces libertines pr\u00e8s de Lons le saunier V\u00e9ritable centre de d\u00e9cision, elle apporte des r\u00e9ponses personnalis\u00e9es et rapides \u00e0 vos demandes de cr\u00e9dits, placements et assurances. <img decoding=\"async\" src=\"http:\/\/www.amelie-felix.fr\/images\/2017\/04\/20\/cheval-hybride-amelie-felix-jura.png\" alt=\"rencontre jura lons-le-saunier\" align=\"left\">  11 Mobilisation contre la publicit\u00e9 ce samedi \u00e0 Marseille D\u00c9PARTEMENTS: 01 03 07 15 26 38 42 43 63 69 73 74 Bonjour, je suis un homme de 46 ans de Lons le saunier, plut\u00f4t grand et mince d allure sportive. Je vis seul et je recherche des personnes sympathiques, simples, c\u00e2lines pour.. Bonjour, Arriv\u00e9e r\u00e9cemment sur lons, en garde altern\u00e9e, je cherche des copines pour sortir sur lons et faire du sport. Je suis quelqu un de dynamique et.. 19h35 : Macron appelle \u00e0 aller plus loin, plus fort 1,73 m,65kg,brun,yeux noisette.aucune pr\u00e9f\u00e9rence sp\u00e9cifique.Je suis pas celibataire,mais ma copine habite \u00e0 lautre bout de la FRANCE.Donc comme on se voit rarement je suis \u00e0 la recherche dune..  Le chef de l\u00c9tat va sentretenir par visioconf\u00e9rence, ce jeudi, avec des maires et les repr\u00e9sentants de leurs associations dont lAMF Association des maires de France. Les \u00e9changes devraient porter sur les modalit\u00e9s du d\u00e9confinement, pr\u00e9vu pour commencer dans moins de trois semaines, le 11 mai, et la r\u00e9ouverture des \u00e9tablissements scolaires. Le second tour des \u00e9lections municipales devrait aussi figurer au menu des discussions. Bonjour je suis de originaire de amerique latina,jaimere trouver une personne avec qui pouvoir partager de moment agr\u00e9able, ou de pas agr\u00e9able,quil sois livre,quil cherche pas a jouer avec mes sentiment, une personne sinc\u00e8re,qui aime les enfants,pasce-que je un enfant de 7 ans,je suis une personne que aime parler tres sinc\u00e9rement,je nes pas de problemes pour partager et que en puise faire parail avec moi. <img decoding=\"async\" src=\"http:\/\/www.ring-athletique-lons.com\/medias\/boxe%20educ.jpg\" alt=\"rencontre jura lons-le-saunier\" align=\"left\"> Prise de rendez-vous t\u00e9l\u00e9phonique en laissant un message et ses coordonn\u00e9es t\u00e9l\u00e9phoniques \u00e0 Cette adresse e-mail est prot\u00e9g\u00e9e contre les robots spammeurs. Vous devez activer le JavaScript pour la visualiser coucou..l envie, peut \u00eatre le besoin d une parenth\u00e8se..tr\u00e8s discret, souvent \u00e0 l \u00e9coute, jamais press\u00e9..quoique que..!! Origines des pi\u00e8ces d\u00e9tach\u00e9es: Toscane, Andalousie Son annonce : moi une fille tre beau et j aime la vie..  <img decoding=\"async\" src=\"http:\/\/www.lonslesaunier.fr\/wp-content\/uploads\/2015\/07\/piscine-AquaReL-238x238.jpg\" alt=\"rencontre jura lons-le-saunier\" align=\"center\"> Magasin bio et produits biologiques-Trouvez votre magasin Biocoop!-Biocoop Finalement, une sage-femme de Lons-Le-Saunier dans le Jura, qui avait des disponibilit\u00e9s, a d\u00e9cid\u00e9 de rencontrer le couple. Elle a accept\u00e9 de suivre cet accouchement parce que la maman travaille dans le corps m\u00e9dical, quils vivent \u00e0 cinq minutes de lh\u00f4pital et quils s\u00e9taient pr\u00e9par\u00e9s tous les deux pendant neuf mois. Cest cette pr\u00e9paration en amont qui ma permis de vivre ce travail moins dans la souffrance ; plut\u00f4t une douleur consciente, quon sait n\u00e9cessaire \u00e0 cette naissance, souligne Justine.<\/p>\n","protected":false},"excerpt":{"rendered":"<p>rencontre jura lons-le-saunier<\/p>\n","protected":false},"author":1,"featured_media":0,"comment_status":"closed","ping_status":"closed","sticky":false,"template":"","format":"standard","meta":{"footnotes":""},"categories":[1],"tags":[],"_links":{"self":[{"href":"http:\/\/intranet.asbl.ca\/blog\/wp-json\/wp\/v2\/posts\/3983"}],"collection":[{"href":"http:\/\/intranet.asbl.ca\/blog\/wp-json\/wp\/v2\/posts"}],"about":[{"href":"http:\/\/intranet.asbl.ca\/blog\/wp-json\/wp\/v2\/types\/post"}],"author":[{"embeddable":true,"href":"http:\/\/intranet.asbl.ca\/blog\/wp-json\/wp\/v2\/users\/1"}],"replies":[{"embeddable":true,"href":"http:\/\/intranet.asbl.ca\/blog\/wp-json\/wp\/v2\/comments?post=3983"}],"version-history":[{"count":1,"href":"http:\/\/intranet.asbl.ca\/blog\/wp-json\/wp\/v2\/posts\/3983\/revisions"}],"predecessor-version":[{"id":3984,"href":"http:\/\/intranet.asbl.ca\/blog\/wp-json\/wp\/v2\/posts\/3983\/revisions\/3984"}],"wp:attachment":[{"href":"http:\/\/intranet.asbl.ca\/blog\/wp-json\/wp\/v2\/media?parent=3983"}],"wp:term":[{"taxonomy":"category","embeddable":true,"href":"http:\/\/intranet.asbl.ca\/blog\/wp-json\/wp\/v2\/categories?post=3983"},{"taxonomy":"post_tag","embeddable":true,"href":"http:\/\/intranet.asbl.ca\/blog\/wp-json\/wp\/v2\/tags?post=3983"}],"curies":[{"name":"wp","href":"https:\/\/api.w.org\/{rel}","templated":true}]}}