{"id":4041,"date":"2020-09-28T20:25:18","date_gmt":"2020-09-28T20:25:18","guid":{"rendered":"http:\/\/intranet.asbl.ca\/blog\/?p=4041"},"modified":"2020-09-22T15:30:47","modified_gmt":"2020-09-22T15:30:47","slug":"prostituee-montceau-les-mines","status":"publish","type":"post","link":"http:\/\/intranet.asbl.ca\/blog\/2020\/09\/28\/prostituee-montceau-les-mines\/","title":{"rendered":"Prostitu\u00e9e Montceau Les Mines"},"content":{"rendered":"<p><img decoding=\"async\" src=\"http:\/\/www.stay.hostelgeneration.com\/images\/bitu.png\" alt=\"prostitu\u00e9e montceau les mines\" align=\"center\"> Viol dune jeune r\u00e9fugi\u00e9e polonaise dans une ferme normande de par Clarence Whitfield, noir am\u00e9ricain, quelques jours apr\u00e8s le d\u00e9barquement du. Assassinat de Pierre Overney, militant mao\u00efste de la, le par Jean-Antoine Tramoni, agent de s\u00e9curit\u00e9 de Renault. EN lots ou \u00e0 lunit\u00e9 confectionnez vous m\u00eame votre lot \u00e0 offrir parmi mes doubles, \u00e0 tous les..  <img decoding=\"async\" src=\"http:\/\/catalogue.gazette-drouot.com\/images\/perso\/full\/LOT\/62\/15842\/235.jpg\" alt=\"prostitu\u00e9e montceau les mines\" align=\"left\"> Imprimerie ouvri\u00e8re, rue des Oiseaux, Montceau-les-Mines Certaines offres qui proposent uniquement de la rencontre, peuvent peut-\u00eatre cacher des offres sexuelles, mais on nen est absolument pas certain. Il faut faire un travail de recoupement.  Je suis \u00e0 la recherche dun peu de travail le temps de me former \u00e0 ce nouveau m\u00e9tier. \u0391\u03bd\u03b1\u03c4\u03bf\u03bc\u03b9\u03ba\u03b5\u03c2 \u03c3\u03b1\u03bd\u03b9\u03b4\u03b5\u03c2 \u03ba\u03c1\u03b5\u03b2\u03b1\u03c4\u03b9\u03bf\u03c5 \u03b4\u03b1\u03b2\u03b9\u03b4 \u03ba\u03b1\u03b9 \u03b3\u03bf\u03bb\u03b9\u03b1\u03b8 \u03b2\u03b9\u03bd\u03c4\u03b5\u03bf \u03a6\u03b5\u03b2 12, 2018 \u03c0\u03c1\u03bf\u03c3\u03c4\u03b1\u03ba\u03c4\u03b9\u03ba\u03b7 \u03b1\u03c1\u03c7\u03b1\u03b9\u03b1 \u03b5\u03bb\u03bb\u03b7\u03bd\u03b9\u03ba\u03b1 \u03b1\u03c3\u03ba\u03b7\u03c3\u03b5\u03b9\u03c2 \u03c4\u03ba \u03c3\u03b7\u03c4\u03b5\u03b9\u03b1 \u03ba\u03c1\u03b7\u03c4\u03b7\u03c3 639 impr. Photom\u00e9c, coul. Une : noir, papier de couleur guy a \u00e9crit le 10102014 \u00e0 10h26 par contre un truc qui minterpelle, cest les clients, pas un qui ne sest rendu compte que c\u00e9tait une enfant ou alors pas un qui aurait pu signaler ces faits \u00e0 la police Extrait de la plainte d\u00e9pos\u00e9e par les parents dont la fille sest prostitu\u00e9e via Vivastreet Attaque \u00e0 la perp\u00e9tr\u00e9e par le terroriste Karim Cheurfi, tuant Xavier Jugel\u00e9, gardien de la paix. Lindividu sera par la suite abattu. Cet attentat a caus\u00e9 un mort et quatre bless\u00e9s le.  Meurtre de Bernard Hettier par son ancienne ma\u00eetresse en juin 1985. Int\u00e9r\u00eats communs : Cuisine, Jeux de soci\u00e8t\u00e9, Brocante Antiquit\u00e9s <img decoding=\"async\" src=\"http:\/\/static1.puretrend.com\/articles\/2\/15\/27\/12\/@\/1700107-karine-675x0-1.jpg\" alt=\"prostitu\u00e9e montceau les mines\" align=\"left\"> je pense avoir bon caract\u00e8re pr\u00eate \u00e0 aider lautre je suis fid\u00e8le sinc\u00e8re directe courageuse R\u00e9gion: Le conducteur, S\u00e9bastien Sarron, 38 ans, fermier, utilise une camionnette pour foncer sur un chalet du march\u00e9 de No\u00ebl tuant un jeune homme de 25 ans et blessant neuf personnes le. Meurtre de Christophe Orsaz et de sa fille C\u00e9lia, victimes dun guet-apens, le \u00e0. Patrick Sarrasin et Danielle Doyonnas est un couple ill\u00e9gitime \u00e9changiste qui assassine le mari Gilles Doyonnas et tue S\u00e9bastien Faisant pour 100 francs apr\u00e8s lavoir pi\u00e9g\u00e9 sur Minitel dans le cadre de rencontres \u00e9changistes.<\/p>\n","protected":false},"excerpt":{"rendered":"<p>prostitu\u00e9e montceau les mines<\/p>\n","protected":false},"author":1,"featured_media":0,"comment_status":"closed","ping_status":"closed","sticky":false,"template":"","format":"standard","meta":{"footnotes":""},"categories":[1],"tags":[],"_links":{"self":[{"href":"http:\/\/intranet.asbl.ca\/blog\/wp-json\/wp\/v2\/posts\/4041"}],"collection":[{"href":"http:\/\/intranet.asbl.ca\/blog\/wp-json\/wp\/v2\/posts"}],"about":[{"href":"http:\/\/intranet.asbl.ca\/blog\/wp-json\/wp\/v2\/types\/post"}],"author":[{"embeddable":true,"href":"http:\/\/intranet.asbl.ca\/blog\/wp-json\/wp\/v2\/users\/1"}],"replies":[{"embeddable":true,"href":"http:\/\/intranet.asbl.ca\/blog\/wp-json\/wp\/v2\/comments?post=4041"}],"version-history":[{"count":1,"href":"http:\/\/intranet.asbl.ca\/blog\/wp-json\/wp\/v2\/posts\/4041\/revisions"}],"predecessor-version":[{"id":4042,"href":"http:\/\/intranet.asbl.ca\/blog\/wp-json\/wp\/v2\/posts\/4041\/revisions\/4042"}],"wp:attachment":[{"href":"http:\/\/intranet.asbl.ca\/blog\/wp-json\/wp\/v2\/media?parent=4041"}],"wp:term":[{"taxonomy":"category","embeddable":true,"href":"http:\/\/intranet.asbl.ca\/blog\/wp-json\/wp\/v2\/categories?post=4041"},{"taxonomy":"post_tag","embeddable":true,"href":"http:\/\/intranet.asbl.ca\/blog\/wp-json\/wp\/v2\/tags?post=4041"}],"curies":[{"name":"wp","href":"https:\/\/api.w.org\/{rel}","templated":true}]}}