{"id":4059,"date":"2020-09-28T12:52:01","date_gmt":"2020-09-28T12:52:01","guid":{"rendered":"http:\/\/intranet.asbl.ca\/blog\/?p=4059"},"modified":"2020-09-22T16:06:56","modified_gmt":"2020-09-22T16:06:56","slug":"le-point-de-rencontres","status":"publish","type":"post","link":"http:\/\/intranet.asbl.ca\/blog\/2020\/09\/28\/le-point-de-rencontres\/","title":{"rendered":"Le Point De Rencontres"},"content":{"rendered":"<p> votre num\u00e9ro dabonn\u00e9 dans les param\u00e8tres de cr\u00e9ation de compte. Cest la joie du peuple r\u00e9concili\u00e9, lib\u00e9r\u00e9 par Dieu, comme au temps de lexode dans le d\u00e9sert, dont ces jours font m\u00e9moire, affirmation de la confiance in\u00e9branlable dans la Providence. Cest important davoir quelquun, je fais un boulot o\u00f9 je ne peux pas forc\u00e9ment me confier sur la teneur de ce que je fais. Donc jessaie de compenser par autre chose: une pr\u00e9sence, se changer les id\u00e9es davoir d\u00e9j\u00e0 des sorties en commun, de faire plein de choses. De rompre d\u00e9finitivement avec la solitude. Parce que les plans cul \u00e7a ne vous rend pas plus heureux, au contraire, \u00e7a vous isole. Surtout que cest une solitude que je nai pas choisie. \u00c7a se passait tr\u00e8s bien et pour X raisons, elle a voulu prendre les m\u00f4mes et sen aller. Sur la situation \u00e9pid\u00e9mique en France et ses cons\u00e9quences sanitaires vous est propos\u00e9 par lHumanit\u00e9, en partenariat avec le site Covinfo.fr. Le bedeau d\u00e2ge v\u00e9n\u00e9rable avait r\u00e9cur\u00e9 le granit lisse des marches pour en retirer la gangue de lichen jaune, et il avait taill\u00e9 ici et l\u00e0 le lierre qui lan\u00e7ait patiemment ses vrilles sur le muret de calcaire. Quest-ce que le confinement ma appris sur moi-m\u00eame? Lundi-Mardi-Mercredi-Jeudi-Vendredi-Samedi-Dimanche de 05:00 \u00e0 23:30 N.B. : En nous faisant parvenir une image, vous certifiez en <img decoding=\"async\" src=\"http:\/\/www.take.christianhydrick.com\/Fiches\/images-fiches\/cm2\/geometrie\/cm2-geometrie-trace-ecrite-triangles1-1a.jpg\" alt=\"le point de rencontres\" align=\"left\"> Entre 1922 et 1991, un quadripoint existait entre l, l, le et la, mais les fronti\u00e8res pr\u00e9cises entre les pays ne furent jamais explicitement sp\u00e9cifi\u00e9es. Il cessa dexister \u00e0 la disparition de la zone neutre. Coronavirus : ce que les pr\u00e9c\u00e9dentes \u00e9pid\u00e9mies peuvent nous apprendre Ce lundi est lanc\u00e9 le S\u00e9gur de la sant\u00e9, une p\u00e9riode de 7 semaines de discussions cens\u00e9e aboutir \u00e0 des mesures pour renforcer notre syst\u00e8me de sant\u00e9. Vous ne pouvez plus r\u00e9agir aux articles suite \u00e0 la soumission de contributions ne r\u00e9pondant pas \u00e0 la charte de mod\u00e9ration du Point. Lacc\u00e8s au parc zoologique nest plus possible h avant sa fermeture. <img decoding=\"async\" src=\"http:\/\/penopolwy.tk\/wp-content\/uploads\/2018\/05\/0001-8.jpg\" alt=\"le point de rencontres\" align=\"left\"> Auparavant assistante de direction pour de hauts dirigeants, Christine Bossu, directrice associ\u00e9e de Agence Double Num\u00e9rique, a entrepris une reconversion professionnelle pour devenir community manager. Jai r\u00e9alis\u00e9 que mon m\u00e9tier tel que je lavais appris nexistait plus et que je ny trouvais plus les satisfactions intellectuelles que jen attendais. Des \u00e9changes avec un proche, qui exerce dans ce domaine, ont constitu\u00e9 un d\u00e9clic pour cette litt\u00e9raire de formation. Mon projet \u00e9tait coh\u00e9rent et fut accept\u00e9 par lIFOCOP. Par la suite, jai eu la chance d\u00eatre \u00e9paul\u00e9e pendant toute ma formation par un ami de mon mari, qui ma fait travailler sur quelques missions et ma emmen\u00e9e dans des meetups pour faire du networking. Envisager une reconversion professionnelle apr\u00e8s le confinement Enfance et partage : 0800 05 12 34 Num\u00e9ro vert Les visites ont lieu tous les samedis apr\u00e8s-midi au Bouscat sur le site de La Charmille. Cest paradoxal, sinsurge Serge B\u00e9d\u00e8re, la loi de protection de lenfance vient de faire voter la reconnaissance des espaces de Point-Rencontre et en m\u00eame temps, la direction d\u00e9partementale de la Coh\u00e9sion sociale, dont lenveloppe budg\u00e9taire a subi une baisse drastique, ne peut plus nous verser notre subvention!   Le d\u00e9sir d\u00e9changer, d\u00eatre \u00e9cout\u00e9 par des adultes ext\u00e9rieurs \u00e0 leur entourage. Le besoin dun coup de pouce ou dun soutien passager dans leur parcours vers lautonomie. Des difficult\u00e9s \u00e0 trouver leur place dans le monde des adultes en raison des probl\u00e8mes familiaux : famille \u00e9clat\u00e9e ou reconstitu\u00e9e, ch\u00f4mage, deuil, maladie, Un mal-\u00eatre ou un mal de vivre, et qui peut se manifester par lusage de produits toxiques alcool, m\u00e9dicament, cannabis, des pens\u00e9es suicidaires, des tentatives de suicides. Une rupture familiale r\u00e9cente, une fugue, un logement pr\u00e9caire Des violences subies ou agies. La ville de est rattach\u00e9e au reste du pays en un point au sommet du et est enti\u00e8rement entour\u00e9e par l. Jaccepte de recevoir des infos, des jeux et des offres privil\u00e8ges du site Actuellement, contrairement aux tripoints qui sont nombreux, il nexiste aucun quadripoint internationalement reconnu entre quatre diff\u00e9rents. Cela est assez logique dun point de vue g\u00e9om\u00e9trique : alors que le tripoint r\u00e9sulte de la simple interruption de la continuit\u00e9 dune fronti\u00e8re entre deux pays par un tiers frontalier des deux autres ; un quadripoint exige la convergence dun tripoint avec la fronti\u00e8re dun quatri\u00e8me pays, ce qui est peu probable. REFEDD sefforce de fournir sur le site des informations aussi pr\u00e9cises que possible. Toutefois, il ne pourra \u00eatre tenue responsable des omissions, des inexactitudes et des carences dans la mise \u00e0 jour, quelles soient de son fait ou du fait des tiers partenaires qui lui fournissent ces informations. Val\u00e9rie P\u00e9cresse, la pr\u00e9sidente de la r\u00e9gion Ile-de-France, a annonc\u00e9 que la SNCF et la RATP allaient remonter progressivement dici au 2 juin leur offre \u00e0 100 sur toutes les lignes, mais que la priorit\u00e9 devra rester \u00e0 ceux qui travaillent. Utd Arsenal Liverpool ManCity Barca Real Atletico Milan Juve Inter Bayern Dortmund de clubs <img decoding=\"async\" src=\"http:\/\/1.bp.blogspot.com\/-BAsX3kjxOS4\/U-96-WUAXOI\/AAAAAAAAAwQ\/1q13yVBZx_k\/s1600\/Le%2Bpoint%2Bde%2Brencontre.jpg\" alt=\"le point de rencontres\" align=\"left\"> En vertu de larticle 6 de la loi n 2004-575 du 21 juin 2004 pour la confiance dans l\u00e9conomie num\u00e9rique, il est pr\u00e9cis\u00e9 aux utilisateurs du site lidentit\u00e9 des diff\u00e9rents intervenants dans le cadre de sa r\u00e9alisation et de son suivi : R\u00e9unis le 11 septembre dernier, la section A de lOrdre des pharmaciens, les syndicats repr\u00e9sentatifs, les groupements, lAPR et les \u00e9tudiants ont lanc\u00e9 un appel : Bilan partag\u00e9 de m\u00e9dication, il faut d\u00e9buter en 2018! .<\/p>\n","protected":false},"excerpt":{"rendered":"<p>le point de rencontres<\/p>\n","protected":false},"author":1,"featured_media":0,"comment_status":"closed","ping_status":"closed","sticky":false,"template":"","format":"standard","meta":{"footnotes":""},"categories":[1],"tags":[],"_links":{"self":[{"href":"http:\/\/intranet.asbl.ca\/blog\/wp-json\/wp\/v2\/posts\/4059"}],"collection":[{"href":"http:\/\/intranet.asbl.ca\/blog\/wp-json\/wp\/v2\/posts"}],"about":[{"href":"http:\/\/intranet.asbl.ca\/blog\/wp-json\/wp\/v2\/types\/post"}],"author":[{"embeddable":true,"href":"http:\/\/intranet.asbl.ca\/blog\/wp-json\/wp\/v2\/users\/1"}],"replies":[{"embeddable":true,"href":"http:\/\/intranet.asbl.ca\/blog\/wp-json\/wp\/v2\/comments?post=4059"}],"version-history":[{"count":1,"href":"http:\/\/intranet.asbl.ca\/blog\/wp-json\/wp\/v2\/posts\/4059\/revisions"}],"predecessor-version":[{"id":4060,"href":"http:\/\/intranet.asbl.ca\/blog\/wp-json\/wp\/v2\/posts\/4059\/revisions\/4060"}],"wp:attachment":[{"href":"http:\/\/intranet.asbl.ca\/blog\/wp-json\/wp\/v2\/media?parent=4059"}],"wp:term":[{"taxonomy":"category","embeddable":true,"href":"http:\/\/intranet.asbl.ca\/blog\/wp-json\/wp\/v2\/categories?post=4059"},{"taxonomy":"post_tag","embeddable":true,"href":"http:\/\/intranet.asbl.ca\/blog\/wp-json\/wp\/v2\/tags?post=4059"}],"curies":[{"name":"wp","href":"https:\/\/api.w.org\/{rel}","templated":true}]}}