{"id":4073,"date":"2020-09-28T21:15:34","date_gmt":"2020-09-28T21:15:34","guid":{"rendered":"http:\/\/intranet.asbl.ca\/blog\/?p=4073"},"modified":"2020-09-22T16:31:34","modified_gmt":"2020-09-22T16:31:34","slug":"sep-et-rencontre","status":"publish","type":"post","link":"http:\/\/intranet.asbl.ca\/blog\/2020\/09\/28\/sep-et-rencontre\/","title":{"rendered":"Sep Et Rencontre"},"content":{"rendered":"<p> La Grue est enfin mont\u00e9e et le chantier commence \u00e0 \u00eatre visible. SEParlant : Rencontre autour de la scl\u00e9rose en plaques <img decoding=\"async\" src=\"http:\/\/rmcalumni.ca\/wp-content\/uploads\/2015\/09\/IDW2015-Poster1.jpg\" alt=\"sep et rencontre\" align=\"right\"> D\u00e9but des travaux d\u00e9tanch\u00e9it\u00e9, et r\u00e9alisation de lentr\u00e9e Ouest Recevoir un e-mail \u00e0 chaque fois quun nouveau commentaire est ajout\u00e9 Le Portrait du Mois avec le magazine Visite Actuelle Ajouter aux favoris Astrid Di Crollalanza Flammarion Divorce : 6 cl\u00e9s pour retrouver lamour apr\u00e8s une s\u00e9paration amoureuse   <img decoding=\"async\" src=\"http:\/\/www.fep.asso.fr\/wp-content\/uploads\/2016\/09\/LR-raab-569x440.png\" alt=\"sep et rencontre\" align=\"center\"> Inga Rasmussen et Karsten T\u00fcchsen Hansen \u00e0 la fronti\u00e8re entre le Danemark et lAllemagne \u00e0 Aventoft, le 27 mars 2020. Frank Molter DPA Abaca 56Dans le contexte des ann\u00e9es 50, la m\u00e9decine est victorieuse de nombreuses maladies aigu\u00ebs et le m\u00e9decin a une l\u00e9gitimit\u00e9 croissante. D\u00e8s 1951, Talcott Parsons sint\u00e9resse aux pathologies aigu\u00ebs, en montrant que le pivot du r\u00f4le du m\u00e9decin est sa comp\u00e9tence technique qui le d\u00e9signe comme sp\u00e9cialiste du domaine de la sant\u00e9 et de la maladie. La principale critique adress\u00e9e au mod\u00e8le de Parsons en souligne le caract\u00e8re normatif. Il a sans doute n\u00e9glig\u00e9 lexistence de conflits entre points de vue et int\u00e9r\u00eats diff\u00e9rents, il a \u00e9galement laiss\u00e9 peu de place \u00e0 l\u00e9tude des conduites profanes. Avec toute cette concurrence saine, et un enfant en bas \u00e2ge, qui voudra de moi? Salut \u00e0 tous! Je suis atteinte dune SEP depuis 2009, n\u00e9vrites optiques \u00e0 r\u00e9p\u00e9titions, pouss\u00e9e au niveau des membres inf\u00e9rieurs mais jai 2 magnifiques petits gar\u00e7ons qui maident \u00e0 me lever le matin! Je suis sous tysabri actuellement. Cest assez compliqu\u00e9. Il faut faire attention \u00e0 la respiration et \u00e0 lalignement du corps, pour rester \u00e0 lhorizontale. Mon entra\u00eeneur, Cyril Bourdeau, que jaime beaucoup, doit sans cesse adapter ses conseils \u00e0 l\u00e9volution de la maladie. Avril 10 Vendredi 11 h 00 min-Ao\u00fbt 30 Dimanche 18 h 00 min <img decoding=\"async\" src=\"http:\/\/www.lesneven.bzh\/wp-content\/uploads\/2015\/02\/semaine-bleue-verso-214x140@2x.jpg\" alt=\"sep et rencontre\" align=\"right\"> Vous avez jusquau 10 MAI 2020 pour participer au concours et d\u00e9poser vos vid\u00e9os. Scl\u00e9rose en plaques Lieux de rencontre autour de la SEP Pr\u00e8s de chez vous. Groupe de parole dans la r\u00e9gion du Nord de la France. Renseignements \u00e0 la d\u00e9l\u00e9gation APF : 04 79 69 41 81 APF Formation journ\u00e9es d\u00e9tudes \u00e0 la maison de l UNESCO La formation sur les M\u00e9thodes de Facilitation de Groupe GFM vous enseignera des techniques versatiles et puissantes pour structurer les conversations de groupe et pour trouver le consensus du groupe. Jesp\u00e8re quil nest pas trop tard pour vous donner mon t\u00e9moignage! Environ 50 des personnes atteintes de SEP pr\u00e9sentent des changements cognitifs plus ou moins graves. Elles pourront notamment avoir de la difficult\u00e9 \u00e0 : Et bien Audrey!! :ouch: tu mas bien fais rire! \ud83d\ude06 la moiti\u00e9 du a \u00e9t\u00e9 abattue sur place par les paysans ; On constate ainsi quont plus de risques de faire une SEP:.<\/p>\n","protected":false},"excerpt":{"rendered":"<p>sep et rencontre<\/p>\n","protected":false},"author":1,"featured_media":0,"comment_status":"closed","ping_status":"closed","sticky":false,"template":"","format":"standard","meta":{"footnotes":""},"categories":[1],"tags":[],"_links":{"self":[{"href":"http:\/\/intranet.asbl.ca\/blog\/wp-json\/wp\/v2\/posts\/4073"}],"collection":[{"href":"http:\/\/intranet.asbl.ca\/blog\/wp-json\/wp\/v2\/posts"}],"about":[{"href":"http:\/\/intranet.asbl.ca\/blog\/wp-json\/wp\/v2\/types\/post"}],"author":[{"embeddable":true,"href":"http:\/\/intranet.asbl.ca\/blog\/wp-json\/wp\/v2\/users\/1"}],"replies":[{"embeddable":true,"href":"http:\/\/intranet.asbl.ca\/blog\/wp-json\/wp\/v2\/comments?post=4073"}],"version-history":[{"count":1,"href":"http:\/\/intranet.asbl.ca\/blog\/wp-json\/wp\/v2\/posts\/4073\/revisions"}],"predecessor-version":[{"id":4074,"href":"http:\/\/intranet.asbl.ca\/blog\/wp-json\/wp\/v2\/posts\/4073\/revisions\/4074"}],"wp:attachment":[{"href":"http:\/\/intranet.asbl.ca\/blog\/wp-json\/wp\/v2\/media?parent=4073"}],"wp:term":[{"taxonomy":"category","embeddable":true,"href":"http:\/\/intranet.asbl.ca\/blog\/wp-json\/wp\/v2\/categories?post=4073"},{"taxonomy":"post_tag","embeddable":true,"href":"http:\/\/intranet.asbl.ca\/blog\/wp-json\/wp\/v2\/tags?post=4073"}],"curies":[{"name":"wp","href":"https:\/\/api.w.org\/{rel}","templated":true}]}}