{"id":4107,"date":"2020-09-28T02:39:30","date_gmt":"2020-09-28T02:39:30","guid":{"rendered":"http:\/\/intranet.asbl.ca\/blog\/?p=4107"},"modified":"2020-09-22T17:37:09","modified_gmt":"2020-09-22T17:37:09","slug":"centre-rencontre-creil","status":"publish","type":"post","link":"http:\/\/intranet.asbl.ca\/blog\/2020\/09\/28\/centre-rencontre-creil\/","title":{"rendered":"Centre Rencontre Creil"},"content":{"rendered":"<p>7 f\u00e9vrier, Creil-R\u00e9union publique et repas citoyen de la liste Creil solidaire et rebelle PCF.fr Le centre de vacances CreilAlpes dAr\u00e2ches attend six classes de lOise. Viendront-elles Avant la conclusion de la vente, un devis vous sera remis gratuitement. Cette ann\u00e9e, laccent sera mis sur lengagement des citoyens, en particulier chez les sapeurs pompiers, sur laction des forces de s\u00e9curit\u00e9 dans le domaine de la s\u00e9curit\u00e9 du quotidien et sur la r\u00e9silience des populations face aux situations de crise. PROGRAMME DES RENCONTRES DANS LOISE Moisturizing Cream \u0395\u03bd\u03c5\u03b4\u03b1\u03c4\u03b9\u03ba\u03ae \u039a\u03c1\u03ad\u03bc\u03b1 \u03b3\u03b9\u03b1 \u0395\u03c5\u03b1\u03af\u03c3\u03b8\u03b7\u03c4\u03b5\u03c2 \u0395\u03c0\u03b9\u03b4\u03b5\u03c1\u03bc\u03af\u03b4\u03b5\u03c2 75ml GCM : Cest toujours tr\u00e8s difficile de d\u00e9livrer un message \u00e0 un ensemble de personnes. Chacun a sa particularit\u00e9, chacun a son histoire. Je nai pas une recette magique. En revanche jai parl\u00e9 du handicap dans mes textes, dans ce film Patients, dans un livre.. Jai eu beaucoup de retours de personnes handicap\u00e9es qui me disaient que \u00e7a leur faisait du bien de voir une personne handicap\u00e9e sur le devant de la sc\u00e8ne, sous les projecteurs. Si juste \u00e7a, \u00e7a peut leur donner confiance et leur dire que cest possible avec un handicap de r\u00e9ussir des choses, cest bien. Moi je ne me suis jamais vu comme un exemple, mais en m\u00eame temps, la r\u00e9alit\u00e9 est l\u00e0, je suis handicap\u00e9, je suis sur sc\u00e8ne et jarrive \u00e0 vivre cette passion l\u00e0. Donc juste leur dire quil faut croire en soi, malgr\u00e9 les al\u00e9as de la vie. Il faut croire en soi, malgr\u00e9 les al\u00e9as de la vie <img decoding=\"async\" src=\"http:\/\/revmikewilliams.org\/img\/9306927b765b256c45bb714b64fc5ccb.jpg\" alt=\"centre rencontre creil\" align=\"right\"> Creil. S\u00e9curit\u00e9, solidarit\u00e9, logement et d\u00e9mocratie participative pour Villemain Venez \u00e0 la rencontre de nos opticiens. Quels que soient vos-Thierry Brochot Europe Ecologie-Les Verts, 6,66  \u00c9changes, projections : Regards crois\u00e9s entre ici et l\u00e0-bas, entre les jeunes du Lyc\u00e9e Jules Uhry et des jeunes du camp de Qadoura avec Agn\u00e8s Van Bellegem, enseignante du Lyc\u00e9e Jules Uhry, Lana Sadeq, palestinienne, repr\u00e9sentante de lAJPF Association pour les Jumelages des camps de r\u00e9fugi\u00e9s Palestiniens et des villes Fran\u00e7aises et, socio-anthropologue La Forge, <img decoding=\"async\" src=\"http:\/\/www.cap-voyage.com\/wp-content\/uploads\/2015\/12\/Creil-Oise-Picardie-vue-du-port.gif\" alt=\"centre rencontre creil\" align=\"left\"> La ville de Creil accueille pour la premi\u00e8re fois le programme Mon Centre-ville a Un Incroyable Commerce afin dattirer, daccompagner et dinstaller de nouvelles activit\u00e9s commerciales, artisanales et de services en centre-ville. Le concours : <img decoding=\"async\" src=\"http:\/\/www.line.wassanaonline.com\/upload\/advs\/73_2018070268436289.jpg\" alt=\"centre rencontre creil\" align=\"center\"> Cette annonce survient apr\u00e8s quune femme travaillant \u00e0 bord dun bus touristique au Japon a \u00e9t\u00e9 de nouveau diagnostiqu\u00e9e positive au coronavirus alors quelle avait \u00e9t\u00e9 consid\u00e9r\u00e9e comme gu\u00e9rie. Linscription est gratuite pour les \u00e9quipiers et comprend les m\u00eames contreparties except\u00e9 les prix \u00e0 gagner. Coach Nous utilisons des cookies pour vous garantir la meilleure exp\u00e9rience sur notre site. Si vous continuez \u00e0 utiliser ce dernier, nous consid\u00e9rerons que vous acceptez lutilisation des cookies. Au programme, une exposition de v\u00e9hicules ainsi que de nombreux ateliers : Lh\u00f4tel 3 \u00e9toiles Campanile dArgenteuil vous accueille dans un environnement calme et verdoyant. Profitez du confort de chambres modernes, savourez des plats authentiques dans le restaurant de lh\u00f4tel, rafraichissez-vous au bar et profitez dun acc\u00e8s gratuit au wifi. Lh\u00f4tel dispose de 2 salles de.. Retrouvez votre UL, UD, comit\u00e9 r\u00e9gional ou organisation professionnelle nationale sur notre carte. De port\u00e9e nationale, cette certification se base sur le respect de 15 engagements de service, reprenant les bonnes pratiques de la profession en mati\u00e8re de prestation de service et de vente de produit doptique. \u0391\u03c0\u03bf\u03c4\u03ad\u03bb\u03b5\u03c3\u03bc\u03b1 : \u0394\u03b9\u03b1\u03c1\u03ba\u03ae\u03c2 \u03b5\u03bd\u03c5\u03b4\u03ac\u03c4\u03c9\u03c3\u03b7, \u03b7 \u03b5\u03c0\u03b9\u03b4\u03b5\u03c1\u03bc\u03af\u03b4\u03b1 \u03b5\u03c0\u03b1\u03bd\u03b1\u03ba\u03c4\u03ac \u03bb\u03ac\u03bc\u03c8\u03b7, \u03b1\u03c0\u03b1\u03bb\u03cc\u03c4\u03b7\u03c4\u03b1 \u03ba\u03b1\u03b9 \u03c3\u03c6\u03c1\u03b9\u03b3\u03b7\u03bb\u03cc\u03c4\u03b7\u03c4\u03b1. Partenaire et soutien des ind\u00e9pendants, nous partageons avec vous la passion de cr\u00e9er, davancer et dentreprendre. Notre ambition est de faciliter votre vie de professionnel et de permettre \u00e0 tous dacc\u00e9der \u00e0 une restauration authentique, saine, savoureuse et cr\u00e9ative. Elultra-daytime-smoothing-cream-spf15-10-aha-antiokseidotiki-enydatiki-krema-prosopoy-gia-to-ksiro-fotogirasmeno-derma-40-gr Si\u00e8ge social et Secr\u00e9tariat : La Maison de lUrgence-103, boulevard Magenta-75010 Paris-T\u00e9l\u00e9phone : 01 45 45 29 72-Fax : 01 45 45 06 70 Formation aux gestes qui sauvent par les sapeurs-pompiers et pr\u00e9sentation par les agents du Bureau de la s\u00e9curit\u00e9 civile et de la gestion de crises de leurs missions et des outils de gestion de crise dans le d\u00e9partement.   Par la route : Autoroute A1 Lille, sortie Senlis, direction Creil Centre. Bfmtv 2020-02-28 12:02:00 2020-02-28 12:02:00 2020-02-28 06:02:59 2020-02-28 06:02:59.<\/p>\n","protected":false},"excerpt":{"rendered":"<p>centre rencontre creil<\/p>\n","protected":false},"author":1,"featured_media":0,"comment_status":"closed","ping_status":"closed","sticky":false,"template":"","format":"standard","meta":{"footnotes":""},"categories":[1],"tags":[],"_links":{"self":[{"href":"http:\/\/intranet.asbl.ca\/blog\/wp-json\/wp\/v2\/posts\/4107"}],"collection":[{"href":"http:\/\/intranet.asbl.ca\/blog\/wp-json\/wp\/v2\/posts"}],"about":[{"href":"http:\/\/intranet.asbl.ca\/blog\/wp-json\/wp\/v2\/types\/post"}],"author":[{"embeddable":true,"href":"http:\/\/intranet.asbl.ca\/blog\/wp-json\/wp\/v2\/users\/1"}],"replies":[{"embeddable":true,"href":"http:\/\/intranet.asbl.ca\/blog\/wp-json\/wp\/v2\/comments?post=4107"}],"version-history":[{"count":1,"href":"http:\/\/intranet.asbl.ca\/blog\/wp-json\/wp\/v2\/posts\/4107\/revisions"}],"predecessor-version":[{"id":4108,"href":"http:\/\/intranet.asbl.ca\/blog\/wp-json\/wp\/v2\/posts\/4107\/revisions\/4108"}],"wp:attachment":[{"href":"http:\/\/intranet.asbl.ca\/blog\/wp-json\/wp\/v2\/media?parent=4107"}],"wp:term":[{"taxonomy":"category","embeddable":true,"href":"http:\/\/intranet.asbl.ca\/blog\/wp-json\/wp\/v2\/categories?post=4107"},{"taxonomy":"post_tag","embeddable":true,"href":"http:\/\/intranet.asbl.ca\/blog\/wp-json\/wp\/v2\/tags?post=4107"}],"curies":[{"name":"wp","href":"https:\/\/api.w.org\/{rel}","templated":true}]}}