{"id":4131,"date":"2020-09-28T10:29:00","date_gmt":"2020-09-28T10:29:00","guid":{"rendered":"http:\/\/intranet.asbl.ca\/blog\/?p=4131"},"modified":"2020-09-22T18:18:16","modified_gmt":"2020-09-22T18:18:16","slug":"rencontres-beyrouth","status":"publish","type":"post","link":"http:\/\/intranet.asbl.ca\/blog\/2020\/09\/28\/rencontres-beyrouth\/","title":{"rendered":"Rencontres Beyrouth"},"content":{"rendered":"<p><img decoding=\"async\" src=\"http:\/\/img.over-blog-kiwi.com\/0\/99\/48\/34\/20151227\/ob_9d1e2a_bureau-social-des-peres-lazaristes-5.jpg\" alt=\"rencontres beyrouth\" align=\"center\"> Les Chr\u00e9tiens entrent dans la p\u00e9riode du Car\u00eame qui pr\u00e9c\u00e8de la f\u00eate de P\u00e2ques. Le p\u00e8re Christian Maheas nous \u00e9claire sur la signification du Car\u00eame en 2018. Ethiquable f\u00eate ses quinze ans de commerce \u00e9quitable Cest \u00e0 travers une mise \u00e0 l\u00e9preuve de l\u00e9thique reconstructive que cette jeune philosophe aborde la difficile question du g\u00e9nocide des Arm\u00e9niens dans cette \u00e9tude tr\u00e8s approfondie. 2020-Bayard Presse-Tous droits r\u00e9serv\u00e9s-la-croix.com est un site de la Croix Network Les v\u00e9rit\u00e9s 2018 La Russie de Poutine : pro-occidentale ou pro-asiatique? Confinement : un service d\u00e9coute pour les catholiques en France Mois de Marie : Jour 11, les Myst\u00e8res Joyeux La Pr\u00e9sentation de J\u00e9sus La Valette, d\u00e9couvrir la capitale europ\u00e9enne de la culture Louis Pasteur \u00e0 lhonneur au Palais de la D\u00e9couverte  Armelle Le Bigot-Macaux \u00e9tait le Grand T\u00e9moin de Marie-Ange de Montesquieu ce mercredi 18 avril. Pr\u00e9sidente de lassociation Agir contre la prostitution des enfants, elle revient sur le documentaire Jeunesse \u00e0 vendre, diffus\u00e9 ce soir sur France 5. <img decoding=\"async\" src=\"http:\/\/www.mucem.org\/sites\/default\/files\/assets\/images\/705x352_web_pierre_parlant_-r_raha_askarizdeh.jpg\" alt=\"rencontres beyrouth\" align=\"right\"> Publi\u00e9 le 20 novembre 2017 par Ad\u00e9la\u00efde Patrignani 3\u00e8me \u00e9dition du Festival litt\u00e9raire Jardins dhiver \u00e0 Rennes JMJ de Panama : concilier le message universel de lEvangile et les traditions indig\u00e8nes Les plus beaux concerts du Festival Berlioz \u00e0 la C\u00f4te-Saint-Andr\u00e9 Remplissez le formulaire suivant pour recevoir la lettre dinformation : Libert\u00e9 et retour \u00e0 la vie normale pour les uns, le d\u00e9confinement peut \u00eatre source dangoisse et danxi\u00e9t\u00e9 pour les autres. Cest ce quon appelle le syndrome de la cabane. Et si le bonheur \u00e9tait d\u00eatre confin\u00e9? Marie-Ange de Montesquieu pose la question au sociologue Michel Fize et au psychiatre Serge Hefez. Check; Functional Cookies Are necessary for the proper functioning of the websites Philantropia Genevi\u00e8ve del Marmol re\u00e7oit R\u00e9mi Roux, cofondateur dEthiquable, une coop\u00e9rative de commerce \u00e9quitable. Par ce syst\u00e8me de commerce, elle aide au d\u00e9veloppement de lagriculture bio dans les pays du sud.  Aux Philippines, le business illicite de masques et d\u00e9sinfectants sacr\u00e9s Le sommet du G7 a r\u00e9uni ses membres permanents \u00e0 Biarritz : les \u00c9tats-Unis, le Royaume-Uni, le Canada, la France, lAllemagne, lItalie et le Japon. Le FMI, lONU et lOCDE sont \u00e9galement repr\u00e9sent\u00e9s. Cette fois encore, la Russie nest pas pr\u00e9sente, en raison de son exclusion depuis la crise de Crim\u00e9e en 2014. Cependant, Donald Trump Les \u00e9changes franco-libanais passent aussi par le secteur du luxe. Rencontre UBIFRANCE 11-12 juin 2013 Parfois de petites infos sans grande importance donnent du baume au coeur cest le cas de cet \u00e9leveur vosgiens qui a cr\u00e9\u00e9 pendant le confinement un nouveau fromage Ce nouveau fromage,-Rencontre avec Fadi Yarak, Directeur g\u00e9n\u00e9ral de l\u00e9ducation au Liban \u00e0 loccasion du Salon du Livre Francophone de Beyrouth Le premier \u00e9v\u00e9nement pr\u00e9vu par la Maison internationale des \u00c9crivains de Beyrouth aura lieu en mai 2014 avec une rencontre internationale d\u00e9crivains sur le th\u00e8me Des \u00e9crivains entre deux cultures. Lambition de l\u00e9quipe est dorganiser des rencontres internationales r\u00e9guli\u00e8res et de faire conna\u00eetre la litt\u00e9rature libanaise dans le monde. Pour le moment, la maison nexiste pas encore physiquement mais le projet est lanc\u00e9. <img decoding=\"async\" src=\"http:\/\/statique.lamarseillaise.fr\/media\/k2\/items\/cache\/907be756973534017c2b523fccaed03a_L.jpg\" alt=\"rencontres beyrouth\" align=\"center\"> Dorigine Martiniquaise je r\u00eavais depuis longtemps de faire la travers\u00e9e vers Fort de France \u00e0 bo.. .<\/p>\n","protected":false},"excerpt":{"rendered":"<p>rencontres beyrouth<\/p>\n","protected":false},"author":1,"featured_media":0,"comment_status":"closed","ping_status":"closed","sticky":false,"template":"","format":"standard","meta":{"footnotes":""},"categories":[1],"tags":[],"_links":{"self":[{"href":"http:\/\/intranet.asbl.ca\/blog\/wp-json\/wp\/v2\/posts\/4131"}],"collection":[{"href":"http:\/\/intranet.asbl.ca\/blog\/wp-json\/wp\/v2\/posts"}],"about":[{"href":"http:\/\/intranet.asbl.ca\/blog\/wp-json\/wp\/v2\/types\/post"}],"author":[{"embeddable":true,"href":"http:\/\/intranet.asbl.ca\/blog\/wp-json\/wp\/v2\/users\/1"}],"replies":[{"embeddable":true,"href":"http:\/\/intranet.asbl.ca\/blog\/wp-json\/wp\/v2\/comments?post=4131"}],"version-history":[{"count":1,"href":"http:\/\/intranet.asbl.ca\/blog\/wp-json\/wp\/v2\/posts\/4131\/revisions"}],"predecessor-version":[{"id":4132,"href":"http:\/\/intranet.asbl.ca\/blog\/wp-json\/wp\/v2\/posts\/4131\/revisions\/4132"}],"wp:attachment":[{"href":"http:\/\/intranet.asbl.ca\/blog\/wp-json\/wp\/v2\/media?parent=4131"}],"wp:term":[{"taxonomy":"category","embeddable":true,"href":"http:\/\/intranet.asbl.ca\/blog\/wp-json\/wp\/v2\/categories?post=4131"},{"taxonomy":"post_tag","embeddable":true,"href":"http:\/\/intranet.asbl.ca\/blog\/wp-json\/wp\/v2\/tags?post=4131"}],"curies":[{"name":"wp","href":"https:\/\/api.w.org\/{rel}","templated":true}]}}