{"id":4141,"date":"2020-09-28T00:46:45","date_gmt":"2020-09-28T00:46:45","guid":{"rendered":"http:\/\/intranet.asbl.ca\/blog\/?p=4141"},"modified":"2020-09-22T18:33:44","modified_gmt":"2020-09-22T18:33:44","slug":"promenade-rencontre","status":"publish","type":"post","link":"http:\/\/intranet.asbl.ca\/blog\/2020\/09\/28\/promenade-rencontre\/","title":{"rendered":"Promenade Rencontre"},"content":{"rendered":"<p>Promenade avec nos artistes-Saint-Sauveur-sur-Ecole In addition, the RCMP shared information that seemingly showed occasional.. P\u00e9n\u00e9trer la rue Visconti, anciennement rue des Marais-Saint-Germain, d\u00e9di\u00e9 non au cin\u00e9aste italien mais \u00e0 larchitecte de Napol\u00e9on III, cest faire un voyage dans le temps, suscit\u00e9 par l\u00e9troitesse de ces fa\u00e7ades derri\u00e8re lesquelles v\u00e9curent Racine ou Balzac, ou par ses vieux lampadaires qui jettent une lueur pittoresque \u00e0 la Callot, dont la rue, au prochain croisement, marque lemplacement de la Palette que fr\u00e9quent\u00e8rent C\u00e9zanne, Picasso et Braque. Lhistoire, ici, est pr\u00e9gnante. Au rez-de-chauss\u00e9e de limmeuble du 17, apr\u00e8s avoir v\u00e9cu rue de Tournon, Balzac connut lune de ses entreprises malheureuses en se lan\u00e7ant dans limprimerie. Entre 1926 et 1928, il sy fit fondeur, imprimeur, \u00e9diteur, aid\u00e9 par son \u00e9g\u00e9rie, Mlle de Berny. Delacroix, qui eut son atelier au deuxi\u00e8me \u00e9tage de 1836 \u00e0 1844, y fit de nombreux portraits, dont celui de George Sand sa voisine. Ici mourut Jean Racine le 21 avril 1699, lit-on, grav\u00e9 dans la pierre de taille du majestueux h\u00f4tel particulier sis au 24, porte coch\u00e8re et terrasse. Le dramaturge v\u00e9cut l\u00e0 sept ans avant de s\u00e9teindre, triste et perclus de douleurs, priv\u00e9 des faveurs du roi. Tournez deux fois \u00e0 gauche et cest la rue Jacob, dont il faut observer le mythique immeuble du num\u00e9ro 27, non seulement parce quIngres y eut un petit appartement avant daller r\u00e9sider au 17, mais surtout parce que cest le si\u00e8ge historique des \u00e9ditions du Seuil, dont le logo a immortalis\u00e9 lif et la grille. <img decoding=\"async\" src=\"http:\/\/www.belgorage.com\/images\/a\/act\/actualites-belgorage-2013-10-05-rencontre-membres-forum-samina-verhoeven-02.jpg\" alt=\"promenade rencontre\" align=\"right\"> Un moteur de recherche poss\u00e8de un listing p\u00e9rim\u00e9 pour ce site Ce champ nest utilis\u00e9 qu\u00e0 des fins de validation et devrait rester inchang\u00e9. Avec plaisir Catherine. Il existe m\u00eame un dessin permettant de m\u00e9moriser lorthographe de ces deux homonymes : De 2 ans et demi, castr\u00e9 et sociabilis\u00e9, mais en ballade, lorsque je croise d autres chiens et que nous avons la laisse pr les deux, il aboie, il jappe, et suivant la race du chien il s\u00e9nerve et devient aggressif. J ai pu remarquer que les border et les bergers australiens \u00e9tait ces ennemis principale, quelque soit la couleur ou la longueur de poil. Parfois les chiens noirs qu il ressemble a cette race aussi. Il n a jamais tellement \u00e9t\u00e9 agress\u00e9, 1 fois seulement par un border blanc et noir, justement et j avais trait\u00e9 le cas. Ca allait bien plus trop de probl\u00e8mes, un peu excit\u00e9 mais le laisse suffisait. Mais mnt c est fini, c est soit le bazar soit l agressivit\u00e9. Il essaie maintenant d enlever son collier en tirant en arri\u00e8re. Le club Automobiles Sportives de Touraine a pour but de rassembler des possesseurs ou amateurs de v\u00e9hicules sportifs de toutes marques dont lann\u00e9e de fabrication est ant\u00e9rieure \u00e0 1980 ou post\u00e9rieure \u00e0 cette date si la fabrication est arr\u00eat\u00e9e ou limit\u00e9e et dont le palmar\u00e8s est remarquable. <img decoding=\"async\" src=\"http:\/\/idata.over-blog.com\/4\/23\/33\/17\/Les-environs.\/2014-01-12_Balade-Monstres\/Carte-01.jpg\" alt=\"promenade rencontre\" align=\"center\"> Vous trouvez tous les fritons, magrets, confits, foie gras de la Ferme du Roc, directement sur place \u00e0 Cambiac mais aussi \u00e0 Toulouse sur le march\u00e9 Victor Hugo, \u00e0 Carcassonne et Saint Orens le samedi et \u00e0 Caraman le jeudi. Long dune vingtaine de m\u00e8tres, louvrage reliera les deux am\u00e9nagements <img decoding=\"async\" src=\"http:\/\/www.chuken-kiku-kensha.com\/Source\/Balade-CKK-chiots-adultes-shiba-inu-meute-socia-puppies-promenade-rencontre.jpg\" alt=\"promenade rencontre\" align=\"right\"> Pays: R\u00e9gionProvince: R\u00e9gionProvince: Mise \u00e0 jour du formulaire.. Un matin, lenvie me prenant de faire une promenade, je mis le chapeau sur la t\u00eate et, en courant, quittai le cabinet de travail ou de fantasmagorie pour d\u00e9valer lescalier et me pr\u00e9cipiter dans la rue. Cela signifie que lobligation de tenir son chien en laisse est d\u00e9cid\u00e9e par le maire par arr\u00eat\u00e9 municipal. Il faut donc interroger la mairie de la commune afin de savoir si vous \u00eates ou non autoris\u00e9 \u00e0 l\u00e2cher votre chien. Cette notion est donc sans rapport avec la ville ou la campagne et peut diff\u00e9rer dune commune \u00e0 une autre. Enfin Fontenay-sous-Bois 94120 est \u00e9galement de la partie pour toute pension canine, balade canine et dressage canin CGV Mentions l\u00e9gales Alertes Fraudes Charte de protection des donn\u00e9es personnelles  Pia Parolin est \u00e0 la fois biologiste passionn\u00e9e et photographe amateur autodidacte. Elle est n\u00e9e et a grandie en Italie, a \u00e9tudi\u00e9e la biologie en Allemagne et a v\u00e9cue de nombreuses ann\u00e9es en Amazonie pour ses \u00e9tudes de doctorat avant demm\u00e9nager sur la C\u00f4te dAzur. Elle est \u00e0 la fois une \u00e9cologiste tropicale fervente et une photographe compulsive. Elle porte toujours son appareil photo avec elle, depuis le jour o\u00f9 son p\u00e8re lui a offert un Minolta pour sa premi\u00e8re communion. Tout et vouloir alors engager un combat avec un chien qui ne   Au d\u00e9but, c\u00e9tait pareil avec les gens, enfants, que lon croisait. Ca cest quasi fini! Je me suis souvenue alors que si je lisais ce court roman, cest parce que Vila-Matas que jaffectionne, narr\u00eate pas de citer Walser dans ses livres, cet auteur qui sest fait volontairement enferm\u00e9 dans un asile de fous \u00e0 la fin de sa vie, et que Vila-Matas le consid\u00e8re comme un des plus grands shand\u00e9ens. Et l\u00e0, tout s\u00e9claire. Cest \u00e9vident. Cette promenade nous est narr\u00e9e sur le ton et en la forme des digressions de Tristram Shandy, le personnage central de Lawrence Sterne, dont luvre \u00e9tonnante est peu connue chez nous, \u00e0 tort.<\/p>\n","protected":false},"excerpt":{"rendered":"<p>promenade rencontre<\/p>\n","protected":false},"author":1,"featured_media":0,"comment_status":"closed","ping_status":"closed","sticky":false,"template":"","format":"standard","meta":{"footnotes":""},"categories":[1],"tags":[],"_links":{"self":[{"href":"http:\/\/intranet.asbl.ca\/blog\/wp-json\/wp\/v2\/posts\/4141"}],"collection":[{"href":"http:\/\/intranet.asbl.ca\/blog\/wp-json\/wp\/v2\/posts"}],"about":[{"href":"http:\/\/intranet.asbl.ca\/blog\/wp-json\/wp\/v2\/types\/post"}],"author":[{"embeddable":true,"href":"http:\/\/intranet.asbl.ca\/blog\/wp-json\/wp\/v2\/users\/1"}],"replies":[{"embeddable":true,"href":"http:\/\/intranet.asbl.ca\/blog\/wp-json\/wp\/v2\/comments?post=4141"}],"version-history":[{"count":1,"href":"http:\/\/intranet.asbl.ca\/blog\/wp-json\/wp\/v2\/posts\/4141\/revisions"}],"predecessor-version":[{"id":4142,"href":"http:\/\/intranet.asbl.ca\/blog\/wp-json\/wp\/v2\/posts\/4141\/revisions\/4142"}],"wp:attachment":[{"href":"http:\/\/intranet.asbl.ca\/blog\/wp-json\/wp\/v2\/media?parent=4141"}],"wp:term":[{"taxonomy":"category","embeddable":true,"href":"http:\/\/intranet.asbl.ca\/blog\/wp-json\/wp\/v2\/categories?post=4141"},{"taxonomy":"post_tag","embeddable":true,"href":"http:\/\/intranet.asbl.ca\/blog\/wp-json\/wp\/v2\/tags?post=4141"}],"curies":[{"name":"wp","href":"https:\/\/api.w.org\/{rel}","templated":true}]}}