{"id":4193,"date":"2020-09-28T17:31:53","date_gmt":"2020-09-28T17:31:53","guid":{"rendered":"http:\/\/intranet.asbl.ca\/blog\/?p=4193"},"modified":"2020-09-22T20:38:44","modified_gmt":"2020-09-22T20:38:44","slug":"rencontre-bethisy","status":"publish","type":"post","link":"http:\/\/intranet.asbl.ca\/blog\/2020\/09\/28\/rencontre-bethisy\/","title":{"rendered":"Rencontre Bethisy"},"content":{"rendered":"<p> si vous recherchez la m\u00eame chose, venez me parler&#8230; A bient\u00f4t. R\u00e9gion:  On ne sait jamais vraiment qui on est Je suis gay et fi\u00e8re de l\u00eatre Concernant les manouches ou ces romanichels quune mode nouvelle appelle les roms, les opinions sont partag\u00e9es, y compris dans la m\u00eame personne qui souvent nous ressemble, \u00e0 la fois bien-pensante et ennemie des pickpockets. On r\u00e9p\u00e8te ces temps-ci que ces roms qui, dit-on, posent probl\u00e8me arrivent de Roumanie do\u00f9 la mis\u00e8re les chasse. Nulle fronti\u00e8re ne les bloque. Pr\u00e9sents depuis tant de si\u00e8cles, ils sont europ\u00e9ens comme nous. Ils ont cess\u00e9 de faire danser les ours. Ils envoient leurs vieilles m\u00e8res mendier sur le trottoir ou autour des supermarch\u00e9s. Il peut leur arriver comme \u00e0 nimporte quel autre de devenir d\u00e9linquants. Sur cette question, les statistiques sont vagues. On saisit loccasion dun de leurs d\u00e9bordements pour les reconduire \u00e0 leur point de d\u00e9part, la Roumanie en loccurrence, o\u00f9 on veut que ces d\u00e9racin\u00e9s aient des racines plut\u00f4t quailleurs. Viva la vita homme c\u00e9libataire de 45 ans cherche rencontre amicale <img decoding=\"async\" src=\"http:\/\/static.hitek.fr\/img\/actualite\/2018\/05\/15\/w_man-with-the-golden-arm-last-blood-plasma-donation-saved-millions-babies-james-harrison-australia-14-5afac31488d47-700.jpg\" alt=\"rencontre bethisy\" align=\"center\"> De nature calme, optimiste prenant soin de mon apparence et de ma sant\u00e9.Restant jeune de caract\u00e8re, un brin taquin, coquin, Mais \u00e9galement s\u00e9rieux, fid\u00e8le et sinc\u00e8re, aimant marcher, cuisiner,etc je recherche une relation s\u00e9rieuse.Faisons connaissance au pr\u00e9alable sur ce site et puis laissons le destin d\u00e9cider.Au plaisir de vous lire. R\u00e9gion: <img decoding=\"async\" src=\"http:\/\/know.underbearshop.com\/2388-large_default\/colorant-universelle-senideco-naturel-190013.jpg\" alt=\"rencontre bethisy\" align=\"left\">-: Un retour sur lexposition de g\u00e9n\u00e9alogie sur les personnages donnant leur nom aux rues de Cr\u00e9py-en-Valois propos\u00e9e au public les 24 et 25 novembre. Au micro de RVM, Arlette Brouet et Chantal Giraut de lassociation g\u00e9n\u00e9alogique de lOise antenne de Cr\u00e9py.  Sil fallait que m\u00e9thodiquement on en fasse linventaire, plus dun fait pourrait d\u00e9montrer que B\u00e9thisy, cest avant, bien avant le seizi\u00e8me si\u00e8cle et le protestant Coligny quil se trouve quon assassina dans une rue de B\u00e9thisy, effac\u00e9e plus pr\u00e8s de nous par le baron Haussmann. C\u00e9tait avant la reine Margot, Marguerite de Valois, exil\u00e9e \u00e0 Usson, loin de son apanage. Sur un autre versant, celui dun vieux Moyen Age-Moyen Age quon dit haut bien quil remonte des profondeurs-B\u00e9thisy a gliss\u00e9 dans lombre de son histoire Https:medias.roomlala.comhomephoto1400x300a_122111_1452089962_1_400x300.jpg 49.26005318136 2.59021119474 location-meubleeFR-Francefleurines2-appartements-independants-122111-fr-De nombreux commerces \u00e0 proximit\u00e9 pharmacie, boulangerie supermarch\u00e9s. Respectueux, Affectueuxse, A l\u00e9coute des autres, Fid\u00e8le <img decoding=\"async\" src=\"http:\/\/cdn.purple.fr\/08e40b07ee972446b79de0585c29580a\/static.purple.fr\/2016\/01\/mikado-pigalle-820x550.jpg\/820x460c\/mikado-pigalle-820x550.jpg\" alt=\"rencontre bethisy\" align=\"center\"> T\u00e9l\u00e9charge notre application gratuite sur ton t\u00e9l\u00e9phone mobile : Cliquez sur une vignette pour lagrandir. Mobilier Loyer: 430Euros 450 Euros charges comprises eau, \u00e9lectricit\u00e9, chauffage, entretien de la chaudi\u00e8re \u00e0 gaz.. La construction de l\u00e9glise actuelle a d\u00fb commencer par l, qui a \u00e9t\u00e9 remplac\u00e9e par la deuxi\u00e8me trav\u00e9e du actuel \u00e0 la fin du XIII e si\u00e8cle. Le clocher a \u00e9t\u00e9 b\u00e2ti vers, en m\u00eame temps que la et ses bas-c\u00f4t\u00e9s. La nef est calqu\u00e9e sur celle de B\u00e9thisy-Saint-Pierre, mais les fen\u00eatres ont \u00e9t\u00e9 bouch\u00e9es \u00e0 l\u00e9poque moderne, le prolongement vers louest que lon rencontre \u00e0 B\u00e9thisy-Saint-Pierre na pas eu lieu, et la fausse de bois pl\u00e2tr\u00e9 est rest\u00e9e en place, si bien que les similitudes ne sont plus apparentes \u00e0 la premi\u00e8re vue. D\u00e8s, un premier remaniement intervient dans les parties orientales : la vo\u00fbte en berceau de la premi\u00e8re trav\u00e9e du ch\u0153ur est remplac\u00e9e par une. Vers la fin du XIII e si\u00e8cle, le ch\u0153ur est agrandi : labside romane est remplac\u00e9e par une trav\u00e9e, et un collat\u00e9ral est b\u00e2ti au sud, dans le prolongement de la base du clocher qui se trouve quant \u00e0 elle dans laxe du bas-c\u00f4t\u00e9 sud de la nef. Probablement, un second collat\u00e9ral est construit au nord du ch\u0153ur, ou le collat\u00e9ral roman dune seule trav\u00e9e est prolong\u00e9e par une trav\u00e9e gothique, mais puisque cette partie de l\u00e9glise a \u00e9t\u00e9 refaite ult\u00e9rieurement, on ne peut pas laffirmer avec certitude. Au cours du XIV e si\u00e8cle, cest le bas-c\u00f4t\u00e9 nord de la nef qui fait lobjet dune reconstruction, comme lindique le des fen\u00eatres. Sans doute en raison de la, le vo\u00fbtement dogives doit attendre jusquau dernier tiers du XV e si\u00e8cle. Il est effectu\u00e9 dans le style. Cest \u00e0 la m\u00eame \u00e9poque que se construisent les deux trav\u00e9es du collat\u00e9ral nord du ch\u0153ur, dans le m\u00eame style. \u00c0 la fin du, l\u00e9glise Saint-Martin trouve ainsi sa configuration actuelle. Des r\u00e9parations ont lieu au XIX e si\u00e8cle. Le bas-c\u00f4t\u00e9 sud de la nef est refait en, et ses fen\u00eatres sont reperc\u00e9es. Deux plaques comm\u00e9moratives rappellent dautres campagnes de restauration : la premi\u00e8re en sous le cur\u00e9 Baudoin et le maire Edmond de Seroux, et la seconde entre et sous le cur\u00e9 O. Macrez et le maire G. De Seroux-Cheveux : Blond-170 cm-Statut civil: Divorc\u00e9 Ni le bas-c\u00f4t\u00e9 nord, ni le bas-c\u00f4t\u00e9 sud subsistent dans leur \u00e9tat dorigine. Mais hormis les fen\u00eatres et sans doute le plafond plat, le bas-c\u00f4t\u00e9 sud se pr\u00e9sente dans son \u00e9tat du milieu du XII e si\u00e8cle. Il na pas \u00e9t\u00e9 achev\u00e9 : Des adoss\u00e9s aux piliers de la nef et aux murs ext\u00e9rieurs montrent que lon avait eu lintention de construire des isol\u00e9s, comme \u00e0. Ces doubleaux comportent une partie droite au-dessus des tailloirs, qui sont analogues aux tailloirs des piliers de la nef, et devaient donc adopter un trac\u00e9 surhauss\u00e9, contrairement \u00e0 B\u00e9thisy-Saint-Pierre, o\u00f9 ils sont surbaiss\u00e9s. \u00c0 titre provisoire, les pilastres ont \u00e9t\u00e9 utilis\u00e9s pour supporter les de la ; \u00e9tat qui perdure encore. En plus, lon avait commenc\u00e9 \u00e0 pr\u00e9parer le bas-c\u00f4t\u00e9 sud pour un vo\u00fbtement dogives. Comme \u00e0 B\u00e9thisy-Saint-Pierre, des culots carr\u00e9s dune facture tr\u00e8s simples ont \u00e9t\u00e9 mont\u00e9s dans les angles de certaines trav\u00e9es, et les vo\u00fbtes devaient sans doute adopter le m\u00eame profil qu\u00e0 B\u00e9thisy-Saint-Pierre. Une vo\u00fbte semblable avait d\u00e9j\u00e0 \u00e9t\u00e9 construite sous le clocher, vers 1130. Quant au bas-c\u00f4t\u00e9 nord, il a \u00e9t\u00e9 enti\u00e8rement reb\u00e2ti au XIV e si\u00e8cle, comme lindique le r\u00e9seau des fen\u00eatres, qui sont \u00e0 deux trilob\u00e9es surmont\u00e9es dun, avec des d\u00e9pourvus de chapiteaux. La fen\u00eatre occidentale est d\u00e9pourvue de remplage, mais elle a pu le perdre au fil du temps, \u00e0 linstar des fen\u00eatres occidentales de la nef et du bas-c\u00f4t\u00e9 sud, qui sont dans le m\u00eame cas. Le vo\u00fbtement du bas-c\u00f4t\u00e9 sud na suivi que beaucoup plus tard, au dernier tiers du XV e si\u00e8cle, apr\u00e8s la fin de la guerre de Cent Ans. Le profil prismatique des ogives et doubleaux pr\u00e9sentent les caract\u00e9ristiques de cette \u00e9poque, et labsence de indique que le vo\u00fbtement est intervenu apr\u00e8s coup. Lon note que les supports engag\u00e9s dans les piliers de la nef et dans le mur ext\u00e9rieur sont form\u00e9s par la fusion des nervures des vo\u00fbtes : ce ne sont plus des faisceaux de, mais pas encore des piliers ondul\u00e9s. Bonjour je mappelle Laurent jai 35 ans. Recherche: Je recherche une fille s\u00e9rieuse et sinc\u00e8re Je suis.<\/p>\n","protected":false},"excerpt":{"rendered":"<p>rencontre bethisy<\/p>\n","protected":false},"author":1,"featured_media":0,"comment_status":"closed","ping_status":"closed","sticky":false,"template":"","format":"standard","meta":{"footnotes":""},"categories":[1],"tags":[],"_links":{"self":[{"href":"http:\/\/intranet.asbl.ca\/blog\/wp-json\/wp\/v2\/posts\/4193"}],"collection":[{"href":"http:\/\/intranet.asbl.ca\/blog\/wp-json\/wp\/v2\/posts"}],"about":[{"href":"http:\/\/intranet.asbl.ca\/blog\/wp-json\/wp\/v2\/types\/post"}],"author":[{"embeddable":true,"href":"http:\/\/intranet.asbl.ca\/blog\/wp-json\/wp\/v2\/users\/1"}],"replies":[{"embeddable":true,"href":"http:\/\/intranet.asbl.ca\/blog\/wp-json\/wp\/v2\/comments?post=4193"}],"version-history":[{"count":1,"href":"http:\/\/intranet.asbl.ca\/blog\/wp-json\/wp\/v2\/posts\/4193\/revisions"}],"predecessor-version":[{"id":4194,"href":"http:\/\/intranet.asbl.ca\/blog\/wp-json\/wp\/v2\/posts\/4193\/revisions\/4194"}],"wp:attachment":[{"href":"http:\/\/intranet.asbl.ca\/blog\/wp-json\/wp\/v2\/media?parent=4193"}],"wp:term":[{"taxonomy":"category","embeddable":true,"href":"http:\/\/intranet.asbl.ca\/blog\/wp-json\/wp\/v2\/categories?post=4193"},{"taxonomy":"post_tag","embeddable":true,"href":"http:\/\/intranet.asbl.ca\/blog\/wp-json\/wp\/v2\/tags?post=4193"}],"curies":[{"name":"wp","href":"https:\/\/api.w.org\/{rel}","templated":true}]}}