{"id":4219,"date":"2020-09-28T03:14:16","date_gmt":"2020-09-28T03:14:16","guid":{"rendered":"http:\/\/intranet.asbl.ca\/blog\/?p=4219"},"modified":"2020-09-22T21:22:20","modified_gmt":"2020-09-22T21:22:20","slug":"vanessa-fr-rencontre","status":"publish","type":"post","link":"http:\/\/intranet.asbl.ca\/blog\/2020\/09\/28\/vanessa-fr-rencontre\/","title":{"rendered":"Vanessa Fr Rencontre"},"content":{"rendered":"<p>Vanessa est n\u00e9e et a grandi \u00e0 Bordeaux. Son p\u00e8re est peintre. Enfant, je passais de longues heures \u00e0 faire comme lui mais avec des gouaches. Elle aime dessiner, peindre. A 21 ans, son BTS tourisme en poche, elle part aux Antilles. Javais envie de voir le monde. Puis en Nouvelle-Z\u00e9lande. Elle travaille comme r\u00e9ceptionniste dans des h\u00f4tels de luxe. J\u00e9tais partie pour six mois et je suis rentr\u00e9e quinze plus tard! Oublier ses ptits soucis D\u00e8s cette premi\u00e8re sc\u00e8ne dallergie, vous apparaissez le teint blafard, la peau irrit\u00e9e et les ongles jaunis, \u00e9tait-ce une crainte de casser votre image glamour? Partager ce contenu Created with Sketch. Close Created with Sketch. Partager  <img decoding=\"async\" src=\"http:\/\/troublesneurovisuels.r.t.f.unblog.fr\/files\/2016\/02\/dys-temoignage-300x192.png\" alt=\"vanessa fr rencontre\" align=\"right\"> En 2013, elle se d\u00e9cide \u00e0 aff\u00fbter sa plume quand G.M. Obtient le prix Renaudot, ce qui lulc\u00e8re. Elle affirme que MeToo nest pour rien dans sa d\u00e9termination, m\u00eame si on croise dans son texte quelques concepts et raisonnements en r\u00e9sonance avec lactualit\u00e9. Cette r\u00e9ponse de la berg\u00e8re au berger est une victoire apr\u00e8s affrontement dans le champ clos dune comp\u00e9tence et dune adulation commune, la litt\u00e9rature. Elle dit : Pour moi, l\u00e9crivain repr\u00e9sentait la figure de lautorit\u00e9 supr\u00eame. Elle \u00e9tait une excellente \u00e9l\u00e8ve qui navait nul besoin quil r\u00e9dige ses dissertations. Elle sen voulait de le laisser faire et dendosser une note faramineuse quand elle aurait glan\u00e9 en solo son habituel tr\u00e8s bien. Il paradait en r\u00e9prouv\u00e9 fier de l\u00eatre, en avide dune reconnaissance \u00e0 occultations. Il \u00e9tait linitiateur aux r\u00e9f\u00e9rences orient\u00e9es, Socrate, Edgar Poe, Byron, Lewis Caroll, et puis aussi Polanski, et m\u00eame David Hamilton. Pour sa part, elle sint\u00e9resse autant au roman-monde, \u00e0 John Fante, \u00e0 Jonathan Safran Foer qu\u00e0 lautofiction. Elle appr\u00e9cie Annie Ernaux, Catherine Millet, Delphine de Vigan. Et l\u00e9dition fran\u00e7aise est ainsi faite que cet \u0153cum\u00e9nisme lui sera n\u00e9cessaire, car les maisons de la place publient un peu de tout. <img decoding=\"async\" src=\"http:\/\/archives.nicematin.com\/media_nicematin\/imagecache\/article-taille-normale-nm\/image\/protec\/2011\/12\/02\/15182698.jpg\" alt=\"vanessa fr rencontre\" align=\"right\"> Page 15 Rencontre avec lillustratrice fran\u00e7aise Vanessa Hi\u00e9 Depuis, Vanessa Paradis est en couple depuis 2016 avec Samuel Benchetrit et ils se marient en 2018. Et de son c\u00f4t\u00e9, Johnny Depp se marie avec une jeune actrice am\u00e9ricaine du nom de Amer Heard, en 2015. Mais ils se s\u00e9parent rapidement, en ao\u00fbt 2016. Depuis, la justice les opposent car Amber Heard accuse son ex-mari, Johnny Depp, de violences conjugales. Une affaire qui se poursuit encore aujourdhui et qui va devoir inviter Vanessa Paradis \u00e0 participer. En effet, Johnny Depp na que sa parole contre celle dAmber Heard. Mais dapr\u00e8s ses avocats, ses ex-femmes et compagnes pourraient t\u00e9moigner pour tenter de le disculper. A ce soir est un entretien audio, intime et exclusif avec des mamans inspir\u00e9es et inspirantes. On ny parle de parentalit\u00e9 mais aussi des parcours des invit\u00e9es, quelles soient cr\u00e9atrices dentreprises, actrices, pr\u00e9sidentes dassociations, Au Galop, one-man-show de Vincent Moscato. Com\u00e9die, 20h36 R\u00e9\u00e9couter Nadir lAlg\u00e9rois, dit Papouf rediffusion de l\u00e9mission du 23 juin 2011 \u00e9couter 55 min 55 min <img decoding=\"async\" src=\"http:\/\/www.marieclaire.fr\/data\/photo\/w652_h382_c1\/7d9c1bb17is_itv.jpg\" alt=\"vanessa fr rencontre\" align=\"right\"> Une rencontre de 10 heures au cours desquelles je livrerai tous mes secrets, afin daider toutes les personnes qui souhaitent se lancer dans ce secteur en leur offrant toute ma connaissance et mon exp\u00e9rience.  Le livret de Vanessa, \u00e9crit par Gian Carlo Menotti, compagnon de Samuel Barber, aborde des th\u00e8mes assez modernes : on trouve des r\u00e9flexions sur le genre, lamour libre, la s\u00e9duction masculine. Cest une grande oeuvre qui rencontre un grand succ\u00e8s \u00e0 sa cr\u00e9ation, mais qui \u00e9trangement ne simpose pas dans le r\u00e9pertoire, et qui est encore tr\u00e8s peu mont\u00e9e aujourdhui. EPSAA 2014, 2013 Pr\u00e9sentation de latelier aux \u00e9tudiants de la fili\u00e8re Arts graphiques et d\u00e9bats. String73 https:www.la-charte.frwp-contentuploads202002CHATS-JOUEURS-web.jpg Vanessa est une habitu\u00e9e de nos rayons et nos tables de d\u00e9dicaces et a, comme tout une kyrielle de Super Zamies Auteures superbement contribu\u00e9 au pour les 20 ans de B\u00e9d\u00e9cin\u00e9. Inland est le plus bel album du moment Fabuleux. Ceux de gibier cervo, lepre, cinghiale sont les plus remarquables. La recette cru mardi gras violette africaine la m\u00eame bien que les aromates puissent l\u00e9g\u00e8rement diff\u00e9rer. On peut employer un animal jeune ou \u00e2g\u00e9. Nous pr\u00e9f\u00e9rons le daguet ou le h\u00e8re plus fins que le cerf mais sa viande conviendra aussi tr\u00e8s bien. Comme un grand nombre de pr\u00e9parations, le tajine tient son nom du plat en terre cuite dans lequel cru mardi gras violette africaine est r\u00e9alis\u00e9.  Appelez-nous pour obtenir des informations suppl\u00e9mentaires sur nos produits ou pour organiser un rendez-vous conseil. Pentagon est un atelier de cr\u00e9ation graphique unissant les comp\u00e9tences de Vanessa G\u0153tz et Guillaume Allard dans une approche cr\u00e9ative compl\u00e9mentaire. Latelier, que nous avons cofond\u00e9 en 2010, intervient dans tous les champs du design visuel, aussi bien pour des clients institutionnels et culturels la Fondation Cartier pour lart contemporain, le minist\u00e8re de la Culture et de la Communication, le Centre national des arts plastiques, Paris Mus\u00e9es, que pour des sc\u00e9nographes DuMa, Serge No\u00ebl Philippe Portheault, JsLagrange et maisons d\u00e9dition ind\u00e9pendantes Chose Commune. Comment ta famille vit-elle cette notori\u00e9t\u00e9 soudaine? Murcof et Vanessa Wagner entament une tourn\u00e9e et seront de passage au le 11 octobre. Alors quils viennent de sortir un premier clip pour illustrer leur vision de loeuvre de John Cage, In The Landscape, nous avons rencontr\u00e9 deux artistes que les diff\u00e9rences rapprochent.<\/p>\n","protected":false},"excerpt":{"rendered":"<p>vanessa fr rencontre<\/p>\n","protected":false},"author":1,"featured_media":0,"comment_status":"closed","ping_status":"closed","sticky":false,"template":"","format":"standard","meta":{"footnotes":""},"categories":[1],"tags":[],"_links":{"self":[{"href":"http:\/\/intranet.asbl.ca\/blog\/wp-json\/wp\/v2\/posts\/4219"}],"collection":[{"href":"http:\/\/intranet.asbl.ca\/blog\/wp-json\/wp\/v2\/posts"}],"about":[{"href":"http:\/\/intranet.asbl.ca\/blog\/wp-json\/wp\/v2\/types\/post"}],"author":[{"embeddable":true,"href":"http:\/\/intranet.asbl.ca\/blog\/wp-json\/wp\/v2\/users\/1"}],"replies":[{"embeddable":true,"href":"http:\/\/intranet.asbl.ca\/blog\/wp-json\/wp\/v2\/comments?post=4219"}],"version-history":[{"count":1,"href":"http:\/\/intranet.asbl.ca\/blog\/wp-json\/wp\/v2\/posts\/4219\/revisions"}],"predecessor-version":[{"id":4220,"href":"http:\/\/intranet.asbl.ca\/blog\/wp-json\/wp\/v2\/posts\/4219\/revisions\/4220"}],"wp:attachment":[{"href":"http:\/\/intranet.asbl.ca\/blog\/wp-json\/wp\/v2\/media?parent=4219"}],"wp:term":[{"taxonomy":"category","embeddable":true,"href":"http:\/\/intranet.asbl.ca\/blog\/wp-json\/wp\/v2\/categories?post=4219"},{"taxonomy":"post_tag","embeddable":true,"href":"http:\/\/intranet.asbl.ca\/blog\/wp-json\/wp\/v2\/tags?post=4219"}],"curies":[{"name":"wp","href":"https:\/\/api.w.org\/{rel}","templated":true}]}}