{"id":4253,"date":"2020-09-28T10:52:50","date_gmt":"2020-09-28T10:52:50","guid":{"rendered":"http:\/\/intranet.asbl.ca\/blog\/?p=4253"},"modified":"2020-09-22T22:51:49","modified_gmt":"2020-09-22T22:51:49","slug":"rencontre-handicap-leger","status":"publish","type":"post","link":"http:\/\/intranet.asbl.ca\/blog\/2020\/09\/28\/rencontre-handicap-leger\/","title":{"rendered":"Rencontre Handicap Leger"},"content":{"rendered":"<p><img decoding=\"async\" src=\"http:\/\/2.bp.blogspot.com\/-U-UWVPrpJsE\/TuhEPYNeRaI\/AAAAAAAAC9Q\/T9rO3bDTMyQ\/s1600\/P1060484.JPG\" alt=\"rencontre handicap leger\" align=\"left\"> L\u00e9volution constante des m\u00e9tiers et de lenvironnement r\u00e9glementaire rend n\u00e9cessaire une mise \u00e0 jour continue du contenu. 1 Votez pour ce message Se connecter Cr\u00e9er un compte mai sil peut y contribuer qaund m\u00eame, car il se veut \u00eatre un outil pour entretenir le lien social, Je me dis souvent quun jour, jessaierai de trouver un emploi un peu plus gratifiant. Lune des difficult\u00e9s, cest que mon handicap ne se voit pas. Les gens ne savent pas forc\u00e9ment quoi dire. Mais je vis avec. Je vais bien. Et m\u00eame si \u00e7a ma co\u00fbt\u00e9 pas mal de larmes, je suis contente de travailler.  Le site Famidac donnent des conseils et des adresses : <img decoding=\"async\" src=\"http:\/\/www.enfants-extraordinaires.fr\/topic\/30594385_10212033399854476_5237299969899102208_n.jpg\" alt=\"rencontre handicap leger\" align=\"left\">  Les familles et professionnels sont confront\u00e9s \u00e0 de tr\u00e8s nombreuses difficult\u00e9s cumul\u00e9es sp\u00e9cifiques \u00e0 ce type de handicap. Il est indispensable de les aider et les ressourcer sous peine quelles s\u00e9puisent, sisolent dans leurs pratiques et se retrouvent malgr\u00e9 elles, en situation de maltraiter la personne quelles accompagnent. Zgu est atteinte d une maladie neuro-musculaire d\u00e9g\u00e9n\u00e9rative. Elle ne travaille pas, mais lors de sa recherche de formation, m\u00eame si elle marchait encore et bougeait les bras, elle sest heurt\u00e9e \u00e0 de multiples refus : Mercredi 21 mars, le challenge Christine-L\u00e9ger, instigatrice de la sensibilisation aux sports r\u00e9serv\u00e9s aux handicap\u00e9s sest d\u00e9roul\u00e9 au gymnase de Cr\u00eaches. Le sport adapt\u00e9 et le Handisport ont tous les deux une direction diff\u00e9rente mais un but commun. Handicap mental pour le sport adapt\u00e9 et Handisport pour le handicap moteur. 54 \u00e9l\u00e8ves de 4e du coll\u00e8ge Condorcet ont encadr\u00e9 les 15 \u00e9quipes pr\u00e9sentes. Je viens vous remercier pour laide que vous mavez apport\u00e9e, car je ne suis plus seul. Je recommanderai votre site dans mon entourage. Encore merci et bonnes f\u00eates de fin dann\u00e9e \u00e0 tous. Floopy <img decoding=\"async\" src=\"http:\/\/static.hitek.fr\/img\/products\/huawei\/huawei-y6-pro\/photos\/w_huawei-y6-pro-geekbench-resultat.png\" alt=\"rencontre handicap leger\" align=\"center\"> 65 000 personnes sont trisomiques aujourdhui en France. Celle-ci est observ\u00e9e en moyenne lors de 27 grossesses sur 10 000, selon la Haute Autorit\u00e9 de sant\u00e9 HAS. Valmatlo, il me la dit clairement, cest \u00e0 cause de cette scoliose quil na pas envie daller plus loin. Puis comme tu le dis on ne peut pas plaire \u00e0 tout le monde, nemp\u00eache je pense lui avoir plu suffisemment pour quil ait envie de moi. Je pense juste quil nassume pas la diff\u00e9rence et que narcissiquement ce nest pas gratifiant pour lui. Ce nest pas une histoire damour cest une histoire damour propre. Son origine est \u00e9galement vari\u00e9e, en effet le handicap visuel peut \u00eatre d\u00fb \u00e0 une pathologie de naissance ou a contrario des personnes devenues aveugles ou mal-voyantes sur le tard. Pour ces premi\u00e8res nombre de pr\u00e9requis visuels Quils nont jamais connus ne font pas sens et doivent alors privil\u00e9gier des m\u00e9diums adapt\u00e9s Le braille par exemple. Pour ces derniers \u00e0 linverse, les personnes devenues emp\u00each\u00e9es au cours de leurs vies, elles sappuient sur les r\u00e9f\u00e9rences visuelles acquises dans leurs souvenirs Formes, objets, couleurs et appr\u00e9cient par cet angle les discours et informations. Handicap au coll\u00e8ge : si seulement nous pouvions accueillir ces \u00e9l\u00e8ves correctement Votre don nous aidera \u00e0 garder ce site gratuit, soyez solidaire svp Or dans ces textes il \u00e9tait aussi question dint\u00e9grer les revenus de comptes financiers non imposables livret A etcpour le calcul de lAAH. Mesure idiote, car un simple calcul permettait de constater que cela n\u00e9conomiserait pas grandchose pour le budget de lEtat. Sites d\u00e9di\u00e9s, assoc etc se sont jet\u00e9s sur ce point, mais nont pas accord\u00e9 grande importance sur lid\u00e9e de faire \u00e9voluer le plafond de ressources.Dommage et depuis ces m\u00eames assoc ny font aucune r\u00e9f\u00e9rence pour militer, proposer. Ni pour laugmentation, ni pour labandon de ce plafond. Triste constat. Signal\u00e9tique pour personnes handicap\u00e9es 64 produits .<\/p>\n","protected":false},"excerpt":{"rendered":"<p>rencontre handicap leger<\/p>\n","protected":false},"author":1,"featured_media":0,"comment_status":"closed","ping_status":"closed","sticky":false,"template":"","format":"standard","meta":{"footnotes":""},"categories":[1],"tags":[],"_links":{"self":[{"href":"http:\/\/intranet.asbl.ca\/blog\/wp-json\/wp\/v2\/posts\/4253"}],"collection":[{"href":"http:\/\/intranet.asbl.ca\/blog\/wp-json\/wp\/v2\/posts"}],"about":[{"href":"http:\/\/intranet.asbl.ca\/blog\/wp-json\/wp\/v2\/types\/post"}],"author":[{"embeddable":true,"href":"http:\/\/intranet.asbl.ca\/blog\/wp-json\/wp\/v2\/users\/1"}],"replies":[{"embeddable":true,"href":"http:\/\/intranet.asbl.ca\/blog\/wp-json\/wp\/v2\/comments?post=4253"}],"version-history":[{"count":1,"href":"http:\/\/intranet.asbl.ca\/blog\/wp-json\/wp\/v2\/posts\/4253\/revisions"}],"predecessor-version":[{"id":4254,"href":"http:\/\/intranet.asbl.ca\/blog\/wp-json\/wp\/v2\/posts\/4253\/revisions\/4254"}],"wp:attachment":[{"href":"http:\/\/intranet.asbl.ca\/blog\/wp-json\/wp\/v2\/media?parent=4253"}],"wp:term":[{"taxonomy":"category","embeddable":true,"href":"http:\/\/intranet.asbl.ca\/blog\/wp-json\/wp\/v2\/categories?post=4253"},{"taxonomy":"post_tag","embeddable":true,"href":"http:\/\/intranet.asbl.ca\/blog\/wp-json\/wp\/v2\/tags?post=4253"}],"curies":[{"name":"wp","href":"https:\/\/api.w.org\/{rel}","templated":true}]}}