{"id":4291,"date":"2020-09-28T16:07:42","date_gmt":"2020-09-28T16:07:42","guid":{"rendered":"http:\/\/intranet.asbl.ca\/blog\/?p=4291"},"modified":"2020-09-23T00:40:23","modified_gmt":"2020-09-23T00:40:23","slug":"rencontre-william-et-kate-middleton","status":"publish","type":"post","link":"http:\/\/intranet.asbl.ca\/blog\/2020\/09\/28\/rencontre-william-et-kate-middleton\/","title":{"rendered":"Rencontre William Et Kate Middleton"},"content":{"rendered":"<p>En, sur royal.gov.uk consult\u00e9 le 5 avril 2014 This process is automatic. Your browser will redirect to your requested content shortly. Pour ce qui est du reste de la famille royale, apr\u00e8s avoir appris la naissance dArchie par message sur un groupe Whatsapp, comme la confi\u00e9 le mari de Zara Tindall, la cousine dHarry, on imagine que les entrevues si entrevue il y a jamais eu ont \u00e9t\u00e9 limit\u00e9es Apr\u00e8s un voyage en Afrique du Sud en septembre, les Sussex ont quitt\u00e9 le Royaume-Uni pour le Canada d\u00e8s lautomne 2019 et Archie nest depuis jamais revenu outre-Manche. En veste sahariennepour se rendre dans la for\u00eat tropicale. Bela Bela, Afrique du Sud, le 26 septembre 2016. Getty Images Kate Middleton, royale fashion ic\u00f4ne This website uses cookies to improve your experience. Well assume youre ok with this, but you can opt-out if you wish. <img decoding=\"async\" src=\"http:\/\/cdn1-elle.ladmedia.fr\/var\/plain_site\/storage\/images\/people\/la-vie-des-people\/news\/les-discussions-entre-le-prince-william-et-kate-middleton-devoilees-2648421\/45911570-1-fre-FR\/Les-discussions-entre-le-prince-William-et-Kate-Middleton-devoilees.jpg\" alt=\"rencontre william et kate middleton\" align=\"left\"> <img decoding=\"async\" src=\"http:\/\/2.bp.blogspot.com\/_c9Ka9Jvx1go\/TOfCxd_wSwI\/AAAAAAAAEQE\/yNNpt-KPVQE\/s1600\/nouvelle%252520diana.jpg\" alt=\"rencontre william et kate middleton\" align=\"left\"> Elle nimaginait pas que la s\u00e9paration avec la famille royale aurait une telle cons\u00e9quence sur lui et elle craint pour lavenir de son couple.  Disponible uniquement sur les pages programmes pour le moment. En, sur Dean and Chapter of Westminster consult\u00e9 le 29 avril 2011 <img decoding=\"async\" src=\"http:\/\/imalbum.aufeminin.com\/album\/D20160426\/kate-middleton-en-avril-2016-lors-de-son-voyage-en-inde-phalbm24794826_w650.jpg\" alt=\"rencontre william et kate middleton\" align=\"left\">  Voil\u00e0 et tout \u00e7a.. C\u00e9tait en 2001, au Fairmont St Andrews! Le QG du Prince William On dit que le duc et la duchesse de Cambridge co\u00fbteraient trop cher aux Anglais Pour la petite info, \u00e0 l\u00e9poque o\u00f9 William \u00e9tait \u00e9tudiant \u00e0 lUniversit\u00e9 de St Andrews, il \u00e9tait visiblement un habitu\u00e9 des lieux.. De la salle de sport, au spa de lh\u00f4tel, en passant par lAtrium o\u00f9 il prenait le th\u00e9 et par le Kittocks Den o\u00f9 il d\u00eenait.. Pour la retransmission \u00e0 travers les t\u00e9l\u00e9visions du monde du mariage du prince William et de Catherine Middleton, des milliers de journalistes \u00e9taient \u00e0, la moiti\u00e9 n\u00e9tait pas anglaise. Selon le gouvernement britannique, deux milliards de t\u00e9l\u00e9spectateurs avaient la possibilit\u00e9 de voir le mariage royal, soit pr\u00e8s de 30 de la population mondiale de l\u00e9poque estim\u00e9e \u00e0 7 milliards dindividus. Les photos ont \u00e9t\u00e9 prises le 2 mai dernier, \u00e0 loccasion de lanniversaire de sa grande soeur Charlotte.  Vous connaissez Fairmont St Andrews? Et bien, cest LE LIEU o\u00f9 Kate Middleton et William se sont rencontr\u00e9s en 2001. Lh\u00f4tel Fairmont a flair\u00e9 le bon plan et propose une offre Royal Wedding. Avis aux fans! Un nouveau h\u00e9ros, fortement inspir\u00e9 du fils de Kate et William, arrivera bient\u00f4t dans le c\u00e9l\u00e8bre dessin anim\u00e9 Sam le pompier. La journ\u00e9e \u00e9tait \u00e9galement bien remplie pour le prince Harry. Le jeune papa de 34 ans \u00e9tait quant \u00e0 lui \u00e0 Oxford pour visiter lh\u00f4pital pour enfants et le centre pour personnes handicap\u00e9es OXSRAD. Une semaine seulement apr\u00e8s, le duc de Sussex multiplie les engagements officiels. Le 9 mai, au Pays-Bas pour pr\u00e9senter le programme des Invictus Games 2020. Artemis Fowl, Thor, Cendrillon : 3 univers magiques revisit\u00e9s par Kenneth Branagh sur Disney Toutes les actus Cin\u00e9ma Le jour o\u00f9 le prince William a demand\u00e9 Kate Middleton en mariage-Marie Claire 19. Son premier engagement officiel, deux semaines apr\u00e8s son mariage, fut une rencontre avec Barack et Michelle Obama \u00e0 Buckingham. Pour \u00eatre inform\u00e9 des derniers articles, inscrivez vous : Comme le mariage de Harry et Meghan, b\u00e9b\u00e9 Archie change le paysage en apportant une visibilit\u00e9 sur la race et linclusion.<\/p>\n","protected":false},"excerpt":{"rendered":"<p>rencontre william et kate middleton<\/p>\n","protected":false},"author":1,"featured_media":0,"comment_status":"closed","ping_status":"closed","sticky":false,"template":"","format":"standard","meta":{"footnotes":""},"categories":[1],"tags":[],"_links":{"self":[{"href":"http:\/\/intranet.asbl.ca\/blog\/wp-json\/wp\/v2\/posts\/4291"}],"collection":[{"href":"http:\/\/intranet.asbl.ca\/blog\/wp-json\/wp\/v2\/posts"}],"about":[{"href":"http:\/\/intranet.asbl.ca\/blog\/wp-json\/wp\/v2\/types\/post"}],"author":[{"embeddable":true,"href":"http:\/\/intranet.asbl.ca\/blog\/wp-json\/wp\/v2\/users\/1"}],"replies":[{"embeddable":true,"href":"http:\/\/intranet.asbl.ca\/blog\/wp-json\/wp\/v2\/comments?post=4291"}],"version-history":[{"count":1,"href":"http:\/\/intranet.asbl.ca\/blog\/wp-json\/wp\/v2\/posts\/4291\/revisions"}],"predecessor-version":[{"id":4292,"href":"http:\/\/intranet.asbl.ca\/blog\/wp-json\/wp\/v2\/posts\/4291\/revisions\/4292"}],"wp:attachment":[{"href":"http:\/\/intranet.asbl.ca\/blog\/wp-json\/wp\/v2\/media?parent=4291"}],"wp:term":[{"taxonomy":"category","embeddable":true,"href":"http:\/\/intranet.asbl.ca\/blog\/wp-json\/wp\/v2\/categories?post=4291"},{"taxonomy":"post_tag","embeddable":true,"href":"http:\/\/intranet.asbl.ca\/blog\/wp-json\/wp\/v2\/tags?post=4291"}],"curies":[{"name":"wp","href":"https:\/\/api.w.org\/{rel}","templated":true}]}}