{"id":4317,"date":"2020-09-28T10:19:09","date_gmt":"2020-09-28T10:19:09","guid":{"rendered":"http:\/\/intranet.asbl.ca\/blog\/?p=4317"},"modified":"2020-09-23T01:20:25","modified_gmt":"2020-09-23T01:20:25","slug":"rencontre-islandaise","status":"publish","type":"post","link":"http:\/\/intranet.asbl.ca\/blog\/2020\/09\/28\/rencontre-islandaise\/","title":{"rendered":"Rencontre Islandaise"},"content":{"rendered":"<p>Au\u00f0ur Ava \u00d3lafsd\u00f3ttir sera en France du lundi 10 au dimanche 16 octobre. La cit\u00e9 des jarres, \u00e0 la rencontre dErlendur, Islandais jusquau bout de lenqu\u00eate p stylemargin-bottom: 0cm; font-weight: normal Disposer de leurs corps, linterminable combat des femmes L\u00e9quipe de France a fait un grand pas vers la qualification \u00e0 lEuro 2020, ce vendredi soir, avec un succ\u00e8s 1-0 en Islande, gr\u00e2ce \u00e0 un but dOlivier Giroud. Acc\u00e9l\u00e9rant ainsi les r\u00e9voltes contre le pouvoir royal. Avant publication, chaque avis passe par notre syst\u00e8me de suivi automatis\u00e9 afin de contr\u00f4ler sil correspond \u00e0 nos crit\u00e8res de publication. Si le syst\u00e8me d\u00e9tecte un probl\u00e8me avec un avis, celui-ci est manuellement examin\u00e9 par notre \u00e9quipe de sp\u00e9cialistes de contenu, qui contr\u00f4le \u00e9galement tous les avis qui nous sont signal\u00e9s apr\u00e8s publication par notre communaut\u00e9. Les avis sont affich\u00e9s dans tous les classements chronologiquement. Contr\u00f4le des avis Copyright 2016-2020 Loeil dEos ; Tous droits r\u00e9serv\u00e9s <img decoding=\"async\" src=\"http:\/\/unpieddanslesnuages.com\/wp-content\/uploads\/2014\/10\/cheval-islandais.jpg\" alt=\"rencontre islandaise\" align=\"right\"> font color000000font faceTimes New Roman, seriffont size3bLa collecte continue et vous pouvez poursuivre votre soutien agrave; ce projet.bfontfontfontp Le risque est dautant plus \u00e9lev\u00e9 que lIslande est le seul pays occidental o\u00f9 il nexiste pas de nom de famille : le nom islandais signifie fils du pr\u00e9nom du p\u00e8re Gustavson : fils de Gustav, Olafdottir : fille dOlav. Ce qui fait que le nom ne se transmets pas et change \u00e0 chaque g\u00e9n\u00e9ration. Ainsi des cousins ne peuvent avoir le m\u00eame nom puisquils nont pas le m\u00eame p\u00e8re. D\u00e8s lors on nest pas alert\u00e9 par une similitude de patronyme. Signaler un contenu abusif Ce qui fait la diversit\u00e9 du genre humain cest que nous avons tous finalement des noms bizarres les uns pour les autres mais l\u00e0 est notre richesse.  En : Europe Afrique Am\u00e9rique du nord Am\u00e9rique centrale Am\u00e9rique latine Oc\u00e9anie Le vocabulaire continue d\u00e9voluer afin dinclure les personnes qui se cherchent un nouveau r\u00f4le ou une nouvelle identit\u00e9. Ingolfur et Hj\u00f6rleifur, un pays id\u00e9al vers lOuest. Il sensuit un exode, y Unsubscribe from Clo Clem-Tour du Monde en vid\u00e9os? <img decoding=\"async\" src=\"http:\/\/www.explore.familysearchparty.com\/wp-content\/uploads\/2018\/02\/maillot-gardien-Islande-2018-CDM-2018.jpg\" alt=\"rencontre islandaise\" align=\"right\">  Une pause hivernale dans une maison traditionnelle, voil\u00e0 ce quil vous faut pour vivre lIslande comme un Islandais! Cest en effet \u00e0 cette saison que lon croise le moins de touristes et le plus dhabitants. Sur la route ou dans les petits villages, les rencontres sannoncent authentiques. Situ\u00e9e en pleine nature, votre maison est un petit nid douillet o\u00f9 lon se sent comme chez soi, en famille ou entre amis. Sasseoir dans une rocking chair en regardant la neige tomber par la fen\u00eatre, guetter les aurores bor\u00e9ales depuis sa terrasse en bois, cuisiner local dans sa cuisine toute \u00e9quip\u00e9e Autant de petits riens qui font de grands souvenirs. <img decoding=\"async\" src=\"http:\/\/images.lpcdn.ca\/641x427\/201701\/06\/1327964-donald-trump-vladimir-poutine.png\" alt=\"rencontre islandaise\" align=\"right\"> Les personnes sont m\u00e9contentes de la possibilit\u00e9 de devoir payer pour voyager dans le pays comme cela a toujours \u00e9t\u00e9 gratuit. Mais, il y aura un prix \u00e0 payer pour prot\u00e9ger la nature 1. Vandalisme en Islande  Mais d\u00e9sormais orpheline de tous ses joueurs exp\u00e9riment\u00e9s ainsi que du coach Karl Gu\u00f0mundsson remplac\u00e9 par, lIslande sappr\u00eate \u00e0 subir le revers le plus humiliant de son histoire, le 23 ao\u00fbt. \u00c0, les Danois f\u00eatent le 300 e match de leur s\u00e9lection en \u00e9crasant 14-2 une \u00e9quipe islandaise \u00e0 la d\u00e9rive., et r\u00e9alisent tous trois un hat trick. C\u00f4t\u00e9 insulaire, en labsence dEllert Schram et \u00de\u00f3r\u00f3lfur Beck, les joueurs les plus cap\u00e9s culminent \u00e0 onze et neuf s\u00e9lections, tandis que le jeune d\u00e9fenseur honore lui sa deuxi\u00e8me. Lann\u00e9e suivante, le pr\u00e9sident de la quitte son poste apr\u00e8s quatorze ans de bons et loyaux services. Cest un autre ancien joueur, le grand, qui lui succ\u00e8de. En, et apr\u00e8s vingt et un ans dexistence, la s\u00e9lection islandaise dispute son cinquanti\u00e8me match lors dune nouvelle rencontre face aux Bermudes quelle remporte 2-1. Sous les ordres du tout frais s\u00e9lectionneur R\u00edkhar\u00f0ur J\u00f3nsson, les insulaires marquent gr\u00e2ce \u00e0 Ellert Schram et un nouveau venu en s\u00e9lection,, le nouveau canonnier de l qui esp\u00e8re marcher sur les traces de son s\u00e9lectionneur. Quelques semaines plus tard, joue son vingti\u00e8me et dernier match pour lIslande. Il se voit contraint darr\u00eater le football \u00e0 l\u00e2ge de 29 ans, en raison de sa sant\u00e9 mentale qui commence \u00e0 se d\u00e9t\u00e9riorer.<\/p>\n","protected":false},"excerpt":{"rendered":"<p>rencontre islandaise<\/p>\n","protected":false},"author":1,"featured_media":0,"comment_status":"closed","ping_status":"closed","sticky":false,"template":"","format":"standard","meta":{"footnotes":""},"categories":[1],"tags":[],"_links":{"self":[{"href":"http:\/\/intranet.asbl.ca\/blog\/wp-json\/wp\/v2\/posts\/4317"}],"collection":[{"href":"http:\/\/intranet.asbl.ca\/blog\/wp-json\/wp\/v2\/posts"}],"about":[{"href":"http:\/\/intranet.asbl.ca\/blog\/wp-json\/wp\/v2\/types\/post"}],"author":[{"embeddable":true,"href":"http:\/\/intranet.asbl.ca\/blog\/wp-json\/wp\/v2\/users\/1"}],"replies":[{"embeddable":true,"href":"http:\/\/intranet.asbl.ca\/blog\/wp-json\/wp\/v2\/comments?post=4317"}],"version-history":[{"count":1,"href":"http:\/\/intranet.asbl.ca\/blog\/wp-json\/wp\/v2\/posts\/4317\/revisions"}],"predecessor-version":[{"id":4318,"href":"http:\/\/intranet.asbl.ca\/blog\/wp-json\/wp\/v2\/posts\/4317\/revisions\/4318"}],"wp:attachment":[{"href":"http:\/\/intranet.asbl.ca\/blog\/wp-json\/wp\/v2\/media?parent=4317"}],"wp:term":[{"taxonomy":"category","embeddable":true,"href":"http:\/\/intranet.asbl.ca\/blog\/wp-json\/wp\/v2\/categories?post=4317"},{"taxonomy":"post_tag","embeddable":true,"href":"http:\/\/intranet.asbl.ca\/blog\/wp-json\/wp\/v2\/tags?post=4317"}],"curies":[{"name":"wp","href":"https:\/\/api.w.org\/{rel}","templated":true}]}}