{"id":4323,"date":"2020-09-28T21:56:47","date_gmt":"2020-09-28T21:56:47","guid":{"rendered":"http:\/\/intranet.asbl.ca\/blog\/?p=4323"},"modified":"2020-09-23T01:31:56","modified_gmt":"2020-09-23T01:31:56","slug":"rencontre-sciences-po-sud-ouest","status":"publish","type":"post","link":"http:\/\/intranet.asbl.ca\/blog\/2020\/09\/28\/rencontre-sciences-po-sud-ouest\/","title":{"rendered":"Rencontre Sciences Po Sud Ouest"},"content":{"rendered":"<p>Parti de Minneapolis et de la mort de George Floyd, la col\u00e8re.. En cas de pand\u00e9mie, le besoin en masques est dune bo\u00eete de 50 masques par foyer, \u00e0 raison de 20 millions de bo\u00eetes en cas datteinte de 30 de la population.. Prochaines conf\u00e9rencess : 28 f\u00e9vrier, 2 mars, 16 mars, 19 mars Selon Vincent Tiberj, charg\u00e9 de recherche \u00e0 Centre d\u00e9tudes europ\u00e9ennes-FNSP : en France le non de gauche exprime principalement un non social, tandis que les partisans du non de droite consid\u00e8rent \u00e0 la fois les questions nationales et sociales Faites le choix de lalternance avec Sup Career,. Programmes Bachelor, M1 et M2. Nonna Mayer est lune des rares femmes de sa g\u00e9n\u00e9ration, avec Janine Mossuz-Lavau et Elisabeth Dupoirier, \u00e0 s\u00eatre impos\u00e9e dans une discipline longtemps tr\u00e8s masculine. De 2005 \u00e0 2016, elle fut la premi\u00e8re femme pr\u00e9sidente de lAssociation fran\u00e7aise de science politique. De son parcours, de ses travaux, elle parlera cet apr\u00e8s-midi avec les \u00e9tudiants de Sciences Po-Bordeaux; ils seront sans doute ravis de poser un visage et une voix sur un nom qui saffiche sur tant douvrages de leur biblioth\u00e8que.  Lami de Badr Hari, champion marocain de kick-boxing.. Les 3000 \u00e9tudiants et \u00e9tudiantes quelle accueille ont vocation \u00e0 rejoindre les m\u00e9tiers de la recherche, de lenseignement, du journalisme, de laction publique, de la communication, de l\u00e9dition.. <img decoding=\"async\" src=\"http:\/\/images.sudouest.fr\/images\/2010\/11\/19\/243609_14889395_460x306.jpg\" alt=\"rencontre sciences po sud ouest\" align=\"left\"> Directeur de la communication, des relations ext\u00e9rieures et institutionnelles En fait, cela avait constitu\u00e9 un v\u00e9ritable \u00e9v\u00e9nement ; dabord du fait de la richesse, de la profondeur et de la diversit\u00e9 de ses \u00e9crits dont les quatorze \u00e9tudiants de l\u00e9quipe de pr\u00e9paration s\u00e9taient partag\u00e9 la lecture ; aussi parce que, durant cette apr\u00e8s-midi ensoleill\u00e9e, plus de mille personnes, bien au del\u00e0 du monde universitaire, s\u00e9taient retrouv\u00e9es pour \u00e9couter cet intellectuel exigeant ; surtout parce que tout le monde avait \u00e9t\u00e9 frapp\u00e9 par sa disponibilit\u00e9 \u00e0 l\u00e9gard des \u00e9tudiants, ainsi que par la conviction avec laquelle il avait r\u00e9pondu aux questions pos\u00e9es par son jury, aussi bien pour synth\u00e9tiser de fa\u00e7on \u00e9clatante des pans entiers de ses th\u00e9ories que pour raconter, avec des d\u00e9tails \u00e9mouvants, des faits de son itin\u00e9raire personnel. Alors quil avait toujours \u00e9t\u00e9 tr\u00e8s discret sur lui-m\u00eame. <img decoding=\"async\" src=\"http:\/\/blog.slate.fr\/labo-journalisme-sciences-po\/files\/2016\/09\/macron.png\" alt=\"rencontre sciences po sud ouest\" align=\"left\"> Le maire peut-il interdire lutilisation des infrastructures sportives \u00e0 des clubs sportifs de la commune? sinterroge la s\u00e9natrice NI de Moselle, Christine Herzog. Et si oui, sur quel fondement juridique et avec quels risques, pour la commune, de faire face \u00e0 des recours possibles pour les clubs concern\u00e9s? La r\u00e9ponse du ministre de la Coh\u00e9sion des Territoires Is your network connection unstable or browser outdated? Journal Sud Ouest Archives-G\u00e9n\u00e9ration Robots-Blog Il en existe pourtant, m\u00eame si elles restent rares. Sibeth Ndiaye a r\u00e9cemment fait les frais de sur les r\u00e9seaux sociaux lors de sa nomination au porte-parolat du gouvernement. Sur Twitter, et mise en comp\u00e9tition avec Rama Yade, secr\u00e9taire dEtat sous la pr\u00e9sidence Sarkozy : la premi\u00e8re \u00e9tant jug\u00e9e provocante \u00e0 cause de ses cheveux afros, et la seconde respectueuse de la fonction. Une fa\u00e7on raciste de distinguer ce que serait une bonne noire dune mauvaise noire. S\u00eatre attaqu\u00e9 comme \u00e7a \u00e0 la coiffure afro dune personnalit\u00e9 publique, cest tr\u00e8s symptomatique, affirme une autre intervenante, M\u00e9lanie Wanga, co-cr\u00e9atrice des podcasts Le Tchip sur la pop culture noire et de Quoi de Meuf sur les f\u00e9minismes intersectionnels, cest une question tr\u00e8s sensible en France. Une illustration : cela faisait des ann\u00e9es que nous linvitions \u00e0 honorer de sa pr\u00e9sence une Rencontre I.E.P.Sud Ouest. Et chaque ann\u00e9e, il trouvait une justification pour r\u00e9pondre aimablement mais n\u00e9gativement ; parce quen fait, il voulait rester coh\u00e9rent avec sa critique des Grandes Ecoles ; il prenait donc un malin plaisir \u00e0 refuser notre invitation. Au printemps 1998, il avait avanc\u00e9 largument que sa sant\u00e9 lemp\u00eachait de prendre des engagements trop lointains.. Evidemment, nous ne lavions pas cru! Et m\u00eame, nous en avons plaisant\u00e9 avec lui, lors de son passage \u00e0 lI.E.P, en mars dernier..  Dans les r\u00e9dactions, les journalistes noires se retrouvent souvent isol\u00e9es, et risquent alors de se sentir ill\u00e9gitimes. Pour faire bouger les choses, M\u00e9lanie Wanga pl\u00e9biscite une forme de sororit\u00e9. On peut sappuyer sur des gens qui veulent aller dans le m\u00eame sens, peut-\u00eatre faire des projets en commun. Il ne faut pas rester isol\u00e9e, mais aller vers des gens qui font des choses que vous admirez. \u00catre ensemble pour \u00eatre plus fortes. Et ne plus jamais \u00eatre invisibles. Des Face-\u00e0-Face instaurant un dialogue contradictoire entre deux personnalit\u00e9s, selon des principes voisins de ceux des Grands Oraux. Interrompue mi-mars par la crise du Covid-19 et le confinement, la campagne des municipales reprend subrepticement \u00e0 la faveur du d\u00e9confinement. Les services associations des collectivit\u00e9s locales, le site associations.gouv.fr, le R\u00e9seau des maisons des associations, les DLA, les CRIB,, divers groupes sur Facebook.. Apportent des r\u00e9ponses diverses et vari\u00e9es aux questions que se posent les responsables dassociations ou celles et ceux qui ont pour projet de cr\u00e9er une association. Integrating your curated content to your website or blog will allow you to increase your website visitors engagement, boost SEO and acquire new visitors. By redirecting your social media traffic to your website, Scoop.it will also help you generate more qualified traffic and leads from your curation work.  <img decoding=\"async\" src=\"http:\/\/130.com.ua\/published\/publicdata\/AUTO\/attachments\/SC\/products_pictures\/DVD-receiver-Challenger-DVA-9700_2_enl.jpg\" alt=\"rencontre sciences po sud ouest\" align=\"right\">.<\/p>\n","protected":false},"excerpt":{"rendered":"<p>rencontre sciences po sud ouest<\/p>\n","protected":false},"author":1,"featured_media":0,"comment_status":"closed","ping_status":"closed","sticky":false,"template":"","format":"standard","meta":{"footnotes":""},"categories":[1],"tags":[],"_links":{"self":[{"href":"http:\/\/intranet.asbl.ca\/blog\/wp-json\/wp\/v2\/posts\/4323"}],"collection":[{"href":"http:\/\/intranet.asbl.ca\/blog\/wp-json\/wp\/v2\/posts"}],"about":[{"href":"http:\/\/intranet.asbl.ca\/blog\/wp-json\/wp\/v2\/types\/post"}],"author":[{"embeddable":true,"href":"http:\/\/intranet.asbl.ca\/blog\/wp-json\/wp\/v2\/users\/1"}],"replies":[{"embeddable":true,"href":"http:\/\/intranet.asbl.ca\/blog\/wp-json\/wp\/v2\/comments?post=4323"}],"version-history":[{"count":1,"href":"http:\/\/intranet.asbl.ca\/blog\/wp-json\/wp\/v2\/posts\/4323\/revisions"}],"predecessor-version":[{"id":4324,"href":"http:\/\/intranet.asbl.ca\/blog\/wp-json\/wp\/v2\/posts\/4323\/revisions\/4324"}],"wp:attachment":[{"href":"http:\/\/intranet.asbl.ca\/blog\/wp-json\/wp\/v2\/media?parent=4323"}],"wp:term":[{"taxonomy":"category","embeddable":true,"href":"http:\/\/intranet.asbl.ca\/blog\/wp-json\/wp\/v2\/categories?post=4323"},{"taxonomy":"post_tag","embeddable":true,"href":"http:\/\/intranet.asbl.ca\/blog\/wp-json\/wp\/v2\/tags?post=4323"}],"curies":[{"name":"wp","href":"https:\/\/api.w.org\/{rel}","templated":true}]}}