{"id":4331,"date":"2020-09-28T11:19:57","date_gmt":"2020-09-28T11:19:57","guid":{"rendered":"http:\/\/intranet.asbl.ca\/blog\/?p=4331"},"modified":"2020-09-23T01:51:26","modified_gmt":"2020-09-23T01:51:26","slug":"rencontre-algerie-maroc-foot","status":"publish","type":"post","link":"http:\/\/intranet.asbl.ca\/blog\/2020\/09\/28\/rencontre-algerie-maroc-foot\/","title":{"rendered":"Rencontre Algerie Maroc Foot"},"content":{"rendered":"<p>Du c\u00f4t\u00e9 de l\u00e9quipe nationale marocaine, le s\u00e9lectionneur bosnien Vahid Halilhodzic approuve bien lid\u00e9e de linstance nationale. Il jugerait pr\u00e9f\u00e9rable dorganiser un match amical contre les Champions dAfrique pour pr\u00e9parer sa future CAN, soutient la m\u00eame source. 20h00 beIN 2 beIN Classics-Euro Classic 2004 Phase de Groupe France Angleterre  13 mars 1980 Ibadan, Nigeria Alg\u00e9rie-Maroc 1-0 CAN 1980 Benjamin Da Silva couvre d\u00e9loges Francis Coquelin et Geoffrey Kondogbia, les deux milieux fran\u00e7ais de Valence qui reprend la Liga vendredi face \u00e0 Levante 22h00-beIN SPORTS MAX 7. This website is using a security service to protect itself from online attacks. The action you just performed triggered the security solution. There are several actions that could trigger this block including submitting a certain word or phrase, a SQL command or malformed data. <img decoding=\"async\" src=\"http:\/\/centrafriquefootball.cf\/wp-content\/uploads\/Alg%C3%A9rie-Centrafrique-e1412029577161.jpg\" alt=\"rencontre algerie maroc foot\" align=\"left\">  La f\u00e9d\u00e9ration alg\u00e9rienne et la conf\u00e9d\u00e9ration africaine nont pas encore comment\u00e9 cette situation, a indiqu\u00e9 le portail. Tous les matches seront disponibles ici lorsquils auront \u00e9t\u00e9 officiellement confirm\u00e9s LesVerts TeamDZ LesFennecs 123VivaLAlgerie? ALGMARPubli\u00e9e par sur Alg\u00e9rie-Maroc: suivez le match en direct CHAN 2020 Carquefou est une ville au nord-est de la m\u00e9tropole nantaise, conjuguant d\u00e9veloppement urbain, verdure, services et convivialit\u00e9. La moiti\u00e9 de sa population a moins de 30 ans. <img decoding=\"async\" src=\"http:\/\/www.2022mag.com\/wp-content\/uploads\/2015\/02\/Algerie-Bresil.jpg\" alt=\"rencontre algerie maroc foot\" align=\"center\">  Conception, entretien et usages des espaces publics Wikipedia est une marque d\u00e9pos\u00e9e de la, organisation de bienfaisance r\u00e9gie par le paragraphe du code fiscal des \u00c9tats-Unis. <img decoding=\"async\" src=\"http:\/\/www.elmoudjahid.com\/temp\/fr\/actualite2[8957].jpg\" alt=\"rencontre algerie maroc foot\" align=\"left\"> Would you like to suggest this photo as the cover photo for this article? Apr\u00e8s le Premier ministre alg\u00e9rien, son chef de la diplomatie Ramtane Lamamra sest rendu \u00e0 Oman, aux \u00c9mirats arabes unis, \u00e0 Bahre\u00efn et au Qatar. Dans ces pays, lAgence de presse officielle alg\u00e9rienne, APS, a annonc\u00e9 des partenariats dans divers domaines, ainsi que la volont\u00e9 dAlger de coop\u00e9rer au niveau s\u00e9curitaire et en mati\u00e8re de lutte contre le terrorisme dans la r\u00e9gion. Un autre domaine d\u00e9j\u00e0 investi par le Maroc. 3-Un forum \u00e0 Alger pour r\u00e9unir les hommes daffaires africains EN A: Alg\u00e9rie-Maroc, heure et cha\u00eene de diffusion pour la rencontre Le report de ce match cl\u00e9 pour les Lions de lAtlas pourrait permettre \u00e0 Jamal Sellami, entra\u00eeneur de l\u00e9quipe marocaine, de se concentrer ainsi sur la pr\u00e9paration de l\u00e9quipe pour quelle soit qualifi\u00e9e \u00e0 la Coupe dAfrique des nations 2019.<\/p>\n","protected":false},"excerpt":{"rendered":"<p>rencontre algerie maroc foot<\/p>\n","protected":false},"author":1,"featured_media":0,"comment_status":"closed","ping_status":"closed","sticky":false,"template":"","format":"standard","meta":{"footnotes":""},"categories":[1],"tags":[],"_links":{"self":[{"href":"http:\/\/intranet.asbl.ca\/blog\/wp-json\/wp\/v2\/posts\/4331"}],"collection":[{"href":"http:\/\/intranet.asbl.ca\/blog\/wp-json\/wp\/v2\/posts"}],"about":[{"href":"http:\/\/intranet.asbl.ca\/blog\/wp-json\/wp\/v2\/types\/post"}],"author":[{"embeddable":true,"href":"http:\/\/intranet.asbl.ca\/blog\/wp-json\/wp\/v2\/users\/1"}],"replies":[{"embeddable":true,"href":"http:\/\/intranet.asbl.ca\/blog\/wp-json\/wp\/v2\/comments?post=4331"}],"version-history":[{"count":1,"href":"http:\/\/intranet.asbl.ca\/blog\/wp-json\/wp\/v2\/posts\/4331\/revisions"}],"predecessor-version":[{"id":4332,"href":"http:\/\/intranet.asbl.ca\/blog\/wp-json\/wp\/v2\/posts\/4331\/revisions\/4332"}],"wp:attachment":[{"href":"http:\/\/intranet.asbl.ca\/blog\/wp-json\/wp\/v2\/media?parent=4331"}],"wp:term":[{"taxonomy":"category","embeddable":true,"href":"http:\/\/intranet.asbl.ca\/blog\/wp-json\/wp\/v2\/categories?post=4331"},{"taxonomy":"post_tag","embeddable":true,"href":"http:\/\/intranet.asbl.ca\/blog\/wp-json\/wp\/v2\/tags?post=4331"}],"curies":[{"name":"wp","href":"https:\/\/api.w.org\/{rel}","templated":true}]}}