{"id":4339,"date":"2020-09-28T15:36:39","date_gmt":"2020-09-28T15:36:39","guid":{"rendered":"http:\/\/intranet.asbl.ca\/blog\/?p=4339"},"modified":"2020-09-23T02:05:09","modified_gmt":"2020-09-23T02:05:09","slug":"rencontre-alzheimer","status":"publish","type":"post","link":"http:\/\/intranet.asbl.ca\/blog\/2020\/09\/28\/rencontre-alzheimer\/","title":{"rendered":"Rencontre Alzheimer"},"content":{"rendered":"<p>3\u00e8me Rencontre des A\u00een\u00e9s : M\u00e9moire et maladie dAlzheimer Professeur de Psychiatrie Directeur de lInstitut de la M\u00e9moire et de la Maladie dAlzheimer IMMA Pureplayer lanc\u00e9 en avril 2008, le Lyon Bondy Blog se veut \u00eatre l\u00e9cho de lactualit\u00e9 des quartiers populaires de lagglom\u00e9ration lyonnaise. Laccueil de jour : il a pour objectif de soulager les familles, relayer les aidants et \u00e9tablir ou r\u00e9 \u00e9tablir un lien social \u00e0 lext\u00e9rieur du domicile. Une ou plusieurs fois par semaine, l\u00e9quipe form\u00e9e propose des activit\u00e9s vari\u00e9es et adapt\u00e9es dans un cadre s\u00e9curis\u00e9. Il est ouvert tous les jours de 10h \u00e0 17h30, en dehors des week-end et jours f\u00e9ri\u00e9s. Laccompagnement, le soin, les loisirs Amoureux de la Provence, d\u00e9cryptez chaque mois la Chronique Proven\u00e7ale.. En Reagan Raps Press on Botulism Quote, The Los Angeles Times, Los Angeles, California, 14 mars 1974. Loccasion pour le Pr Mathieu CECCALDI, Chef du service de Neurologie et Neuropsychologie de lH\u00f4pital de la Timone AP-HM, Coordonnateur du Centre M\u00e9moire de Ressources et de Recherche Alzheimer PACA Ouest, Responsable de la Chaire Vieillissement et Sant\u00e9 de la Fondation Sport Sant\u00e9 et D\u00e9veloppement Durable-Aix Marseille Universit\u00e9 et Pr\u00e9sident du Conseil Scientifique Sciences M\u00e9dicales France Alzheimer, de faire le point sur la prise en charge des patients et les difficult\u00e9s des aidants. En Revenue Effects of Major Tax Bills, United States Department of the Treasury, Office of Tax Analysis, 2003, consult\u00e9 le 28 novembre 2007. Abonnez-vous pour \u00eatre averti des nouveaux articles publi\u00e9s. Ce mode permet doptimiser le confort de lecture et de r\u00e9duire la fatigue oculaire. Pour cette 2\u00e8me \u00e9dition, nous retrouvons nos amis allemands \u00e0 Murnau. Nous parcourons la for\u00eat bavaroise enneig\u00e9e, naviguons sur le lac de Access denied ddrw.broco200.com used Cloudflare to restrict access Malgr\u00e9 une tentative infructueuse pour le faire d\u00e9missionner en 1968, Reagan fut r\u00e9\u00e9lu en 1970 face \u00e0. Lune des principales d\u00e9ceptions de Reagan lors son mandat concernait la peine de mort dont il \u00e9tait un fervent partisan. Ses efforts pour faire appliquer les lois de l\u00e9tat sur le sujet furent contrecarr\u00e9s lorsque la rendit son jugement dans laffaire qui invalidait toutes les condamnations \u00e0 mort prononc\u00e9es en Californie avant le 12 avril 1972 m\u00eame si la d\u00e9cision fut par la suite annul\u00e9e par un amendement constitutionnel. La seule ex\u00e9cution r\u00e9alis\u00e9e lors du mandat de Reagan fut celle dAaron Mitchell dans la de la prison de le 12 avril 1967. <img decoding=\"async\" src=\"http:\/\/framework.agevillage.com\/documents\/images\/entretiens_ifrad_2013.jpg\" alt=\"rencontre alzheimer\" align=\"left\"> Le pr\u00e9sident Ronald Reagan gauche et le secr\u00e9taire g\u00e9n\u00e9ral se rencontrent en 1985. Le salon CHINA AID f\u00eatera ses 20 ans du 11 au 13 juin 2020 au New International Expo Center de Shanghai. CHINA AID sest impos\u00e9 comme un salon incontournable des seniors en Chine. Ce salon international des soins.. A loccasion de cette rencontre St\u00e9phanie Riotte, psychologue et G\u00e9rard Simon, g\u00e9riatre tenteront de r\u00e9pondre \u00e0 ces questions. <img decoding=\"async\" src=\"http:\/\/www.aide-aux-aidants.com\/client\/gfx\/utilisateur\/Image\/affiche-aprem-asso-carcans2018.jpg\" alt=\"rencontre alzheimer\" align=\"right\"> Lilly Marcou, Les h\u00e9ritiers, Paris, Pygmallion, 2004, p 147-148. Si\u00e8ge social Route de Louvain-La-Neuve, 4 bte2 5001 Belgrade Un quart des morts pr\u00e9matur\u00e9es et des maladies dans le monde sont li\u00e9es \u00e0 la pollution environnementale caus\u00e9e par lhomme, selon un rapport de lONU..  Vous b\u00e9n\u00e9ficiez dun droit dacc\u00e8s et de rectification de vos donn\u00e9es personnelles, ainsi que celui den demander leffacement dans les limites pr\u00e9vues par la loi. <img decoding=\"async\" src=\"http:\/\/cdn.purple.fr\/2e91346910554d7bb7b214cd79add9cd\/static.purple.fr\/2015\/06\/MG_3412-NB_PFM16_RVB_0015-683x1024.jpg\/400x580c\/MG_3412-NB_PFM16_RVB_0015-683x1024.jpg\" alt=\"rencontre alzheimer\" align=\"left\"> Save my name, email, and website in this browser for the next time I comment., U.S. Treasury Department consult\u00e9 le 8 septembre 2010.  Rencontre sans fronti\u00e8res est un programme europ\u00e9en n\u00e9 en 2011. Il a \u00e9t\u00e9 initi\u00e9 par deux associations, unies par une vision et une .<\/p>\n","protected":false},"excerpt":{"rendered":"<p>rencontre alzheimer<\/p>\n","protected":false},"author":1,"featured_media":0,"comment_status":"closed","ping_status":"closed","sticky":false,"template":"","format":"standard","meta":{"footnotes":""},"categories":[1],"tags":[],"_links":{"self":[{"href":"http:\/\/intranet.asbl.ca\/blog\/wp-json\/wp\/v2\/posts\/4339"}],"collection":[{"href":"http:\/\/intranet.asbl.ca\/blog\/wp-json\/wp\/v2\/posts"}],"about":[{"href":"http:\/\/intranet.asbl.ca\/blog\/wp-json\/wp\/v2\/types\/post"}],"author":[{"embeddable":true,"href":"http:\/\/intranet.asbl.ca\/blog\/wp-json\/wp\/v2\/users\/1"}],"replies":[{"embeddable":true,"href":"http:\/\/intranet.asbl.ca\/blog\/wp-json\/wp\/v2\/comments?post=4339"}],"version-history":[{"count":1,"href":"http:\/\/intranet.asbl.ca\/blog\/wp-json\/wp\/v2\/posts\/4339\/revisions"}],"predecessor-version":[{"id":4340,"href":"http:\/\/intranet.asbl.ca\/blog\/wp-json\/wp\/v2\/posts\/4339\/revisions\/4340"}],"wp:attachment":[{"href":"http:\/\/intranet.asbl.ca\/blog\/wp-json\/wp\/v2\/media?parent=4339"}],"wp:term":[{"taxonomy":"category","embeddable":true,"href":"http:\/\/intranet.asbl.ca\/blog\/wp-json\/wp\/v2\/categories?post=4339"},{"taxonomy":"post_tag","embeddable":true,"href":"http:\/\/intranet.asbl.ca\/blog\/wp-json\/wp\/v2\/tags?post=4339"}],"curies":[{"name":"wp","href":"https:\/\/api.w.org\/{rel}","templated":true}]}}