{"id":4503,"date":"2020-09-29T07:51:44","date_gmt":"2020-09-29T07:51:44","guid":{"rendered":"http:\/\/intranet.asbl.ca\/blog\/?p=4503"},"modified":"2020-09-23T07:50:16","modified_gmt":"2020-09-23T07:50:16","slug":"facebook-rencontre-bourgogne","status":"publish","type":"post","link":"http:\/\/intranet.asbl.ca\/blog\/2020\/09\/29\/facebook-rencontre-bourgogne\/","title":{"rendered":"Facebook Rencontre Bourgogne"},"content":{"rendered":"<p>Le temps de consultation est fix\u00e9 \u00e0 30 minutes et est gratuit dans la limite dune heure par jour maximum. Nos Petit Chablis sont produits sur les plateaux au-dessus des premiers crus et des grands crus de Chablis sur des terrains argilo-calcaires, do\u00f9 des vins frais et fruit\u00e9s \u00e0 boire relativement jeunes. Cin\u00e9tique de lapparition des anticorps anti-covid-19 Quelles solutions de financement soffrent \u00e0 vous-de communiquer au travers dune \u00e9dition des actes dans un num\u00e9ro de la revue scientifique Bourgogne-Nature. Par qui? <img decoding=\"async\" src=\"http:\/\/www.patriarche.com\/assets\/content\/upload\/images\/1.jpg\" alt=\"facebook rencontre bourgogne\" align=\"center\"> Composition et biographies des membres du cabinet du Ministre-pr\u00e9l\u00e8vements chez les enfants de moins de 5 ans. Inscription \u00e0 la lettre dinformation de lASAC Bourgogne <img decoding=\"async\" src=\"http:\/\/www.crl-bourgogne.org\/upload\/201610_prog_avallon.jpg\" alt=\"facebook rencontre bourgogne\" align=\"center\"> En fonction des demandes et besoins des partenaires lyc\u00e9es, organismes de formation, coll\u00e8ges, etc. Lanimatrice du CRIJ Bourgogne-Franche-Comt\u00e9 organise des animations collectives sur des th\u00e9matiques de lInformation Jeunesse :  Brut, Premier cru, Ros\u00e9, Blanc de Blancs, Mill\u00e9sim\u00e9, grand format.. En respectant la nature et lenvironnement et en prot\u00e9geant la biodiversit\u00e9, 16e rencontres Bourgogne-Franche-Comt\u00e9 Nature \u00e0 Saint-Brisson 58 Les Vacances Engag\u00e9es cest 5 jours du 2 au 6 juillet de rencontres, de r\u00e9flexion et construction collective, LAFB pr\u00e9sentera l \u00e9valuation mondiale de la biodiversit\u00e9 approuv\u00e9e par lIPBES plateforme intergouvernementale sur la biodiversit\u00e9 et les services \u00e9cosyst\u00e9miques. Les directions r\u00e9gionales Bourgogne-Franche-Comt\u00e9 de lAFB et de lOffice national de la chasse et de la de faune sauvage ONFCS animeront un stand commun dans la perspective de la. <img decoding=\"async\" src=\"http:\/\/www.bourgogne-infos.com\/medias\/37403\/bourgogne-derniers-jours-pour-repondre-a-l-appel-a-communication-en-vue-des-15e-rencontres-bourgogne-nature-495019.jpg\" alt=\"facebook rencontre bourgogne\" align=\"center\"> le biais de ce nouveau chat gratuit webcam qui vous garantit beaucoup de bons moments. Facebook Dating cherche \u00e0 se diff\u00e9rencier de ses concurrents en privil\u00e9giant les rencontres bas\u00e9es sur les m\u00eames centres dint\u00e9r\u00eats, visible sur le profil principal. Ainsi, pas besoin de swiper ou dattendre que quelquun sint\u00e9resse \u00e0 vous pour avoir une chance, souligne Facebook. Si quelquun vous pla\u00eet, vous pouvez directement commenter sur son profil. LALESA association des lyc\u00e9ens, \u00e9tudiants, stagiaires et apprentis du lyc\u00e9e de Fontaines a sa web radio.  La plateforme jeune public de Bourgogne Franche-Comt\u00e9 ambitionne que les acteurs des arts pour la jeunesse de la nouvelle grande r\u00e9gion, quils soient artistes, auteurs, programmateurs, charg\u00e9s de diffusion, administratifs ou \u00e9lus puissent se rencontrer et travailler ensemble avec bienveillance. .<\/p>\n","protected":false},"excerpt":{"rendered":"<p>facebook rencontre bourgogne<\/p>\n","protected":false},"author":1,"featured_media":0,"comment_status":"closed","ping_status":"closed","sticky":false,"template":"","format":"standard","meta":{"footnotes":""},"categories":[1],"tags":[],"_links":{"self":[{"href":"http:\/\/intranet.asbl.ca\/blog\/wp-json\/wp\/v2\/posts\/4503"}],"collection":[{"href":"http:\/\/intranet.asbl.ca\/blog\/wp-json\/wp\/v2\/posts"}],"about":[{"href":"http:\/\/intranet.asbl.ca\/blog\/wp-json\/wp\/v2\/types\/post"}],"author":[{"embeddable":true,"href":"http:\/\/intranet.asbl.ca\/blog\/wp-json\/wp\/v2\/users\/1"}],"replies":[{"embeddable":true,"href":"http:\/\/intranet.asbl.ca\/blog\/wp-json\/wp\/v2\/comments?post=4503"}],"version-history":[{"count":1,"href":"http:\/\/intranet.asbl.ca\/blog\/wp-json\/wp\/v2\/posts\/4503\/revisions"}],"predecessor-version":[{"id":4504,"href":"http:\/\/intranet.asbl.ca\/blog\/wp-json\/wp\/v2\/posts\/4503\/revisions\/4504"}],"wp:attachment":[{"href":"http:\/\/intranet.asbl.ca\/blog\/wp-json\/wp\/v2\/media?parent=4503"}],"wp:term":[{"taxonomy":"category","embeddable":true,"href":"http:\/\/intranet.asbl.ca\/blog\/wp-json\/wp\/v2\/categories?post=4503"},{"taxonomy":"post_tag","embeddable":true,"href":"http:\/\/intranet.asbl.ca\/blog\/wp-json\/wp\/v2\/tags?post=4503"}],"curies":[{"name":"wp","href":"https:\/\/api.w.org\/{rel}","templated":true}]}}