{"id":4543,"date":"2020-09-29T19:38:02","date_gmt":"2020-09-29T19:38:02","guid":{"rendered":"http:\/\/intranet.asbl.ca\/blog\/?p=4543"},"modified":"2020-09-23T09:44:50","modified_gmt":"2020-09-23T09:44:50","slug":"rencontre-inter-sessad","status":"publish","type":"post","link":"http:\/\/intranet.asbl.ca\/blog\/2020\/09\/29\/rencontre-inter-sessad\/","title":{"rendered":"Rencontre Inter Sessad"},"content":{"rendered":"<p><img decoding=\"async\" src=\"http:\/\/www.lespapillonsblancs21.org\/images\/stories\/img\/sessadthais.jpg\" alt=\"rencontre inter sessad\" align=\"right\"> LAPF met une certaine coquetterie \u00e0 marquer sa diff\u00e9rence en continuant des enfants et adolescents handicap\u00e9s : 1 soit de pr\u00e9f\u00e9rence en accueillant et organis\u00e9, il reste \u00e0 marquer, parmi les moyens mis en place par <img decoding=\"async\" src=\"http:\/\/www.codes06.org\/arkotheque\/client\/codes06\/newsletter_archives\/sism2015nice.jpg\" alt=\"rencontre inter sessad\" align=\"left\"> La taxe dapprentissage, imp\u00f4t vers\u00e9 par les entreprises \u00e0 un organisme collecteur, permet de financer les d\u00e9penses n\u00e9cessaires au d\u00e9veloppement de lenseignement technologique, professionnel et de lapprentissage. Aujourdhui cest Brian et S\u00e9bastien qui aident Patrick \u00e0 d\u00e9barrasser les tables Du r\u00e9fectoire Inscrivez-vous \u00e0 notre newsletter et restez inform\u00e9 de notre actualit\u00e9, de la vie de nos \u00e9tablissements, Le javascript nest pas activ\u00e9 sur votre navigateur, ce site \u00e0 besoin de Javascript afin de fonctionner correctement. SESSAD-Services dEducation Sp\u00e9cialis\u00e9e et de Soins \u00e0 Domicile-Centre de Ressources Autisme Rh\u00f4ne-Alpes-CRA <img decoding=\"async\" src=\"http:\/\/www.apajh81.org\/wp-content\/uploads\/2017\/10\/MAS-6.jpg\" alt=\"rencontre inter sessad\" align=\"center\"> Pour les personnes handicap\u00e9es qui ont pu basculer en t\u00e9l\u00e9travail, ladaptation peut sav\u00e9rer compliqu\u00e9e. Hakim Kasmi, grand reporter au service \u00e9conomique et social de France Culture, en a fait lexp\u00e9rience. Il a fallu adapter ses outils informatiques, ce qui na pas \u00e9t\u00e9 une mince affaire. Mais aujourdhui il dit avoir gagn\u00e9 en autonomie, et cest la bonne nouvelle, je pourrai d\u00e9sormais envoyer moi m\u00eame un reportage par mail quand je suis \u00e0 lext\u00e9rieur, sans demander de laide \u00e0 quelquun, cest une vraie r\u00e9volution! Vous mauriez pos\u00e9 la question il y a un mois, je vous aurai dit, cest impossible!. Sp\u00e9cialis\u00e9s, psychomotricien, orthophoniste.. Titres IV et VI. Le service Collaboration, suivi, coordination du projet et du parcours de lenfant. La finalit\u00e9 du projet d\u00e9tablissement est daider les jeunes :  Ces ateliers sont adapt\u00e9s au profil des jeunes accueillis et tiennent compte de leur app\u00e9tence, acquis : la qualit\u00e9 des soins, laccessibilit\u00e9 aux soins et \u00e0 linnovation, la continuit\u00e9 et la permanence des soins.., la recherche et l\u00e9thique. Elle remet par ailleurs au gouvernement et aux partenaires institutionnels..  organis\u00e9 des formations mutualis\u00e9es, inter \u00e9tablissements Nous inscrivons notre action au regard des recommandations de lAnesm, tant au niveau du projet du jeune que du travail avec les familles.  Les enfants sont r\u00e9partis en deux groupes en fonction : de leur fragilit\u00e9 sant\u00e9 et de leurs capacit\u00e9s motrices. Jeudi, Mohamed-Amine Bouriga na pas h\u00e9sit\u00e9 \u00e0 plonger pour sauver un homme qui tentait de se suicider.<\/p>\n","protected":false},"excerpt":{"rendered":"<p>rencontre inter sessad<\/p>\n","protected":false},"author":1,"featured_media":0,"comment_status":"closed","ping_status":"closed","sticky":false,"template":"","format":"standard","meta":{"footnotes":""},"categories":[1],"tags":[],"_links":{"self":[{"href":"http:\/\/intranet.asbl.ca\/blog\/wp-json\/wp\/v2\/posts\/4543"}],"collection":[{"href":"http:\/\/intranet.asbl.ca\/blog\/wp-json\/wp\/v2\/posts"}],"about":[{"href":"http:\/\/intranet.asbl.ca\/blog\/wp-json\/wp\/v2\/types\/post"}],"author":[{"embeddable":true,"href":"http:\/\/intranet.asbl.ca\/blog\/wp-json\/wp\/v2\/users\/1"}],"replies":[{"embeddable":true,"href":"http:\/\/intranet.asbl.ca\/blog\/wp-json\/wp\/v2\/comments?post=4543"}],"version-history":[{"count":1,"href":"http:\/\/intranet.asbl.ca\/blog\/wp-json\/wp\/v2\/posts\/4543\/revisions"}],"predecessor-version":[{"id":4544,"href":"http:\/\/intranet.asbl.ca\/blog\/wp-json\/wp\/v2\/posts\/4543\/revisions\/4544"}],"wp:attachment":[{"href":"http:\/\/intranet.asbl.ca\/blog\/wp-json\/wp\/v2\/media?parent=4543"}],"wp:term":[{"taxonomy":"category","embeddable":true,"href":"http:\/\/intranet.asbl.ca\/blog\/wp-json\/wp\/v2\/categories?post=4543"},{"taxonomy":"post_tag","embeddable":true,"href":"http:\/\/intranet.asbl.ca\/blog\/wp-json\/wp\/v2\/tags?post=4543"}],"curies":[{"name":"wp","href":"https:\/\/api.w.org\/{rel}","templated":true}]}}