{"id":4561,"date":"2020-09-29T01:42:08","date_gmt":"2020-09-29T01:42:08","guid":{"rendered":"http:\/\/intranet.asbl.ca\/blog\/?p=4561"},"modified":"2020-09-23T10:28:52","modified_gmt":"2020-09-23T10:28:52","slug":"rencontres-rh","status":"publish","type":"post","link":"http:\/\/intranet.asbl.ca\/blog\/2020\/09\/29\/rencontres-rh\/","title":{"rendered":"Rencontres Rh"},"content":{"rendered":"<p>Faites vous extr\u00eamement bien accompagner et soyez en veille r\u00e9glementaire et l\u00e9gale en permanence! 4-Diversifier et inclure Pour \u00e9viter les pertes de motivation voire les d\u00e9parts, pour toujours garder les collaborateurs engag\u00e9s, il est n\u00e9cessaire pour les RH de bien savoir accompagner le changement. Etre les leaders de cet accompagnement au changement est n\u00e9cessaire. Le pire est bien un service RH qui ne peut pas changer. 7-Motiver et engager Please enable Strictly Necessary Cookies first so that we can save your preferences! Paris Marriott Rive Gauche Hotel Conference Center pourra sy r\u00e9f\u00e9rer pour programmer une \u00e9ventuelle participation soit en tant quIntervenant ou en tant que simple auditeur. En tant quacteur majeur de laccompagnement en gestion des dirigeants, In Extenso Social a d\u00e9cid\u00e9 dinitier un rendez-vous r\u00e9gional annuel visant \u00e0 informer, \u00e9changer et proposer des solutions innovantes en mati\u00e8re de RH. Cet \u00e9v\u00e9nement sadresse aux dirigeants, DRH, RRH, responsable administratifs et paie et aux DAF. Votre adresse de messagerie est uniquement utilis\u00e9e pour vous envoyer les lettres dinformation du portail Ma Solution Num\u00e9rique op\u00e9r\u00e9 par la R\u00e9gion Auvergne-Rh\u00f4ne-Alpes. Vous pouvez \u00e0 tout moment utiliser le lien de d\u00e9sabonnement int\u00e9gr\u00e9 \u00e0 chaque lettre dinformation.  <img decoding=\"async\" src=\"http:\/\/4.bp.blogspot.com\/-vyiCrD7voVM\/UusPGAjVGQI\/AAAAAAAAEdE\/2T3uGWtTKMA\/s1600\/Mme+Desaulle+Pr%C3%A9sidente+du+College+des+Directeurs+des+ARS+-+RH+et+Finance+-+Cabinet+J%C3%A9gard+-+Barthelemy+Avocats.jpg\" alt=\"rencontres rh\" align=\"right\"> France urbaine, lANPP et RED signent une tribune pour r\u00e9affirmer la n\u00e9cessaire coop\u00e9ration interterritoriale des territoires de projet urbains, ruraux et p\u00e9riurbains.  Date : du 4 au 8 novembre 2019. Lieu : 1, quai Branly. 75015 Paris  Rencontre avec Coursefit, une startup qui propose une plateforme personnalis\u00e9e de learning en utilisant une intelligence artificielle qui scanne tous les parcours pour adapter la solution \u00e0 chaque salari\u00e9. Date : les 18 et 19 novembre 2019. Lieu : 50, quai Charles de Gaulle. 69006 Lyon RH-Rencontres dAffaires Francophones Internationales-By Mission Internationale-mydigitalweek De favoriser lacquisition et le d\u00e9veloppement de comp\u00e9tences. Larticle na pas \u00e9t\u00e9 envoy\u00e9-V\u00e9rifiez vos adresses e-mail! <img decoding=\"async\" src=\"http:\/\/inscription-seminaire.fr\/uploads\/couverture.jpg\" alt=\"rencontres rh\" align=\"center\"> <img decoding=\"async\" src=\"http:\/\/pacte.ca-centrest.fr\/wp-content\/uploads\/2016\/05\/visuel-euro-1024x707.jpg\" alt=\"rencontres rh\" align=\"center\"> Manager exp\u00e9riment\u00e9, expert dans votre secteur dactivit\u00e9, ouvert \u00e0 de nouvelles opportunit\u00e9s?<\/p>\n","protected":false},"excerpt":{"rendered":"<p>rencontres rh<\/p>\n","protected":false},"author":1,"featured_media":0,"comment_status":"closed","ping_status":"closed","sticky":false,"template":"","format":"standard","meta":{"footnotes":""},"categories":[1],"tags":[],"_links":{"self":[{"href":"http:\/\/intranet.asbl.ca\/blog\/wp-json\/wp\/v2\/posts\/4561"}],"collection":[{"href":"http:\/\/intranet.asbl.ca\/blog\/wp-json\/wp\/v2\/posts"}],"about":[{"href":"http:\/\/intranet.asbl.ca\/blog\/wp-json\/wp\/v2\/types\/post"}],"author":[{"embeddable":true,"href":"http:\/\/intranet.asbl.ca\/blog\/wp-json\/wp\/v2\/users\/1"}],"replies":[{"embeddable":true,"href":"http:\/\/intranet.asbl.ca\/blog\/wp-json\/wp\/v2\/comments?post=4561"}],"version-history":[{"count":1,"href":"http:\/\/intranet.asbl.ca\/blog\/wp-json\/wp\/v2\/posts\/4561\/revisions"}],"predecessor-version":[{"id":4562,"href":"http:\/\/intranet.asbl.ca\/blog\/wp-json\/wp\/v2\/posts\/4561\/revisions\/4562"}],"wp:attachment":[{"href":"http:\/\/intranet.asbl.ca\/blog\/wp-json\/wp\/v2\/media?parent=4561"}],"wp:term":[{"taxonomy":"category","embeddable":true,"href":"http:\/\/intranet.asbl.ca\/blog\/wp-json\/wp\/v2\/categories?post=4561"},{"taxonomy":"post_tag","embeddable":true,"href":"http:\/\/intranet.asbl.ca\/blog\/wp-json\/wp\/v2\/tags?post=4561"}],"curies":[{"name":"wp","href":"https:\/\/api.w.org\/{rel}","templated":true}]}}