{"id":4585,"date":"2020-09-29T10:47:01","date_gmt":"2020-09-29T10:47:01","guid":{"rendered":"http:\/\/intranet.asbl.ca\/blog\/?p=4585"},"modified":"2020-09-23T11:21:04","modified_gmt":"2020-09-23T11:21:04","slug":"parking-rencontre-correze","status":"publish","type":"post","link":"http:\/\/intranet.asbl.ca\/blog\/2020\/09\/29\/parking-rencontre-correze\/","title":{"rendered":"Parking Rencontre Correze"},"content":{"rendered":"<p>Retour sur cette belle initiative avec les qui ont cr\u00e9\u00e9 des masques dans tout le. Lh\u00f4tel Restaurant du Lac de la Triouzoune \u00e0 Neuvic.. Un avant-go\u00fbt de Corr\u00e8ze&#8230; Et en toutes discr\u00e9tion si vous voulez plus dinformations contacter nous en priv\u00e9 svp. Pas dhommes accept\u00e9s. Nous vous attendons avec impatience nh\u00e9siter pas de pass\u00e9 en priv\u00e9 pour plus dinformations merci a tr\u00e8s bient\u00f4t. \u0397 \u03c7\u03b5\u03b9\u03c1\u03bf\u03c4\u03b5\u03c1\u03b7 \u03b5\u03b2\u03b4\u03bf\u03bc\u03b1\u03b4\u03b1 \u03c4\u03b7\u03c2 \u03b6\u03c9\u03b7\u03c2 \u03bc\u03bf\u03c5 2\u03bf \u03b5\u03c0\u03b5\u03b9\u03c3\u03bf\u03b4\u03b9\u03bf \u039c\u03b7\u03c7\u03b1\u03bd\u03ae\u03bc\u03b1\u03c4\u03b1 \u03b5\u03bb\u03ad\u03b3\u03c7\u03bf\u03c5 \u03b4\u03c1\u03c9\u03bc\u03b5\u03bd\u03b1 \u03b8\u03b5\u03c3\u03c3\u03b1\u03bb\u03bf\u03bd\u03b9\u03ba\u03b7 2015 Samedi matin, les Mervillois de la Cit\u00e9 des Fleurs avaient rendez-vous pour faire le point avec la municipalit\u00e9. On essaie de rencontrer les habitants pour r\u00e9gler les probl\u00e8mes avec eux. On prend note de leurs demandes et on voit ce qui est r\u00e9alisable, a expliqu\u00e9 Jo\u00ebl Duyck, maire. Cest la cinqui\u00e8me fois que cette rencontre est organis\u00e9e dans la ville.  Provence-Alpes-C\u00f4te dAzur Corse Auvergne-Rh\u00f4ne-Alpes Grand Est Bourgogne-Franche-Comt\u00e9 Occitanie Nouvelle-Aquitaine Centre-Val de Loire \u00cele-de-France Hauts-de-France Normandie Pays de la Loire Bretagne Salle de lUP Marie Laurent-Avenue Alsace-Lorraine-19000 TULLE Nous voulons expliquer notre m\u00e9tier de forestier en mettant en valeur : Maison des Peuples et de la Paix-50 Rue Herg\u00e9-16000 ANGOULEME. Ouvert toute lann\u00e9e. R\u00e9ception automatique pour les arriv\u00e9es en dehors des horaires daccueil.  \u03b1\u03c4\u03bf\u03bc\u03b9\u03ba\u03cc \u03b2\u03b9\u03b2\u03bb\u03b9\u03ac\u03c1\u03b9\u03bf \u03c5\u03b3\u03b5\u03af\u03b1\u03c2 \u03b5\u03c1\u03b3\u03b1\u03b6\u03bf\u03bc\u03ad\u03bd\u03bf\u03c5 \u0395\u03c1\u03b3\u03b1\u03bb\u03b5\u03af\u03b1 \u03c7\u03b5\u03b9\u03c1\u03cc\u03c2 \u03bf\u03c5\u03ac\u03c1\u03bd\u03c4\u03b1 \u03b3\u03ba\u03bf\u03bb \u03b1\u03b5\u03ba \u03b3\u03b5\u03bc\u03b9\u03c3\u03c4\u03bf \u03c8\u03b1\u03c1\u03bf\u03bd\u03b5\u03c6\u03c1\u03b9 \u03b1\u03c1\u03b3\u03c5\u03c1\u03c9 \u03a6\u03b1\u03bd\u03bf\u03c0\u03bf\u03b9\u03b5\u03af\u03bf \u03ba\u03bf\u03bb\u03c5\u03bc\u03b2\u03b7\u03c4\u03b7\u03c1\u03b9\u03bf \u03bd\u03b5\u03b1 \u03c3\u03bc\u03c5\u03c1\u03bd\u03b7 \u03c7\u03b1\u03c1\u03c4\u03b7\u03c2 Confidentialit\u00e9 Cookies : Ce site utilise des cookies. En continuant \u00e0 utiliser ce site, vous acceptez leur utilisation. <img decoding=\"async\" src=\"http:\/\/www.durrantgs.tk\/wp-content\/uploads\/2018\/03\/elisabeth-levy-sncf-324x235.jpg\" alt=\"parking rencontre correze\" align=\"left\"> les nouvelles techniques de ling\u00e9nieur Andr\u00e9 COYNE, Cette balade se passe dans la vall\u00e9e du Bocq entre Spontin et Purnode. Elle vous emm\u00e8ne \u00e0 travers les bois et les campagnes vers les villages de Durnal et de Dorinne. Vues sur la rivi\u00e8re, la for\u00eat et les hauteurs dor\u00e9navant de plus en plus d\u00e9cor\u00e9es d\u00e9oliennes. Profiter de nombreuses animations confr\u00e9ries, concours bovins, tonte de moutons, chiens de troupeaux, spectacles \u00e9questres, salle de traite avec d\u00e9gustation de lait., R\u00e9gine Elliott, directrice-curatrice de la Cit\u00e9 des Insectes et artiste plasticienne, va encadrer le public et proposer la cr\u00e9ation dune installation qui va se d\u00e9velopper organiquement a.. <img decoding=\"async\" src=\"http:\/\/revmikewilliams.org\/img\/61c12fb8f5b11978ec00136f539c3335.png\" alt=\"parking rencontre correze\" align=\"right\"> parce quil ne d\u00e9rangeait pour ainsi dire personne. \u03a3\u03c7\u03bf\u03bb\u03b9\u03ba\u03bf\u03af \u03c3\u03cd\u03bc\u03b2\u03bf\u03c5\u03bb\u03bf\u03b9 \u03c0\u03c1\u03c9\u03c4\u03bf\u03b2\u03ac\u03b8\u03bc\u03b9\u03b1\u03c2 \u03b5\u03ba\u03c0\u03b1\u03af\u03b4\u03b5\u03c5\u03c3\u03b7\u03c2 \u03b1\u03c4\u03c4\u03b9\u03ba\u03ae\u03c2 \u03c0\u03c1\u03c9\u03c4\u03bf\u03c4\u03c5\u03c0\u03b1 \u03b4\u03c9\u03c1\u03b1 \u03c7\u03c1\u03b9\u03c3\u03c4\u03bf\u03c5\u03b3\u03b5\u03bd\u03bd\u03c9\u03bd \u03b3\u03b9\u03b1 \u03b3\u03c5\u03bd\u03b1\u03b9\u03ba\u03b5\u03c2 \u0391\u03b5\u03c1\u03bf\u03c3\u03c5\u03bc\u03c0\u03b9\u03b5\u03c3\u03c4\u03ad\u03c2 \u03b1\u03b3\u03b3\u03b5\u03bb\u03bf\u03c2 \u03b4\u03b9\u03bf\u03bd\u03c5\u03c3\u03b9\u03bf\u03c5 \u03ba\u03b1\u03b9 \u03c3\u03b1\u03c1\u03b1\u03b2\u03b1\u03ba\u03bf\u03c2 <img decoding=\"async\" src=\"http:\/\/photos.partagimmo.com\/gidaumesnil\/GID411_efb3448845.png\" alt=\"parking rencontre correze\" align=\"left\"> Les march\u00e9s, ces moments o\u00f9 lon part \u00e0 la rencontre des producteurs et artisans pour repartir avec un bout de Corr\u00e8ze avec soi. A Egletons, le march\u00e9, cest le dimanche, sur la place Henri Chapoulie. Un petit march\u00e9 dappoint a \u00e9galement lieu tous les 1ers et 3\u00e8mes vendredis du mois. Et apr\u00e8s? Claude fait le pari que l\u00e9pisode du coronavirus changera in\u00e9vitablement beaucoup de choses. Depuis deux ou trois ans d\u00e9j\u00e0, on sent quil y a une prise de conscience, estime-t-il. S\u00e9lectionner une ou plusieurs listes : Envoi \u00e0 15H jours Envoi dactus JEUDI Envoi dactus LUNDI .<\/p>\n","protected":false},"excerpt":{"rendered":"<p>parking rencontre correze<\/p>\n","protected":false},"author":1,"featured_media":0,"comment_status":"closed","ping_status":"closed","sticky":false,"template":"","format":"standard","meta":{"footnotes":""},"categories":[1],"tags":[],"_links":{"self":[{"href":"http:\/\/intranet.asbl.ca\/blog\/wp-json\/wp\/v2\/posts\/4585"}],"collection":[{"href":"http:\/\/intranet.asbl.ca\/blog\/wp-json\/wp\/v2\/posts"}],"about":[{"href":"http:\/\/intranet.asbl.ca\/blog\/wp-json\/wp\/v2\/types\/post"}],"author":[{"embeddable":true,"href":"http:\/\/intranet.asbl.ca\/blog\/wp-json\/wp\/v2\/users\/1"}],"replies":[{"embeddable":true,"href":"http:\/\/intranet.asbl.ca\/blog\/wp-json\/wp\/v2\/comments?post=4585"}],"version-history":[{"count":1,"href":"http:\/\/intranet.asbl.ca\/blog\/wp-json\/wp\/v2\/posts\/4585\/revisions"}],"predecessor-version":[{"id":4586,"href":"http:\/\/intranet.asbl.ca\/blog\/wp-json\/wp\/v2\/posts\/4585\/revisions\/4586"}],"wp:attachment":[{"href":"http:\/\/intranet.asbl.ca\/blog\/wp-json\/wp\/v2\/media?parent=4585"}],"wp:term":[{"taxonomy":"category","embeddable":true,"href":"http:\/\/intranet.asbl.ca\/blog\/wp-json\/wp\/v2\/categories?post=4585"},{"taxonomy":"post_tag","embeddable":true,"href":"http:\/\/intranet.asbl.ca\/blog\/wp-json\/wp\/v2\/tags?post=4585"}],"curies":[{"name":"wp","href":"https:\/\/api.w.org\/{rel}","templated":true}]}}