{"id":4651,"date":"2020-09-29T10:17:47","date_gmt":"2020-09-29T10:17:47","guid":{"rendered":"http:\/\/intranet.asbl.ca\/blog\/?p=4651"},"modified":"2020-09-23T13:17:44","modified_gmt":"2020-09-23T13:17:44","slug":"rencontre-annuelle-musulmans-limoges","status":"publish","type":"post","link":"http:\/\/intranet.asbl.ca\/blog\/2020\/09\/29\/rencontre-annuelle-musulmans-limoges\/","title":{"rendered":"Rencontre Annuelle Musulmans Limoges"},"content":{"rendered":"<p>2003b Fa\u00e7ons de parler, Paris, \u00c9ditions de Minuit.  La Corr\u00e8ze de Pierre BERGOUNIOUX: de lexp\u00e9rience sensible du paysage \u00e0 la naissance de l\u00e9criture Il est lauteur de LA R\u00c9PUBLIQUE IMP\u00c9RIALE, POLITIQUE ET RACISME DETAT, Fayard, 2009, Limoges, ville dart et dhistoire, Paris, ADD, 2009, 158 p. Le r\u00e9seau des biblioth\u00e8ques municipales de Limoges, qui comprend cinq biblioth\u00e8ques de quartier, b\u00e9n\u00e9ficie dun site de tout premier plan en centre-ville avec la, structure labellis\u00e9e Biblioth\u00e8que Municipale \u00e0 Vocation R\u00e9gionale par le. Limoges est, avec et, lune des rares villes fran\u00e7aises de plus de 100 000 habitants o\u00f9 linscription et le pr\u00eat sont gratuits pour lutilisateur car int\u00e9gralement financ\u00e9s par le contribuable au titre des imp\u00f4ts locaux.Il est a noter que depuis le changement de majorit\u00e9 municipale, cette gratuit\u00e9 est limit\u00e9e aux r\u00e9sidents de la ville de Limoges. Pour les autres une cotisation de 25 par an a \u00e9t\u00e9 institu\u00e9e. Jeudi 25 janvier, ATTENTION, \u00e0 la Facult\u00e9 de droit, site Forum, rue F\u00e9lix Ebou\u00e9, \u00e0 17h 15 17h30 : salle Joseph Storck : modification des statuts. Jacques Levet, nouveau Pr\u00e9sident de la section parisienne de lassociation histoire secr\u00e8te de la monnaie, par David BARRET Universitaire, Professeur de chaire sup\u00e9rieure en classes pr\u00e9paratoires \u00e0 lENS <img decoding=\"async\" src=\"http:\/\/puortaldovt.cf\/cache\/avatars\/163649_1523920724_fr.png\" alt=\"rencontre annuelle musulmans limoges\" align=\"right\"> Lorigine de la fortune de Laglue? Personne ne la conna\u00eet tr\u00e8s bien. Il a \u00e9t\u00e9 m\u00eal\u00e9 \u00e0 diverses sp\u00e9culations financi\u00e8res. Mais il est tr\u00e8s riche. L\u00e9normit\u00e9 de sa fortune dispense ses familiers, amis et parents, davoir \u00e0 se pr\u00e9occuper de son honorabilit\u00e9. Lhonn\u00eatet\u00e9 ne peut \u00eatre exig\u00e9e que chez les pauvres. On est bien trop heureux quun parent riche veuille bien vous faire le grand honneur de vous rendre visite et de sasseoir \u00e0 votre table. <img decoding=\"async\" src=\"http:\/\/en.inrs.fr\/dms\/inrs\/img\/hp\/june2018\/27-06-2018-chemical-safety-cards.jpg\/27-06-2018-chemical-safety-cards.jpg\" alt=\"rencontre annuelle musulmans limoges\" align=\"left\"> Je suis ing\u00e9nieur g\u00e9n\u00e9ral de larmement, mari\u00e9, p\u00e8re de cinq enfants et deux fois grand p\u00e8re. Je suis officier de la L\u00e9gion dHonneur, commandeur de lOrdre national du M\u00e9rite et titulaire de la M\u00e9daille de la\u00e9ronautique. 4Deux types de musiques seront analys\u00e9s : religieuses et urbaines. Le premier concerne les comptines \u00e0 destination des jeunes enfants dans l\u00e9ducation islamique et les anasheed des po\u00e8mes musulmans musicaux. Je mint\u00e9resserai aussi aux musiques urbaines crois\u00e9es sur la toile produites par des groupes de rap et de RnB se pr\u00e9sentant comme musulmans, cest-\u00e0-dire portant un message li\u00e9 \u00e0 lislam. Le corpus, qui rassemble des clips musicaux produits en France et circulant sur Internet YouTube et Dailymotion, a \u00e9t\u00e9 constitu\u00e9 afin de saisir, apr\u00e8s sa contextualisation, les modalit\u00e9s de r\u00e9ception des internautes ; il est compl\u00e9t\u00e9 par lanalyse de commentaires sur des blogs, pages Facebook et sites de distributions marchandes. \u039f\u03c5\u03c1\u03b1\u03bd\u03bf \u03c3\u03c4\u03bf\u03bd \u03c3\u03ba\u03bf\u03c1\u03c0\u03b9\u03bf \u03c0\u03c1\u03b1\u03ba\u03c4\u03b9\u03ba\u03b7 \u03b1\u03c3\u03ba\u03b7\u03c3\u03b7 \u03c4\u03b5\u03b9 \u03b1\u03b8\u03b7\u03bd\u03b1\u03c2 \u03bf\u03b1\u03b5\u03b4 0 out of 5 \u03b5\u03b3\u03ba\u03b1\u03c4\u03b1\u03bb\u03b5\u03bb\u03b5\u03b9\u03bc\u03b5\u03bd\u03b1 \u03c3\u03c0\u03b9\u03c4\u03b9\u03b1 \u03ba\u03b7\u03c6\u03b9\u03c3\u03b9\u03b1 \u03c4\u03b5\u03bb\u03b5\u03c5\u03c4\u03b1\u03b9\u03b1 \u03b5\u03be\u03bf\u03b4\u03bf\u03c2 \u03c4\u03b1\u03b9\u03bd\u03b9\u03b1 6.40 \u03c0\u03b9\u03bb\u03b9\u03bd\u03b3\u03ba \u03bc\u03b5 \u03bf\u03be\u03b5\u03b1 \u03c6\u03c1\u03bf\u03c5\u03c4\u03c9\u03bd \u03c0\u03b1\u03c1\u03b5\u03bd\u03b5\u03c1\u03b3\u03b5\u03b9\u03b5\u03c2 \u03bc\u03b5 \u03a6\u03a0\u0391 du Clos Luc\u00e9 et des jardins voir rubrique sorties Les lignes urbaines r\u00e9guli\u00e8res, dont cinq par trolleybus, sont exploit\u00e9es par la STCL. Elles desservent, outre Limoges, Condat-sur-Vienne, Feytiat, Isle, Le Palais-sur-Vienne, Panazol, Boisseuil, Rilhac-Rancon, Saint-Just-le-Martel et Verneuil-sur-Vienne. Et le transmettre, par Christophe et Aurore BONEVAY. Tribunal administratif de Limoges, 2 octobre 2014, SAS Solar enviro partners, n. Pr\u00e9sident : Mme Jayat. Rapporteur : M Panighel. Rapporteur public : M Debrion. Saisi dun recours dirig\u00e9 contre un arr\u00eat\u00e9 du pr\u00e9fet de lIndre refusant daccorder \u00e0 la soci\u00e9t\u00e9 Solar enviro partners un permis de construire pour la cr\u00e9ation dune centrale photovolta\u00efque sur le territoire de la commune de Prissac, le tribunal a annul\u00e9 le refus de permis. Pour ce faire, il a estim\u00e9 que le pr\u00e9fet avait fait une inexacte application des dispositions de larticle R. 111-14 du code de lurbanisme qui pr\u00e9voit notamment quun projet peut \u00eatre refus\u00e9 sil est de nature \u00e0 compromettre lactivit\u00e9 agricole. En lesp\u00e8ce, la juridiction a consid\u00e9r\u00e9 que, compte tenu de ses caract\u00e9ristiques, le projet envisag\u00e9 par la soci\u00e9t\u00e9 Solar enviro patners \u00e9tait parfaitement compatible avec la poursuite dune activit\u00e9 agricole, et plus particuli\u00e8rement celle dun \u00e9levage ovin. Le tribunal a ensuite enjoint au pr\u00e9fet de r\u00e9examiner la demande de permis de construire pr\u00e9sent\u00e9e par la soci\u00e9t\u00e9. <img decoding=\"async\" src=\"http:\/\/www.heart.silvercreekdental.biz\/Portals\/69\/Images\/Lensotel.jpg\" alt=\"rencontre annuelle musulmans limoges\" align=\"center\">  La chapelle Notre-Dame de la Pr\u00e9servation, boulevard de la Corderie.  \u03c4\u03c1\u03af\u03b3\u03c9\u03bd\u03b1 \u03c0\u03b1\u03bd\u03bf\u03c1\u03ac\u03bc\u03b1\u03c4\u03bf\u03c2 \u03b1\u03c1\u03b3\u03c5\u03c1\u03ce \u0394\u03b5\u03bd \u03c5\u03c0\u03ac\u03c1\u03c7\u03b5\u03b9 \u03ba\u03b1\u03bc\u03af\u03b1 \u03b1\u03be\u03b9\u03bf\u03bb\u03cc\u03b3\u03b7\u03c3\u03b7 \u03b1\u03ba\u03cc\u03bc\u03b7. A partir de t\u00e9moignages \u00e9crits des rescap\u00e9es, dont celui de la grand-m\u00e8re.<\/p>\n","protected":false},"excerpt":{"rendered":"<p>rencontre annuelle musulmans limoges<\/p>\n","protected":false},"author":1,"featured_media":0,"comment_status":"closed","ping_status":"closed","sticky":false,"template":"","format":"standard","meta":{"footnotes":""},"categories":[1],"tags":[],"_links":{"self":[{"href":"http:\/\/intranet.asbl.ca\/blog\/wp-json\/wp\/v2\/posts\/4651"}],"collection":[{"href":"http:\/\/intranet.asbl.ca\/blog\/wp-json\/wp\/v2\/posts"}],"about":[{"href":"http:\/\/intranet.asbl.ca\/blog\/wp-json\/wp\/v2\/types\/post"}],"author":[{"embeddable":true,"href":"http:\/\/intranet.asbl.ca\/blog\/wp-json\/wp\/v2\/users\/1"}],"replies":[{"embeddable":true,"href":"http:\/\/intranet.asbl.ca\/blog\/wp-json\/wp\/v2\/comments?post=4651"}],"version-history":[{"count":1,"href":"http:\/\/intranet.asbl.ca\/blog\/wp-json\/wp\/v2\/posts\/4651\/revisions"}],"predecessor-version":[{"id":4652,"href":"http:\/\/intranet.asbl.ca\/blog\/wp-json\/wp\/v2\/posts\/4651\/revisions\/4652"}],"wp:attachment":[{"href":"http:\/\/intranet.asbl.ca\/blog\/wp-json\/wp\/v2\/media?parent=4651"}],"wp:term":[{"taxonomy":"category","embeddable":true,"href":"http:\/\/intranet.asbl.ca\/blog\/wp-json\/wp\/v2\/categories?post=4651"},{"taxonomy":"post_tag","embeddable":true,"href":"http:\/\/intranet.asbl.ca\/blog\/wp-json\/wp\/v2\/tags?post=4651"}],"curies":[{"name":"wp","href":"https:\/\/api.w.org\/{rel}","templated":true}]}}