{"id":4663,"date":"2020-09-29T22:01:33","date_gmt":"2020-09-29T22:01:33","guid":{"rendered":"http:\/\/intranet.asbl.ca\/blog\/?p=4663"},"modified":"2020-09-23T13:39:58","modified_gmt":"2020-09-23T13:39:58","slug":"rencontre-publique-avec-jean-luc-godard","status":"publish","type":"post","link":"http:\/\/intranet.asbl.ca\/blog\/2020\/09\/29\/rencontre-publique-avec-jean-luc-godard\/","title":{"rendered":"Rencontre Publique Avec Jean-Luc Godard"},"content":{"rendered":"<p><img decoding=\"async\" src=\"http:\/\/www.debordements.fr\/IMG\/jpg\/1424390_1402400473330604_2099397327_n.jpg\" alt=\"rencontre publique avec jean-luc godard\" align=\"right\"> par une comparaison d\u00e9velopp\u00e9e, mais surtout reconvertie pour montrer Lannonce du retour de Godard au cin\u00e9ma de fiction ainsi quune Jean-Luc Godard : sa requ\u00eate morbide et surprenante \u00e0 Lib\u00e9ration-Voici quiz Created with Sketch. D47C55D3-60D8-4DCF-9056-19690A55A551 Created with sketchtool. <img decoding=\"async\" src=\"http:\/\/fr.web.img2.acsta.net\/r_1920_1080\/pictures\/15\/10\/09\/10\/02\/123711.jpg\" alt=\"rencontre publique avec jean-luc godard\" align=\"center\"> Dans cette petite maison qui est un domicile, un plateau, un studio et une remise technique, on trouve essentiellement, outre le n\u00e9cessaire domestique, des reproductions de tableaux affich\u00e9es sur les murs, des livres souvent pos\u00e9s en pile par terre Voil\u00e0 mes sources, h\u00e9 h\u00e9 et, contrastant avec la sobri\u00e9t\u00e9 g\u00e9n\u00e9rale, une profusion baroque, luxuriante, de mat\u00e9riel dernier cri. Rien de spectaculaire, \u00e0 part la taille de certains \u00e9crans plasma, mais une quantit\u00e9 incroyable de petites choses high-tech qui constellent \u00e9tag\u00e8res et placards : cam\u00e9ras flip-flop et cam\u00e9ras go-pro, smartphones vid\u00e9o, petits et grands appareils photos-vid\u00e9o, ordinateurs Et tous en plusieurs exemplaires, align\u00e9s, num\u00e9rot\u00e9s. Chacun de ces \u00e9quipements est amen\u00e9 \u00e0 jouer son r\u00f4le dans le chaudron num\u00e9rique o\u00f9 salchimise Adieu au langage. Un peu comme avec des instruments de musique, Godard jongle avec les objectifs, chacun exprimant sa couleur dans la partition finale, \u00e0 sa fa\u00e7on symphonique. Battaggia estime que les neuf dixi\u00e8mes du film seront en 3D, obtenue selon plusieurs proc\u00e9d\u00e9s.  En 1984 Fran\u00e7ois Truffaut meurt et Godard na plus \u00e0 se disputer  Manifestement, lenjeu de ces man\u0153uvres nest pas de forger un style plus Avec dautres cin\u00e9astes comme Philippe Garrel et Chris Marker, il participe aux \u00e9v\u00e9nements de mai 68 en suivant et filmant les manifestations dune part, en participant aux \u00c9tats g\u00e9n\u00e9raux du cin\u00e9ma fran\u00e7ais \u00e0 l\u00c9cole technique de photographie et de cin\u00e9ma de la rue de Vaugirard et \u00e0 lIDHEC et enfin en exigeant avec Fran\u00e7ois Truffaut, Alain Resnais, Claude Lelouch, Louis Malle et dautres, larr\u00eat du festival de Cannes en citation. Avec Chris Marker, il participe \u00e0 la confection de cin\u00e9tracts, de courts films de 3 minutes m\u00ealant des slogans r\u00e9volutionnaires avec des images des manifestations ou des d\u00e9tournements dimages publicitaires. Mais mai 68 cest aussi le moment dune d\u00e9ception pour Godard qui se d\u00e9tache du mouvement des cin\u00e9astes et ne participe pas \u00e0 la cr\u00e9ation de la Soci\u00e9t\u00e9 des r\u00e9alisateurs de films. Enfin, cest aussi le moment o\u00f9 Godard remet en cause sa notori\u00e9t\u00e9 et souhaite redevenir anonyme. Il remet aussi en cause la notion dauteur quil avait d\u00e9fendue quand il \u00e9tait critique au Cahiers du cin\u00e9ma. LIEN HYPERTEXTE Si votre message se r\u00e9f\u00e8re \u00e0 un article publi\u00e9 sur le Web, ou \u00e0 une page fournissant plus dinformations, vous pouvez indiquer ci-apr\u00e8s le titre de la page et son adresse. Tome 1, Paris, Klincksieck, collection Esth\u00e9tique, 1968, p. 39-93. En Douglas Morrey, Jean-Luc Godard,, coll. French Film Directors, 2005, 304 p. N\u00e9 le 3 d\u00e9cembre 1930 \u00e0 Paris, Jean-Luc Godard est un cin\u00e9aste franco-suisse extr\u00eamement prolifique qui sest tr\u00e8s vite impos\u00e9 comme lun des r\u00e9alisateurs les plus dou\u00e9s de sa g\u00e9n\u00e9ration. Passionn\u00e9 dart et amoureux du beau, il essaie, \u00e0 linstar dun peintre, de repr\u00e9senter la nature la plus fid\u00e8lement possible. Cercle de Minuit. Il se livre \u00e0 un premier exercice constitu\u00e9 <img decoding=\"async\" src=\"http:\/\/www.premiere.fr\/sites\/default\/files\/styles\/scale_crop_1920x1080\/public\/2018-05\/Morceaux-De-Conversations-Avec-Jean-Luc-Godard.jpg\" alt=\"rencontre publique avec jean-luc godard\" align=\"right\">, \u00e9mission de, diffusion du 12 au 16 septembre 2011 de 22 h 15 \u00e0 23 h.  Conversations autour de loeuvre de Jean-Luc Godard, anim\u00e9es par Camille Louis dramaturge et philosophe Les Inrocks lancent des s\u00e9ries consacr\u00e9es aux grandes figures suivies par le magazine depuis des ann\u00e9es, voire des d\u00e9cennies. Apr\u00e8s, ou, voici notre s\u00e9rie consacr\u00e9e \u00e0 limmense Jean Luc Godard, \u00e0 loccasion de la diffusion de son film, Le Livre dimage, sur arte.tv. A la fois cin\u00e9aste r\u00e9v\u00e9r\u00e9 et artiste total, il a \u00e9t\u00e9 de ceux qui nous ont toujours accompagn\u00e9s.<\/p>\n","protected":false},"excerpt":{"rendered":"<p>rencontre publique avec jean-luc godard<\/p>\n","protected":false},"author":1,"featured_media":0,"comment_status":"closed","ping_status":"closed","sticky":false,"template":"","format":"standard","meta":{"footnotes":""},"categories":[1],"tags":[],"_links":{"self":[{"href":"http:\/\/intranet.asbl.ca\/blog\/wp-json\/wp\/v2\/posts\/4663"}],"collection":[{"href":"http:\/\/intranet.asbl.ca\/blog\/wp-json\/wp\/v2\/posts"}],"about":[{"href":"http:\/\/intranet.asbl.ca\/blog\/wp-json\/wp\/v2\/types\/post"}],"author":[{"embeddable":true,"href":"http:\/\/intranet.asbl.ca\/blog\/wp-json\/wp\/v2\/users\/1"}],"replies":[{"embeddable":true,"href":"http:\/\/intranet.asbl.ca\/blog\/wp-json\/wp\/v2\/comments?post=4663"}],"version-history":[{"count":1,"href":"http:\/\/intranet.asbl.ca\/blog\/wp-json\/wp\/v2\/posts\/4663\/revisions"}],"predecessor-version":[{"id":4664,"href":"http:\/\/intranet.asbl.ca\/blog\/wp-json\/wp\/v2\/posts\/4663\/revisions\/4664"}],"wp:attachment":[{"href":"http:\/\/intranet.asbl.ca\/blog\/wp-json\/wp\/v2\/media?parent=4663"}],"wp:term":[{"taxonomy":"category","embeddable":true,"href":"http:\/\/intranet.asbl.ca\/blog\/wp-json\/wp\/v2\/categories?post=4663"},{"taxonomy":"post_tag","embeddable":true,"href":"http:\/\/intranet.asbl.ca\/blog\/wp-json\/wp\/v2\/tags?post=4663"}],"curies":[{"name":"wp","href":"https:\/\/api.w.org\/{rel}","templated":true}]}}