{"id":4671,"date":"2020-09-29T15:53:36","date_gmt":"2020-09-29T15:53:36","guid":{"rendered":"http:\/\/intranet.asbl.ca\/blog\/?p=4671"},"modified":"2020-09-23T13:56:42","modified_gmt":"2020-09-23T13:56:42","slug":"rencontre-professionnelle-lyon","status":"publish","type":"post","link":"http:\/\/intranet.asbl.ca\/blog\/2020\/09\/29\/rencontre-professionnelle-lyon\/","title":{"rendered":"Rencontre Professionnelle Lyon"},"content":{"rendered":"<p>INSEEC U. Est une institution priv\u00e9e denseignement sup\u00e9rieur et de recherche interdisciplinaire, implant\u00e9e \u00e0 Paris, Lyon, Bordeaux et Chamb\u00e9ry. Surdou\u00e9s Hypersensibles Aspies Philo-cognitifs Hauts Potentiels Z\u00e8bres repr\u00e9sent\u00e9s et jai eu loccasion de rencontrer un agent ce qui \u00e9tait mon but \u00c9v\u00e9nement r\u00e9gional de r\u00e9f\u00e9rence dans lunivers de la beaut\u00e9 globale, r\u00e9v\u00e9lateur de nouvelles marques et tendances, Beaut\u00e9 S\u00e9lection Strasbourg est une v\u00e9ritable vitrine du savoir-faire professionnel. Un programme artistique de qualit\u00e9 et de nombreux concours pour d\u00e9voiler les jeunes talents r\u00e9gionaux. La prochaine \u00e9dition 6\u00e8me des Rencontres Handiagora organis\u00e9e par Handiagora, le magazine Handirect et lAssociation Handi-Sup Auvergne EST REPORTEE AU 22 OCTOBRE 2020 \u00e0 lEspace T\u00eate dOr, 103 Boulevard Stalingrad \u00e0 Villeurbanne. Notre ambition est de vous accompagner avec comp\u00e9tence, \u00c0 lheure o\u00f9 la relance de l\u00e9conomie est pr\u00e9texte pour demander toujours plus de sacrifices aux salari\u00e9s, la CGT propose de sortir de cette crise en transformant profond\u00e9ment notre mod\u00e8le de Rencontres Nationales de lExpertise Immobili\u00e8re-Edilaix Le Casino le Pharaon situ\u00e9 \u00e0 la Cit\u00e9 Internationale vous accueille tous les jours de 10h \u00e0 4h du matin afin que vous puissiez profiter pleinement de ses machines \u00e0 sous, de ses jeux traditionnels, de sa Poker Room ainsi que de son nouveau Restaurant LAcacia et de ses nombreuses animations et spectacles. Gestes \u00e0 adopter, risques rencontr\u00e9s, consignes \u00e0 diffuser Face \u00e0 la pand\u00e9mie de Covid-19, les entreprises du BTP sont nombreuses \u00e0 faire appel \u00e0 notre service Pr\u00e9ventionBTP En Direct. Nous vous proposons une s\u00e9lection de leurs questions. D\u00e9claration 2042 revenus 2019-Arapl Info-Mai 2020 Cette journ\u00e9e professionnelle sera la troisi\u00e8me \u00e9tape du Tour denfance, s\u00e9rie de rendez-vous th\u00e9matiques initi\u00e9e par lassociation Sc\u00e8nes denfance ASSITEJ France en partenariat avec les plateformes et r\u00e9seaux jeune public des territoires de m\u00e9tropole et outre-mer. Parrain\u00e9 par le minist\u00e8re de la Culture, le Tour denfance a pour objectif de mettre en lumi\u00e8re les dynamiques territoriales et les enjeux de la cr\u00e9ation jeune public. Mercredi 16 mai  Le Bachelor en alternance Gestion et N\u00e9gociation Immobili\u00e8res pr\u00e9pare \u00e0 des postes op\u00e9rationnels, directement accessibles apr\u00e8s la formation. Il vous permettra \u00e9galement dint\u00e9grer le Cycle Mast\u00e8re Professionnel de lIMSI pour vous ouvrir \u00e0 des fonctions manag\u00e9riales. <img decoding=\"async\" src=\"http:\/\/www.life.alwaysgreatsmile.com\/wp-content\/uploads\/2017\/06\/30-06-17-Hubert-Glotz-entour%C3%A9-de-ses-%C3%A9l%C3%A8ves-1000x600.jpg\" alt=\"rencontre professionnelle lyon\" align=\"left\">  <img decoding=\"async\" src=\"http:\/\/www.rwearguard.cf\/wp-content\/uploads\/2018\/01\/D%C3%A9finition-carte-professionnelle-immobilier-485x300.jpg\" alt=\"rencontre professionnelle lyon\" align=\"left\">  Il a beau avoir provoqu\u00e9 lun des pires accidents de cette ann\u00e9e dans la nuit <img decoding=\"async\" src=\"http:\/\/www.avn-france.com\/News\/files\/Info\/image\/medium\/78364e1b73e594c30279fe18ca95bdd7.jpg\" alt=\"rencontre professionnelle lyon\" align=\"left\"> 12 juin 2020 Dispositif dall\u00e8gement du paiement de la cotisation fonci\u00e8re des entreprises CFE Catherine Pacoret, conseill\u00e8re d\u00e9l\u00e9gu\u00e9e au patrimoine \u00e0 la R\u00e9gion Auvergne-Rh\u00f4ne-Alpes sous r\u00e9serve Pour plus dinformations sur le Salon Studyrama des Formations Tourisme et H\u00f4tellerie-Restauration, rendez-vous.<\/p>\n","protected":false},"excerpt":{"rendered":"<p>rencontre professionnelle lyon<\/p>\n","protected":false},"author":1,"featured_media":0,"comment_status":"closed","ping_status":"closed","sticky":false,"template":"","format":"standard","meta":{"footnotes":""},"categories":[1],"tags":[],"_links":{"self":[{"href":"http:\/\/intranet.asbl.ca\/blog\/wp-json\/wp\/v2\/posts\/4671"}],"collection":[{"href":"http:\/\/intranet.asbl.ca\/blog\/wp-json\/wp\/v2\/posts"}],"about":[{"href":"http:\/\/intranet.asbl.ca\/blog\/wp-json\/wp\/v2\/types\/post"}],"author":[{"embeddable":true,"href":"http:\/\/intranet.asbl.ca\/blog\/wp-json\/wp\/v2\/users\/1"}],"replies":[{"embeddable":true,"href":"http:\/\/intranet.asbl.ca\/blog\/wp-json\/wp\/v2\/comments?post=4671"}],"version-history":[{"count":1,"href":"http:\/\/intranet.asbl.ca\/blog\/wp-json\/wp\/v2\/posts\/4671\/revisions"}],"predecessor-version":[{"id":4672,"href":"http:\/\/intranet.asbl.ca\/blog\/wp-json\/wp\/v2\/posts\/4671\/revisions\/4672"}],"wp:attachment":[{"href":"http:\/\/intranet.asbl.ca\/blog\/wp-json\/wp\/v2\/media?parent=4671"}],"wp:term":[{"taxonomy":"category","embeddable":true,"href":"http:\/\/intranet.asbl.ca\/blog\/wp-json\/wp\/v2\/categories?post=4671"},{"taxonomy":"post_tag","embeddable":true,"href":"http:\/\/intranet.asbl.ca\/blog\/wp-json\/wp\/v2\/tags?post=4671"}],"curies":[{"name":"wp","href":"https:\/\/api.w.org\/{rel}","templated":true}]}}